{"id":32817,"date":"2025-04-18T01:09:12","date_gmt":"2025-04-18T01:09:12","guid":{"rendered":"https:\/\/www.europesays.com\/fr\/32817\/"},"modified":"2025-04-18T01:09:12","modified_gmt":"2025-04-18T01:09:12","slug":"un-millier-de-triathletes-vont-envahir-le-mourillon-a-toulon-ce-dimanche-plusieurs-routes-fermees","status":"publish","type":"post","link":"https:\/\/www.europesays.com\/fr\/32817\/","title":{"rendered":"Un millier de triathl\u00e8tes vont envahir le Mourillon \u00e0 Toulon ce dimanche, plusieurs routes ferm\u00e9es"},"content":{"rendered":"<p>Pour cette nouvelle \u00e9dition, le triathlon de Toulon fait peau neuve. Rebaptis\u00e9 TriTour (1), il comportera cette ann\u00e9e deux formats (contre trois auparavant) avec des capacit\u00e9s augment\u00e9es.<\/p>\n<p>En tout, pr\u00e8s de 1.000 participants s\u2019\u00e9lanceront de l\u2019anse des Pins, au Mourillon, ce dimanche 20 avril. \u00ab\u00a0Les inscriptions sont compl\u00e8tes depuis plusieurs semaines, s\u2019enchante Audrey Legris, cofondatrice de Meed Events, qui organise l\u2019\u00e9v\u00e9nement. On met toutefois en place une revente des dossards avec une liste d\u2019attente, sur le site Internet TimePulse, pour les personnes qui se seraient bless\u00e9es, par exemple.\u00a0\u00bb<\/p>\n<p>Magaud, Pipady\u2026 Le d\u00e9tail du trac\u00e9<\/p>\n<p>Les sportifs engag\u00e9s dans le format M devront parcourir 1,5km \u00e0 la nage, 40km \u00e0 v\u00e9lo et 10km \u00e0 pied, avec un d\u00e9part fix\u00e9 \u00e0 8h. Les distances seront divis\u00e9es par deux pour les comp\u00e9titeurs du format S, plus rapide et intense, qui plongeront dans les eaux toulonnaises quinze minutes apr\u00e8s. \u00ab\u00a0Ils longeront les digues des plages du Mourillon, ce qui permettra aux spectateurs de voir les nageurs de pr\u00e8s\u00a0\u00bb, pr\u00e9cise Audrey Legris.<\/p>\n<p>Lors des deux autres parties de l\u2019\u00e9preuve (nage et course \u00e0 pied), c\u2019est un m\u00eame trac\u00e9 qui attendra les triathl\u00e8tes, le nombre de boucles variant en fonction de la cat\u00e9gorie. Une fois le v\u00e9lo enfourch\u00e9, tous devront ainsi gagner le rond-point de Magaud, avant de repartir vers l\u2019entr\u00e9e du boulevard Cuneo, puis de revenir vers le parking du centre municipal de voile, \u00e0 l\u2019est des plages du Mourillon, o\u00f9 se situera le village d\u2019information et d\u2019animations (2). Enfin, baskets chauss\u00e9es, ils effectueront leurs premi\u00e8res foul\u00e9es sur la promenade des plages du Mourillon, pour rallier le port Saint-Louis, longer le boulevard Cuneo, passer pr\u00e8s de la Tour Royale, emprunter le chemin de la Pin\u00e8de et trouver sur leur route l\u2019entr\u00e9e du sentier du littoral, avant de finalement rejoindre le point de d\u00e9part.<\/p>\n<p>Le littoral Fr\u00e9d\u00e9ric-Mistral boucl\u00e9 de 8h \u00e0 10h30<\/p>\n<p>Au vu de l\u2019organisation d\u2019ampleur qu\u2019il exige, cet \u00e9v\u00e9nement sportif du dimanche de P\u00e2ques, port\u00e9 par l\u2019ASPTT Toulon natation, va n\u00e9anmoins entra\u00eener quelques perturbations pour les usagers de la route.<\/p>\n<p>La partie cyclisme n\u00e9cessitera en effet la fermeture \u00e0 la circulation du littoral Fr\u00e9d\u00e9ric-Mistral et de la corniche du G\u00e9n\u00e9ral-de-Gaulle. Entre 8h et 10h30, ces deux grands axes du sud de Toulon ne seront pas accessibles aux automobilistes. \u00ab\u00a0La r\u00e9ouverture se fera progressivement, apr\u00e8s 10h30, lorsque les cyclistes termineront leur tour\u00a0\u00bb, informe l\u2019organisation.<\/p>\n<p>D\u00e8s lors, comment se rendre aux plages du Mourillon en voiture, ce dimanche matin? Deux itin\u00e9raires s\u2019offrent \u00e0 vous: descendre le boulevard Sainte-H\u00e9l\u00e8ne et se laisser guider jusqu\u2019au grand parking par les b\u00e9n\u00e9voles pr\u00e9sents, ou bien emprunter l\u2019avenue Louis-Sorel.<\/p>\n<p>La manifestation devrait se finir aux environs de 13h, au terme d\u2019une longue matin\u00e9e d\u2019efforts et de spectacle.<\/p>\n<p>1. En r\u00e9f\u00e9rence aux diff\u00e9rentes tours qui veillent sur le Mourillon.<\/p>\n<p>2. Un \u00e9cran g\u00e9ant y retransmettra la course en direct et plusieurs stands seront install\u00e9s, du samedi apr\u00e8s-midi au dimanche apr\u00e8s-midi. Plus haut, du c\u00f4t\u00e9 du rond-point du 18 juin 1940, un camion Mistral FM assurera l\u2019ambiance pendant le passage des v\u00e9los.<\/p>\n","protected":false},"excerpt":{"rendered":"Pour cette nouvelle \u00e9dition, le triathlon de Toulon fait peau neuve. Rebaptis\u00e9 TriTour (1), il comportera cette ann\u00e9e&hellip;\n","protected":false},"author":2,"featured_media":32818,"comment_status":"","ping_status":"","sticky":false,"template":"","format":"standard","meta":{"footnotes":""},"categories":[9619],"tags":[1111,11,1777,674,1011,27,12,882,25,60,2310,10997,3366],"class_list":{"0":"post-32817","1":"post","2":"type-post","3":"status-publish","4":"format-standard","5":"has-post-thumbnail","7":"category-toulon","8":"tag-actu","9":"tag-actualites","10":"tag-eu","11":"tag-europe","12":"tag-fr","13":"tag-france","14":"tag-news","15":"tag-provence-alpes-cote-dazur","16":"tag-republique-francaise","17":"tag-sports","18":"tag-toulon","19":"tag-triathlon","20":"tag-vie-locale"},"share_on_mastodon":{"url":"https:\/\/pubeurope.com\/@fr\/114356300328224429","error":""},"_links":{"self":[{"href":"https:\/\/www.europesays.com\/fr\/wp-json\/wp\/v2\/posts\/32817","targetHints":{"allow":["GET"]}}],"collection":[{"href":"https:\/\/www.europesays.com\/fr\/wp-json\/wp\/v2\/posts"}],"about":[{"href":"https:\/\/www.europesays.com\/fr\/wp-json\/wp\/v2\/types\/post"}],"author":[{"embeddable":true,"href":"https:\/\/www.europesays.com\/fr\/wp-json\/wp\/v2\/users\/2"}],"replies":[{"embeddable":true,"href":"https:\/\/www.europesays.com\/fr\/wp-json\/wp\/v2\/comments?post=32817"}],"version-history":[{"count":0,"href":"https:\/\/www.europesays.com\/fr\/wp-json\/wp\/v2\/posts\/32817\/revisions"}],"wp:featuredmedia":[{"embeddable":true,"href":"https:\/\/www.europesays.com\/fr\/wp-json\/wp\/v2\/media\/32818"}],"wp:attachment":[{"href":"https:\/\/www.europesays.com\/fr\/wp-json\/wp\/v2\/media?parent=32817"}],"wp:term":[{"taxonomy":"category","embeddable":true,"href":"https:\/\/www.europesays.com\/fr\/wp-json\/wp\/v2\/categories?post=32817"},{"taxonomy":"post_tag","embeddable":true,"href":"https:\/\/www.europesays.com\/fr\/wp-json\/wp\/v2\/tags?post=32817"}],"curies":[{"name":"wp","href":"https:\/\/api.w.org\/{rel}","templated":true}]}}