{"id":328173,"date":"2025-08-19T00:12:24","date_gmt":"2025-08-19T00:12:24","guid":{"rendered":"https:\/\/www.europesays.com\/fr\/328173\/"},"modified":"2025-08-19T00:12:24","modified_gmt":"2025-08-19T00:12:24","slug":"accord-commercial-ue-etats-unis-presque-une-humiliation-pour-le-president-du-medef-actualites","status":"publish","type":"post","link":"https:\/\/www.europesays.com\/fr\/328173\/","title":{"rendered":"Accord commercial UE-Etats-Unis : \u201cPresque une humiliation\u201d pour le pr\u00e9sident du Medef : Actualit\u00e9s"},"content":{"rendered":"<p class=\"lead \"><strong>Au lendemain de la signature de l\u2019accord commercial entre l\u2019Union europ\u00e9enne et les \u00c9tats-Unis, Patrick Martin, le pr\u00e9sident du Medef, a fait part de son indignation face \u00e0 ce trait\u00e9 qu\u2019il juge \u00ab\u00a0inadmissible\u00a0\u00bb.<\/strong><\/p>\n<p class=\"lead \">Des mois entiers de tractations ont finalement abouti \u00e0 un \u00ab\u00a0jour sombre\u00a0\u00bb. C\u2019est le terme employ\u00e9 par Patrick Martin, le pr\u00e9sident du Medef, le premier syndicat patronal fran\u00e7ais, au micro de <a href=\"https:\/\/www.bfmtv.com\/economie\/presque-une-humiliation-le-president-du-medef-s-indigne-de-l-accord-commercial-signe-entre-les-etats-unis-et-l-union-europeennee_AV-202507280518.html\" target=\"_blank\" rel=\"nofollow noopener\">BFMTV<\/a> pour qualifier l\u2019accord commercial sur les droits de douane sign\u00e9 dimanche 27 juillet par l\u2019Union europ\u00e9enne et les \u00c9tats-Unis. \u00ab\u00a0Il rel\u00e8ve presque de l\u2019humiliation\u00a0\u00bb avance-t-il apr\u00e8s la rencontre entre la pr\u00e9sidente de la Commission europ\u00e9enne, Ursula von der Leyen, et le pr\u00e9sident am\u00e9ricain Donald Trump, en \u00c9cosse pour finaliser l\u2019accord alors que celui-ci y \u00e9tait venu jouer au golf.<\/p>\n<p class=\"lead \">Le pr\u00e9sident du Medef estime \u00e9galement qu\u2019au-del\u00e0 de la forme, le fond n\u2019est pas non plus satisfaisant, voire m\u00eame \u00ab\u00a0inadmissible en l\u2019\u00e9tat\u00a0\u00bb. Il regrette notamment dans cet accord l\u2019absence de \u00ab\u00a0r\u00e9ciprocit\u00e9\u00a0\u00bb dans les droits de douane appliqu\u00e9s de part et d\u2019autre, qui n\u2019affecteront donc que l\u2019Union europ\u00e9enne. Cependant, il estime que cet accord permettra, th\u00e9oriquement, de gagner en stabilit\u00e9 et en visibilit\u00e9, et admet \u00ab\u00a0une forme de soulagement pour celles et ceux qui auraient \u00e9t\u00e9 le plus impact\u00e9s\u00a0\u00bb par des droits de douane annonc\u00e9s par Donald Trump jusqu&rsquo;\u00e0 200%.<\/p>\n<p>                                                                                                 Le patron du Medef plaide pour un renforcement de l\u2019\u00e9conomie europ\u00e9enne <\/p>\n<p class=\"lead \">Dimanche 27 juillet, le pr\u00e9sident am\u00e9ricain Donald Trump et la pr\u00e9sidente de la Commission europ\u00e9enne Ursula von der Leyen ont ainsi conclu un accord douanier pr\u00e9voyant une taxe \u00e0 15 % sur les produits europ\u00e9ens, loin de la menace d\u2019un taux de 30 % \u00e0 partir du 1er ao\u00fbt en l&rsquo;absence d\u2019accord brandie par Donald Trump. Une d\u00e9cision qui, selon le patron des patrons, va tout de m\u00eame <a href=\"https:\/\/actu.orange.fr\/monde\/fiasco-politique-desequilibre-paris-et-les-oppositions-reagissent-a-l-accord-ue-usa-sur-les-droits-de-douane-magic-CNT000002jLr39.html\" rel=\"nofollow noopener\" target=\"_blank\">impacter l\u2019\u00e9conomie europ\u00e9enne<\/a>, qu\u2019il appelle \u00e0 se renforcer, estimant qu&rsquo;elle ne pouvait pas \u00ab\u00a0\u00eatre la variable d&rsquo;ajustement\u00a0\u00bb des politiques commerciales am\u00e9ricaine et chinoise.<\/p>\n<p class=\"small font-weight-bold text-gray3 \"> publi\u00e9 le 28 juillet \u00e0 21h55, Marin Paulay, 6M\u00e9dias<\/p>\n<p>                             Partager<\/p>\n","protected":false},"excerpt":{"rendered":"Au lendemain de la signature de l\u2019accord commercial entre l\u2019Union europ\u00e9enne et les \u00c9tats-Unis, Patrick Martin, le pr\u00e9sident&hellip;\n","protected":false},"author":2,"featured_media":328174,"comment_status":"","ping_status":"","sticky":false,"template":"","format":"standard","meta":{"footnotes":""},"categories":[1586],"tags":[11,1777,674,1779,1011,27,12,25,1778,364],"class_list":{"0":"post-328173","1":"post","2":"type-post","3":"status-publish","4":"format-standard","5":"has-post-thumbnail","7":"category-europe","8":"tag-actualites","9":"tag-eu","10":"tag-europe","11":"tag-european-union","12":"tag-fr","13":"tag-france","14":"tag-news","15":"tag-republique-francaise","16":"tag-ue","17":"tag-union-europeenne"},"share_on_mastodon":{"url":"https:\/\/pubeurope.com\/@fr\/115052540353122000","error":""},"_links":{"self":[{"href":"https:\/\/www.europesays.com\/fr\/wp-json\/wp\/v2\/posts\/328173","targetHints":{"allow":["GET"]}}],"collection":[{"href":"https:\/\/www.europesays.com\/fr\/wp-json\/wp\/v2\/posts"}],"about":[{"href":"https:\/\/www.europesays.com\/fr\/wp-json\/wp\/v2\/types\/post"}],"author":[{"embeddable":true,"href":"https:\/\/www.europesays.com\/fr\/wp-json\/wp\/v2\/users\/2"}],"replies":[{"embeddable":true,"href":"https:\/\/www.europesays.com\/fr\/wp-json\/wp\/v2\/comments?post=328173"}],"version-history":[{"count":0,"href":"https:\/\/www.europesays.com\/fr\/wp-json\/wp\/v2\/posts\/328173\/revisions"}],"wp:featuredmedia":[{"embeddable":true,"href":"https:\/\/www.europesays.com\/fr\/wp-json\/wp\/v2\/media\/328174"}],"wp:attachment":[{"href":"https:\/\/www.europesays.com\/fr\/wp-json\/wp\/v2\/media?parent=328173"}],"wp:term":[{"taxonomy":"category","embeddable":true,"href":"https:\/\/www.europesays.com\/fr\/wp-json\/wp\/v2\/categories?post=328173"},{"taxonomy":"post_tag","embeddable":true,"href":"https:\/\/www.europesays.com\/fr\/wp-json\/wp\/v2\/tags?post=328173"}],"curies":[{"name":"wp","href":"https:\/\/api.w.org\/{rel}","templated":true}]}}