{"id":328181,"date":"2025-08-19T00:18:10","date_gmt":"2025-08-19T00:18:10","guid":{"rendered":"https:\/\/www.europesays.com\/fr\/328181\/"},"modified":"2025-08-19T00:18:10","modified_gmt":"2025-08-19T00:18:10","slug":"une-colonne-vertebrale-de-plus-en-plus-bordelaise-chez-les-bleues","status":"publish","type":"post","link":"https:\/\/www.europesays.com\/fr\/328181\/","title":{"rendered":"une colonne vert\u00e9brale de plus en plus bordelaise chez les Bleues"},"content":{"rendered":"<p>Dire que les Lionnes du Stade Bordelais ont pos\u00e9 leur patte sur le XV de France est un euph\u00e9misme. Les chiffres parlent d\u2019eux-m\u00eames. Sur les 32\u00a0joueuses qui se sont envol\u00e9es pour l\u2019Angleterre et Exeter vendredi pour disputer la Coupe du monde (22\u00a0ao\u00fbt-27\u00a0septembre), onze viennent du club girondin, soit un tiers de l\u2019effectif (voir ci-contre). Ces proportions font \u00e9cho \u00e0 la domination toulousaine avec les Bleus\u00a0: dix Rouge et Noir avaient pris part au Mondial\u00a02023 sur les 33\u00a0s\u00e9lectionn\u00e9s.<\/p>\n<p>Pour les Bordelaises, ce changement de dimension est relativement soudain. Lors de la derni\u00e8re \u00e9dition en Nouvelle-Z\u00e9lande \u00e0 l\u2019automne 2022, elles n\u2019\u00e9taient que trois\u00a0: Assia Khalfaoui, Agathe G\u00e9rin (n\u00e9e Sochat) et Madoussou Fall-Raclot. L\u2019explication para\u00eet assez simple\u00a0: entre ces deux \u00e9ditions, les Girondines sont devenues, comme Toulouse, triple championnes de France. \u00ab\u00a0On avait d\u00e9j\u00e0 une ossature ces derni\u00e8res ann\u00e9es, avec six ou sept filles s\u00e9lectionn\u00e9es, mais en avoir onze, c\u2019est consid\u00e9rable. Il y a des surprises agr\u00e9ables comme Makarita Baleinogo et Khoudedia Cissokho\u00a0\u00bb, t\u00e9moigne le manager du Stade Bordelais, Fran\u00e7ois Ratier.<\/p>\n<p>Quatre piliers sur cinq<\/p>\n<p>\u00ab\u00a0Mais dans les onze, toutes ne sont pas des titulaires en puissance\u00a0\u00bb, nuance l\u2019ancien s\u00e9lectionneur du Canada (2013-2017). Parmi l\u2019\u00e9quipe qui a d\u00e9but\u00e9 le seul match de pr\u00e9paration des Bleues face aux Anglaises \u00e0 Mont-de-Marsan le 9\u00a0ao\u00fbt (6-40), et qui devrait se rapprocher de celle qui lancera la comp\u00e9tition face \u00e0 l\u2019Italie ce samedi (21\u00a0h\u00a010), cinq Bordelaises \u00e9taient titulaires\u00a0: Anna\u00eblle Deshaye, Madoussou Fall-Raclot, Carla Arbez, Joanna Grisez et Morgane Bourgeois. Trois autres Lionnes avaient pris place sur le banc, avec Assia Khalfaoui, Yllana Brosseau (voir ci-contre) et Khoudedia Cissokho.<\/p>\n<blockquote><p>\u00ab\u00a0On n\u2019est pas oblig\u00e9s d\u2019\u00eatre du m\u00eame club, le plus important, c\u2019est d\u2019adh\u00e9rer au projet\u00a0\u00bb<\/p><\/blockquote>\n<p>Le club girondin est notamment surrepr\u00e9sent\u00e9 en premi\u00e8re ligne, avec quatre des cinq piliers tricolores\u00a0: Anna\u00eblle Deshaye, Assia Khalfaoui, Yllana Brosseau et Makarita Baleinogo. \u00ab\u00a0On ne peut pas vraiment parler d\u2019\u00e9cole de piliers, estime toutefois Fran\u00e7ois Ratier, parce que \u00e7a prend toujours en compte la formation \u2013 il n\u2019y a qu\u2019Assia qui \u00e9tait l\u00e0 depuis sept ans \u2013, mais on peut peut-\u00eatre parler d\u2019une culture de la performance et de la gagne. \u00c0 Bordeaux, je sais ce que l\u2019on essaie de mettre en place et ce que l\u2019on exige de ces joueuses.\u00a0\u00bb Au talon, si Agathe G\u00e9rin (n\u00e9e Sochat) n\u2019\u00e9tait pas sur la feuille de match face au XV de la Rose, elle reste une tauli\u00e8re du groupe France et \u00ab\u00a0une cliente s\u00e9rieuse\u00a0\u00bb pour une place dans les 23.<\/p>\n<p>Derri\u00e8re elles, en deuxi\u00e8me ligne, \u00ab\u00a0Madoussou (Fall-Raclot) est assez in\u00e9vitable par rapport \u00e0 son rendement, \u00e0 son \u00e9thique de travail et \u00e0 sa dimension physique, juge le Charentais de naissance. On l\u2019a vu dans leur contre-performance face aux Anglaises, c\u2019est l\u2019une des rares qui a avanc\u00e9 devant.\u00a0\u00bb En troisi\u00e8me ligne, la concurrence est plus rude mais Khoudedia Cissokho pourrait gagner sa place sur le banc gr\u00e2ce \u00e0 sa polyvalence.<\/p>\n<p>Du beau monde derri\u00e8re<\/p>\n<p>Dans les lignes arri\u00e8re, si aucune joueuse des Lionnes n\u2019avait \u00e9t\u00e9 s\u00e9lectionn\u00e9e en 2022, la donne a chang\u00e9. Les jeunes Biarrotte Carla Arbez, \u00e0 l\u2019ouverture, et Parempuyrienne Morgane Bourgeois, \u00e0 l\u2019arri\u00e8re, ont gagn\u00e9 leur place dans le XV de d\u00e9part lors du Tournoi des Six-Nations. \u00ab\u00a0Intrins\u00e8quement, elles ont toutes les qualit\u00e9s techniques et tactiques pour jouer \u00e0 ce niveau, elles cochent toutes les cases, selon Fran\u00e7ois Ratier. En club, elles ont quasiment jou\u00e9 tous les matchs, sauf quand elles \u00e9taient absentes pour des raisons internationales. Et les deux d\u00e9fendent ensemble dans le champ profond comme avec le XV de France.\u00a0\u00bb<\/p>\n<p>Avec \u00ab\u00a0l\u2019incontournable\u00a0\u00bb Joanna Grisez sur l\u2019aile, et \u00e9ventuellement Nassira Konde au centre, le Stade Bordelais p\u00e8se de plus en plus dans l\u2019effectif tricolore. De l\u00e0 \u00e0 parler d\u2019automatismes, le manager des Lionnes pose son veto\u00a0: \u00ab\u00a0On n\u2019a pas un axe 2-8-9-10-15 qui pourrait se profiler. Par contre, je pense que \u00e7a peut \u00eatre sympa au niveau des entra\u00eenements, des affinit\u00e9s et de la dynamique de groupe.\u00a0\u00bb<\/p>\n<p>\u00ab\u00a0Mais on n\u2019est pas oblig\u00e9s d\u2019\u00eatre du m\u00eame club, temp\u00e8re-t-il. Le plus important, c\u2019est d\u2019adh\u00e9rer au projet.\u00a0\u00bb D\u00e9crocher le titre \u00e0 Twickenham le 27\u00a0septembre semble \u00eatre une bonne source de motivation pour y parvenir.<\/p>\n<p>    Rep\u00e8res<br \/>\n<strong>Les onze Bordelaises s\u00e9lectionn\u00e9es.<\/strong> Anna\u00eblle Deshaye, Assia Khalfaoui*, Yllana Brosseau*, Makarita Baleinogo, Agathe G\u00e9rin (n\u00e9e Sochat), Madoussou Fall-Raclot, Khoudedia Cissokho, Carla Arbez, Joanna Grisez, Nassira Konde, Morgane Bourgeois.<br \/>(*) Khalfaoui et Brosseau \u00e9volueront \u00e0 Romagnat la saison prochaine. Ikahehegi (Lille) et Berthoumieu (Blagnac) rejoindront les Lionnes.<br \/><strong>Programme.<\/strong> Samedi 23\u00a0ao\u00fbt\u00a0: France &#8211; Italie \u00e0 Exeter (21\u00a0h\u00a010)\u00a0; dimanche 31\u00a0ao\u00fbt\u00a0: France &#8211; Br\u00e9sil \u00e0 Exeter (17\u00a0h\u00a045)\u00a0; dimanche 7\u00a0septembre\u00a0: France &#8211; Afrique du Sud \u00e0 Northampton (17\u00a0h\u00a045).<\/p>\n","protected":false},"excerpt":{"rendered":"Dire que les Lionnes du Stade Bordelais ont pos\u00e9 leur patte sur le XV de France est un&hellip;\n","protected":false},"author":2,"featured_media":328182,"comment_status":"","ping_status":"","sticky":false,"template":"","format":"standard","meta":{"footnotes":""},"categories":[1416],"tags":[1011,27,479,1468,60],"class_list":{"0":"post-328181","1":"post","2":"type-post","3":"status-publish","4":"format-standard","5":"has-post-thumbnail","7":"category-rugby","8":"tag-fr","9":"tag-france","10":"tag-rugby","11":"tag-rugby-football","12":"tag-sports"},"share_on_mastodon":{"url":"https:\/\/pubeurope.com\/@fr\/115052563890221578","error":""},"_links":{"self":[{"href":"https:\/\/www.europesays.com\/fr\/wp-json\/wp\/v2\/posts\/328181","targetHints":{"allow":["GET"]}}],"collection":[{"href":"https:\/\/www.europesays.com\/fr\/wp-json\/wp\/v2\/posts"}],"about":[{"href":"https:\/\/www.europesays.com\/fr\/wp-json\/wp\/v2\/types\/post"}],"author":[{"embeddable":true,"href":"https:\/\/www.europesays.com\/fr\/wp-json\/wp\/v2\/users\/2"}],"replies":[{"embeddable":true,"href":"https:\/\/www.europesays.com\/fr\/wp-json\/wp\/v2\/comments?post=328181"}],"version-history":[{"count":0,"href":"https:\/\/www.europesays.com\/fr\/wp-json\/wp\/v2\/posts\/328181\/revisions"}],"wp:featuredmedia":[{"embeddable":true,"href":"https:\/\/www.europesays.com\/fr\/wp-json\/wp\/v2\/media\/328182"}],"wp:attachment":[{"href":"https:\/\/www.europesays.com\/fr\/wp-json\/wp\/v2\/media?parent=328181"}],"wp:term":[{"taxonomy":"category","embeddable":true,"href":"https:\/\/www.europesays.com\/fr\/wp-json\/wp\/v2\/categories?post=328181"},{"taxonomy":"post_tag","embeddable":true,"href":"https:\/\/www.europesays.com\/fr\/wp-json\/wp\/v2\/tags?post=328181"}],"curies":[{"name":"wp","href":"https:\/\/api.w.org\/{rel}","templated":true}]}}