{"id":328187,"date":"2025-08-19T00:22:11","date_gmt":"2025-08-19T00:22:11","guid":{"rendered":"https:\/\/www.europesays.com\/fr\/328187\/"},"modified":"2025-08-19T00:22:11","modified_gmt":"2025-08-19T00:22:11","slug":"lionel-messi-real-madrid-la-polemique-qui-enflamme-lespagne","status":"publish","type":"post","link":"https:\/\/www.europesays.com\/fr\/328187\/","title":{"rendered":"Lionel Messi &#8211; Real Madrid\u00a0: La pol\u00e9mique qui enflamme l\u2019Espagne\u00a0!"},"content":{"rendered":"<p>                    Arthur Montagne<br \/>\n                        &#8211;<\/p>\n<p>Journaliste<\/p>\n<p>Affam\u00e9 de sport, il a grandi au son des moteurs de Formule 1 et des exploits de Ronaldinho. Aujourd\u2019hui, diplom\u00e9 d&rsquo;un Master de journalisme de sport, il ne rate plus un Grand Prix de F1 ni un match du PSG, ses deux passions et sp\u00e9cialit\u00e9s<\/p>\n<p class=\"heading\">Il y a quelques jours, lors de sa pr\u00e9sentation officielle, Franco Mastantuono a \u00e9t\u00e9 invit\u00e9 \u00e0 donner le nom du joueur qu&rsquo;il estime \u00eatre le meilleur de l&rsquo;Histoire. En bon Argentin, l&rsquo;ancien joueur de River Plate a r\u00e9pondu Lionel Messi. Et \u00e9videmment, venant d&rsquo;un joueur du Real Madrid, ce choix a \u00e9t\u00e9 vivement comment\u00e9. Mais Xabi Alonso met fin \u00e0 la pol\u00e9mique.<\/p>\n<p>Pour sa premi\u00e8re conf\u00e9rence de presse au <strong>Real Madrid<\/strong>, <a href=\"https:\/\/le10sport.com\/football\/mercato\/psg-luis-enrique-passe-un-coup-de-fil-il-signe-au-real-madrid-754280\" rel=\"nofollow noopener\" target=\"_blank\">Franco Mastantuono<\/a> s&rsquo;est fait remarquer. En effet, le milieu offensif recrut\u00e9 en provenance de<strong> River Plate<\/strong> a \u00e9t\u00e9 invit\u00e9 \u00e0 d\u00e9sign\u00e9 le nom du meilleur joueur de l&rsquo;histoire. Et sa r\u00e9pons \u00e0 fait parler : \u00ab Je suis argentin et pour moi, le meilleur joueur du monde est Lionel Messi. Je n&rsquo;ai rien d&rsquo;autres \u00e0 ajouter \u00e0 ce sujet. \u00bb<\/p>\n<p>                                            Xabi Alonso d\u00e9fend Mastantuono !<\/p>\n<p>Les m\u00e9dias espagnols se sont empar\u00e9s de l&rsquo;histoire. Il faut dire qu&rsquo;un joueur du <strong>Real Madrid<\/strong> qui pr\u00e9sente une l\u00e9gende du <strong>FC Barcelone<\/strong> comme le meilleur joueur de tous les temps, ce n&rsquo;est pas banal. Mais <strong>Xabi Alonso<\/strong> a mis fin \u00e0 la pol\u00e9mique, assurant qu&rsquo;il comprenait qu&rsquo;un joueur argentin fasse l&rsquo;\u00e9loge de <strong>Lionel Messi<\/strong>. \u00ab\u00a0Je comprends qu&rsquo;il ait pour joueur pr\u00e9f\u00e9r\u00e9 Messi. \u00c9tant argentin, cela ne me surprend pas\u00a0\u00bb, assure le coach du <strong>Real Madrid<\/strong>, en conf\u00e9rence de presse.<\/p>\n<p>                                            \u00abJe comprends qu&rsquo;il ait pour joueur pr\u00e9f\u00e9r\u00e9 Messi\u00bb<\/p>\n<p>D&rsquo;ailleurs, <strong>Xabi Alonso<\/strong> en a \u00e9galement profit\u00e9 pour saluer les premiers pas de <strong>Franco Mastantuono<\/strong> qui pourrait m\u00eame avoir du temps de jeu d\u00e8s mardi contre <strong>Osasuna <\/strong>: \u00ab\u00a0La premi\u00e8re fois que je lui ai parl\u00e9, j&rsquo;ai \u00e9t\u00e9 tr\u00e8s surpris par sa personnalit\u00e9. Il n&rsquo;avait que 17 ans, mais c&rsquo;\u00e9tait d\u00e9j\u00e0 un homme tr\u00e8s s\u00fbr de lui. Il n&rsquo;avait aucune appr\u00e9hension \u00e0 l&rsquo;id\u00e9e de rejoindre le Real Madrid. On sent chez lui cette maturit\u00e9, cette envie, cette qualit\u00e9. Il va tr\u00e8s vite s&rsquo;int\u00e9grer \u00e0 l&rsquo;\u00e9quipe. Il pourrait jouer demain. Il va apporter de la qualit\u00e9, de l&rsquo;\u00e9nergie, il est engag\u00e9 d\u00e9fensivement, il a un bon \u00e9lan. J&rsquo;ai vu qu&rsquo;il avait cette combativit\u00e9 et cet esprit comp\u00e9titif argentin. Il est bon dans la derni\u00e8re passe. Il est \u00e0 un tr\u00e8s bon niveau\u00a0\u00bb<\/p>\n","protected":false},"excerpt":{"rendered":"Arthur Montagne &#8211; Journaliste Affam\u00e9 de sport, il a grandi au son des moteurs de Formule 1 et&hellip;\n","protected":false},"author":2,"featured_media":328188,"comment_status":"","ping_status":"","sticky":false,"template":"","format":"standard","meta":{"footnotes":""},"categories":[1412],"tags":[1451,1452,1453,1454,1455,1011,27,60],"class_list":{"0":"post-328187","1":"post","2":"type-post","3":"status-publish","4":"format-standard","5":"has-post-thumbnail","7":"category-f1","8":"tag-f1","9":"tag-formula-1","10":"tag-formula1","11":"tag-formule-1","12":"tag-formule1","13":"tag-fr","14":"tag-france","15":"tag-sports"},"share_on_mastodon":{"url":"https:\/\/pubeurope.com\/@fr\/115052579624145207","error":""},"_links":{"self":[{"href":"https:\/\/www.europesays.com\/fr\/wp-json\/wp\/v2\/posts\/328187","targetHints":{"allow":["GET"]}}],"collection":[{"href":"https:\/\/www.europesays.com\/fr\/wp-json\/wp\/v2\/posts"}],"about":[{"href":"https:\/\/www.europesays.com\/fr\/wp-json\/wp\/v2\/types\/post"}],"author":[{"embeddable":true,"href":"https:\/\/www.europesays.com\/fr\/wp-json\/wp\/v2\/users\/2"}],"replies":[{"embeddable":true,"href":"https:\/\/www.europesays.com\/fr\/wp-json\/wp\/v2\/comments?post=328187"}],"version-history":[{"count":0,"href":"https:\/\/www.europesays.com\/fr\/wp-json\/wp\/v2\/posts\/328187\/revisions"}],"wp:featuredmedia":[{"embeddable":true,"href":"https:\/\/www.europesays.com\/fr\/wp-json\/wp\/v2\/media\/328188"}],"wp:attachment":[{"href":"https:\/\/www.europesays.com\/fr\/wp-json\/wp\/v2\/media?parent=328187"}],"wp:term":[{"taxonomy":"category","embeddable":true,"href":"https:\/\/www.europesays.com\/fr\/wp-json\/wp\/v2\/categories?post=328187"},{"taxonomy":"post_tag","embeddable":true,"href":"https:\/\/www.europesays.com\/fr\/wp-json\/wp\/v2\/tags?post=328187"}],"curies":[{"name":"wp","href":"https:\/\/api.w.org\/{rel}","templated":true}]}}