{"id":328191,"date":"2025-08-19T00:24:10","date_gmt":"2025-08-19T00:24:10","guid":{"rendered":"https:\/\/www.europesays.com\/fr\/328191\/"},"modified":"2025-08-19T00:24:10","modified_gmt":"2025-08-19T00:24:10","slug":"tensions-a-lom-le-transfert-que-personne-na-vu-venir-apres-la-trahison","status":"publish","type":"post","link":"https:\/\/www.europesays.com\/fr\/328191\/","title":{"rendered":"Tensions \u00e0 l&rsquo;OM : Le transfert que personne n&rsquo;a vu venir apr\u00e8s la trahison !"},"content":{"rendered":"<p class=\"heading\">Non-convoqu\u00e9 par Roberto De Zerbi pour la premi\u00e8re journ\u00e9e de Ligue 1, Neal Maupay pourrait quitter l&rsquo;OM d&rsquo;ici la fin de ce mercato estival. Alarm\u00e9s par la situation du buteur de 29 ans, le LOSC et l&rsquo;Udinese seraient en embuscade pour le recruter. En parall\u00e8le, l&rsquo;OGC Nice verrait d&rsquo;un bon oeil l&rsquo;id\u00e9e de rapatrier Neal Maupay, et ce, malgr\u00e9 les tensions lors de son transfert \u00e0 l&rsquo;OM. <\/p>\n<p>Malgr\u00e9 un contrat qui court jusqu&rsquo;au 30 juin 2028 avec l&rsquo;<strong>OM<\/strong>, <a href=\"https:\/\/le10sport.com\/football\/mercato\/la-presse-italienne-annonce-le-prochain-transfert-de-lom-754766\" rel=\"nofollow noopener\" target=\"_blank\">Neal Maupay<\/a> devrait prendre le large cet \u00e9t\u00e9. Alors que <strong>Roberto De Zerbi<\/strong> l&rsquo;a laiss\u00e9 \u00e0 <strong>Marseille<\/strong> pour la premi\u00e8re journ\u00e9e de <strong>Ligue 1 <\/strong>(d\u00e9faite 1-0 \u00e0 Rennes ce vendredi), l&rsquo;attaquant fran\u00e7ais devrait aller chercher du temps de jeu ailleurs cet \u00e9t\u00e9. <\/p>\n<p>                                            OM : Maupay est suivi par Nice, Lille et de l&rsquo;Udinese<\/p>\n<p>Alors que le mercato estival fermera ses portes le 1er septembre \u00e0 20 heures, <strong>Neal<\/strong> <strong>Maupay<\/strong> ne manquerait pas de pr\u00e9tendants, comme r\u00e9v\u00e9l\u00e9 par RMC Sport. Conscients que l&rsquo;<strong>OM<\/strong> ouvre la porte \u00e0 un d\u00e9part de son buteur, plusieurs \u00e9curies seraient pr\u00eates \u00e0 lui tendre les bras. <\/p>\n<p>                                            Transfert \u00e0 l&rsquo;OM : Les fans de Nice ont critiqu\u00e9 Maupay<\/p>\n<p>D&rsquo;apr\u00e8s les indiscr\u00e9tions de RMC Sport, l&rsquo;<strong>OGC Nice<\/strong>, le <strong>LOSC<\/strong> et l&rsquo;<strong>Udinese<\/strong> seraient all\u00e9s \u00e0 la p\u00eache aux renseignements pour le recrutement de <strong>Neal<\/strong> <strong>Maupay<\/strong>. Alors que les Lillois appr\u00e9cieraient \u00ab le joueur, son profil et son caract\u00e8re \u00bb, les Aiglons semblent avoir oubli\u00e9 sa trahison. Pour rappel, les supporters ni\u00e7ois ont fait part de leur m\u00e9contentement lorsque <strong>Neal<\/strong> <strong>Maupay<\/strong> a sign\u00e9 \u00e0 l&rsquo;<strong>OM<\/strong>, le rival de la <strong>C\u00f4te d&rsquo;Azur.  <\/strong><\/p>\n","protected":false},"excerpt":{"rendered":"Non-convoqu\u00e9 par Roberto De Zerbi pour la premi\u00e8re journ\u00e9e de Ligue 1, Neal Maupay pourrait quitter l&rsquo;OM d&rsquo;ici&hellip;\n","protected":false},"author":2,"featured_media":328192,"comment_status":"","ping_status":"","sticky":false,"template":"","format":"standard","meta":{"footnotes":""},"categories":[1410],"tags":[63,1011,27,60],"class_list":{"0":"post-328191","1":"post","2":"type-post","3":"status-publish","4":"format-standard","5":"has-post-thumbnail","7":"category-football","8":"tag-football","9":"tag-fr","10":"tag-france","11":"tag-sports"},"share_on_mastodon":{"url":"https:\/\/pubeurope.com\/@fr\/115052587699552617","error":""},"_links":{"self":[{"href":"https:\/\/www.europesays.com\/fr\/wp-json\/wp\/v2\/posts\/328191","targetHints":{"allow":["GET"]}}],"collection":[{"href":"https:\/\/www.europesays.com\/fr\/wp-json\/wp\/v2\/posts"}],"about":[{"href":"https:\/\/www.europesays.com\/fr\/wp-json\/wp\/v2\/types\/post"}],"author":[{"embeddable":true,"href":"https:\/\/www.europesays.com\/fr\/wp-json\/wp\/v2\/users\/2"}],"replies":[{"embeddable":true,"href":"https:\/\/www.europesays.com\/fr\/wp-json\/wp\/v2\/comments?post=328191"}],"version-history":[{"count":0,"href":"https:\/\/www.europesays.com\/fr\/wp-json\/wp\/v2\/posts\/328191\/revisions"}],"wp:featuredmedia":[{"embeddable":true,"href":"https:\/\/www.europesays.com\/fr\/wp-json\/wp\/v2\/media\/328192"}],"wp:attachment":[{"href":"https:\/\/www.europesays.com\/fr\/wp-json\/wp\/v2\/media?parent=328191"}],"wp:term":[{"taxonomy":"category","embeddable":true,"href":"https:\/\/www.europesays.com\/fr\/wp-json\/wp\/v2\/categories?post=328191"},{"taxonomy":"post_tag","embeddable":true,"href":"https:\/\/www.europesays.com\/fr\/wp-json\/wp\/v2\/tags?post=328191"}],"curies":[{"name":"wp","href":"https:\/\/api.w.org\/{rel}","templated":true}]}}