{"id":328193,"date":"2025-08-19T00:25:10","date_gmt":"2025-08-19T00:25:10","guid":{"rendered":"https:\/\/www.europesays.com\/fr\/328193\/"},"modified":"2025-08-19T00:25:10","modified_gmt":"2025-08-19T00:25:10","slug":"alain-delon-lhommage-un-an-apres-sa-mort-a-douchy-un-peu-nimporte-quoi-pour-les-rares-qui-y-etaient","status":"publish","type":"post","link":"https:\/\/www.europesays.com\/fr\/328193\/","title":{"rendered":"Alain Delon : l\u2019hommage un an apr\u00e8s sa mort \u00e0 Douchy ? \u00ab\u00a0Un peu n\u2019importe quoi\u00a0\u00bb pour les rares qui y \u00e9taient"},"content":{"rendered":"<p data-start=\"478\" data-end=\"800\">Il y a un an, le cin\u00e9ma fran\u00e7ais<br \/>\nperdait l\u2019un de ses g\u00e9ants. Le 18 ao\u00fbt 2023, <a href=\"https:\/\/www.closermag.fr\/people\/alain-delon-veste-de-survetement-et-casquette-cette-rare-photo-de-lacteur-sans-fard-avec-patrick-bruel-3571724\" target=\"_blank\" rel=\"noopener\"><br \/>\nAlain Delon<\/a> s\u2019\u00e9teignait, laissant derri\u00e8re lui une carri\u00e8re<br \/>\nind\u00e9l\u00e9bile <strong>sur plusieurs g\u00e9n\u00e9rations<\/strong> de<br \/>\nspectateurs. Pour marquer ce premier anniversaire, sa ville de<br \/>\nc\u0153ur, <a href=\"https:\/\/www.closermag.fr\/people\/alain-delon-cette-habitude-prise-a-douchy-qui-la-suivi-jusqua-la-fin-de-sa-vie-3571666\" target=\"_blank\" rel=\"noopener\"><br \/>\nDouchy-Montcorbon<\/a>, a tenu \u00e0 lui rendre hommage, rapporte<br \/>\nParis Match.<\/p>\n<p data-start=\"802\" data-end=\"1116\">Alors qu\u2019on aurait pu<br \/>\ns\u2019attendre \u00e0 une place, une rue ou encore une salle municipale,<br \/>\nc\u2019est finalement <strong>le stade de football qui a \u00e9t\u00e9 rebaptis\u00e9<br \/>\nau nom du \u00ab\u00a0Samoura\u00ef\u00a0\u00bb.<\/strong> Une d\u00e9cision surprenante,<br \/>\nofficialis\u00e9e lors d\u2019une c\u00e9r\u00e9monie organis\u00e9e ce lundi apr\u00e8s-midi, en<br \/>\npr\u00e9sence de quelques \u00e9lus, habitants et admirateurs.<\/p>\n<p>Pourquoi le choix d&rsquo;un stade<br \/>\nde foot pour rendre hommage \u00e0 Alain Delon ?<\/p>\n<p data-start=\"1175\" data-end=\"1593\">Sous un ciel estival, une<br \/>\ntoile a \u00e9t\u00e9 tir\u00e9e par le maire de Douchy-Montcorbon, Abel Martin,<br \/>\nd\u00e9voilant le nouveau panneau flambant neuf du terrain de foot :<br \/>\n<strong>\u00ab\u00a0Stade Alain Delon\u00a0\u00bb<\/strong>. Le maire a alors d\u00e9clar\u00e9 :<br \/>\n\u00ab\u00a0C\u2019est avec une immense<br \/>\nfiert\u00e9 et une grande \u00e9motion que nous nous r\u00e9unissons aujourd\u2019hui<br \/>\ndans ce lieu qui, \u00e0 partir de cet instant, portera le nom d\u2019une<br \/>\nic\u00f4ne du cin\u00e9ma fran\u00e7ais et international, Alain Delon.\u00a0\u00bb Dans<br \/>\nson discours, l\u2019\u00e9lu a expliqu\u00e9 ce choix inhabituel :<br \/>\n\u00ab\u00a0Un stade est bien plus qu\u2019un<br \/>\nsimple lieu, c\u2019est <strong>un espace de rencontre, de partage et de<br \/>\npassion.<\/strong> Ce sera ici que de jeunes gens et jeunes talents<br \/>\ns\u2019entra\u00eeneront. Que des communaut\u00e9s se rassembleront et que des<br \/>\nsouvenirs se construiront. Ce stade est une invitation \u00e0 r\u00eaver<br \/>\ngrand, \u00e0 se d\u00e9passer et \u00e0 croire en la beaut\u00e9 des efforts<br \/>\ncollectifs.\u00a0\u00bb<\/p>\n<p data-start=\"1175\" data-end=\"1593\">Un hommage qui se veut<br \/>\nf\u00e9d\u00e9rateur, mais qui n\u2019a pas totalement convaincu les habitants.<br \/>\nAgn\u00e8s, la fleuriste du village, n\u2019a pas cach\u00e9 sa d\u00e9ception :<br \/>\n\u00ab\u00a0<strong>C\u2019est un peu<br \/>\nn\u2019importe quoi.<\/strong> Une place sans nom devant la salle<br \/>\npolyvalente aurait \u00e9t\u00e9 plus adapt\u00e9e\u00a0\u00bb, confie-t-elle \u00e0 nos<br \/>\nconfr\u00e8res. Certains rappellent toutefois qu\u2019Alain Delon avait, dans<br \/>\nles ann\u00e9es 1980, offert des maillots aux joueurs locaux et suivi<br \/>\navec passion le football, notamment la <a href=\"https:\/\/www.closermag.fr\/people\/photos-coupe-du-monde-2018-les-looks-les-plus-inattendus-et-excentriques-des-830330\" target=\"_blank\" rel=\"noopener\"><br \/>\nCoupe du monde<\/a> 1998.<\/p>\n<blockquote class=\"twitter-tweet\"><p><a class=\"twitter-link\" rel=\"noindex, nofollow noopener\" href=\"https:\/\/twitter.com\/JFGuyot\/status\/1957464249682268371\" target=\"_blank\"><\/p><\/blockquote>\n<p>Anthony Delon pr\u00e9sent\u2026 mais en retrait<\/p>\n<p data-start=\"2487\" data-end=\"2860\">Invit\u00e9s officiellement,<br \/>\n<a href=\"https:\/\/www.closermag.fr\/people\/alain-delon-anthony-anouchka-et-alain-fabien-au-pied-du-mur-la-famille-dari-boulogne-prete-a-tout-3571121\" target=\"_blank\" rel=\"noopener\"><br \/>\nles enfants d\u2019Alain Delon<\/a> n\u2019ont pas particip\u00e9 \u00e0 la c\u00e9r\u00e9monie.<br \/>\nPourtant, <a href=\"https:\/\/www.closermag.fr\/people\/anthony-delon-se-livre-sur-son-couple-tres-particulier-avec-sophie-clerico-la-mere-de-ses-filles-loup-et-liv-on-na-pas-vecu-3557575\" target=\"_blank\" rel=\"noopener\"><br \/>\nAnthony Delon<\/a> se trouvait bien dans le Loiret, au domaine de la<br \/>\nBr\u00fblerie, la demeure familiale o\u00f9 repose d\u00e9sormais son p\u00e8re. Sur<br \/>\nInstagram, il avait partag\u00e9 dans la matin\u00e9e une vid\u00e9o \u00e9mouvante<br \/>\nd\u2019un lever de soleil, aux c\u00f4t\u00e9s de <strong>Loubo, le chien de son<br \/>\np\u00e8re dont il prend soin<\/strong>. Plus tard, l\u2019acteur est apparu<br \/>\ndevant les grilles du domaine pour saluer quelques fans fid\u00e8les. \u00c0<br \/>\nceux qui lui demandaient s\u2019il avait assist\u00e9 \u00e0 l\u2019inauguration, il a<br \/>\nr\u00e9pondu avec un brin d\u2019ironie : \u00ab\u00a0Ah il [le maire] a laiss\u00e9 entrer les gens finalement ? Au<br \/>\nd\u00e9part, c\u2019\u00e9tait interdit au public, donc il a chang\u00e9 d\u2019avis.\u00a0\u00bb<br \/>\nUne remarque qui en dit long sur son absence et peut-\u00eatre sur<br \/>\n<strong>un d\u00e9saccord discret<\/strong> avec la mairie&#8230;<\/p>\n<p data-start=\"3284\" data-end=\"3737\">Quant \u00e0 <a href=\"https:\/\/www.closermag.fr\/people\/anouchka-delon-a-3-jours-de-la-date-inevitable-les-prochains-jours-sannoncent-terribles-pour-la-fille-dalain-delon-3571472\" target=\"_blank\" rel=\"noopener\"><br \/>\nAnouchka<\/a> et Alain-Fabien Delon, ils n\u2019ont pas encore pris la<br \/>\nparole pour ce premier anniversaire. La fratrie, qui avait r\u00e9ussi \u00e0<br \/>\nfaire bloc le temps des obs\u00e8ques en 2023, semble toujours divis\u00e9e<br \/>\n<strong>par les tensions li\u00e9es \u00e0 l\u2019h\u00e9ritage.<\/strong> Une situation<br \/>\nd\u00e9licate qui contraste avec l\u2019unit\u00e9 affich\u00e9e lors de l\u2019enterrement,<br \/>\norganis\u00e9 selon les derni\u00e8res volont\u00e9s de leur p\u00e8re dans la chapelle<br \/>\ndu domaine, avant son inhumation aupr\u00e8s de ses chiens ador\u00e9s.<\/p>\n<p><script async src=\"https:\/\/platform.twitter.com\/widgets.js\" charset=\"utf-8\"><\/script><\/p>\n","protected":false},"excerpt":{"rendered":"Il y a un an, le cin\u00e9ma fran\u00e7ais perdait l\u2019un de ses g\u00e9ants. Le 18 ao\u00fbt 2023, Alain&hellip;\n","protected":false},"author":2,"featured_media":328194,"comment_status":"","ping_status":"","sticky":false,"template":"","format":"standard","meta":{"footnotes":""},"categories":[1359],"tags":[5960,15944,19718,22608,58,59,63,1011,27,1638,4879,973],"class_list":{"0":"post-328193","1":"post","2":"type-post","3":"status-publish","4":"format-standard","5":"has-post-thumbnail","7":"category-people","8":"tag-alain-delon","9":"tag-alain-fabien-delon","10":"tag-anouchka-delon","11":"tag-anthony-delon","12":"tag-divertissement","13":"tag-entertainment","14":"tag-football","15":"tag-fr","16":"tag-france","17":"tag-has_diapo","18":"tag-hommage","19":"tag-people"},"share_on_mastodon":{"url":"https:\/\/pubeurope.com\/@fr\/115052591340591871","error":""},"_links":{"self":[{"href":"https:\/\/www.europesays.com\/fr\/wp-json\/wp\/v2\/posts\/328193","targetHints":{"allow":["GET"]}}],"collection":[{"href":"https:\/\/www.europesays.com\/fr\/wp-json\/wp\/v2\/posts"}],"about":[{"href":"https:\/\/www.europesays.com\/fr\/wp-json\/wp\/v2\/types\/post"}],"author":[{"embeddable":true,"href":"https:\/\/www.europesays.com\/fr\/wp-json\/wp\/v2\/users\/2"}],"replies":[{"embeddable":true,"href":"https:\/\/www.europesays.com\/fr\/wp-json\/wp\/v2\/comments?post=328193"}],"version-history":[{"count":0,"href":"https:\/\/www.europesays.com\/fr\/wp-json\/wp\/v2\/posts\/328193\/revisions"}],"wp:featuredmedia":[{"embeddable":true,"href":"https:\/\/www.europesays.com\/fr\/wp-json\/wp\/v2\/media\/328194"}],"wp:attachment":[{"href":"https:\/\/www.europesays.com\/fr\/wp-json\/wp\/v2\/media?parent=328193"}],"wp:term":[{"taxonomy":"category","embeddable":true,"href":"https:\/\/www.europesays.com\/fr\/wp-json\/wp\/v2\/categories?post=328193"},{"taxonomy":"post_tag","embeddable":true,"href":"https:\/\/www.europesays.com\/fr\/wp-json\/wp\/v2\/tags?post=328193"}],"curies":[{"name":"wp","href":"https:\/\/api.w.org\/{rel}","templated":true}]}}