{"id":328199,"date":"2025-08-19T00:29:10","date_gmt":"2025-08-19T00:29:10","guid":{"rendered":"https:\/\/www.europesays.com\/fr\/328199\/"},"modified":"2025-08-19T00:29:10","modified_gmt":"2025-08-19T00:29:10","slug":"la-decouverte-hallucinante-denrico-macias","status":"publish","type":"post","link":"https:\/\/www.europesays.com\/fr\/328199\/","title":{"rendered":"la d\u00e9couverte hallucinante d\u2019Enrico Macias"},"content":{"rendered":"<p>      R\u00e9sum\u00e9<\/p>\n<p>Enrico Macias a r\u00e9v\u00e9l\u00e9 que des cassettes de ses chansons ont \u00e9t\u00e9 retrouv\u00e9es chez Ben Laden, confirmant que ce dernier \u00e9tait un fan inattendu de son travail.<\/p>\n<p>        Sommaire<\/p>\n<p>L\u2019heure des r\u00e9v\u00e9lations a sonn\u00e9 pour <a href=\"https:\/\/www.public.fr\/enrico-macias-fond-completement-en-larmes-en-direct-sur-cnews-cette-actualite-qui-la-bouleverse\" target=\"_blank\" rel=\"noopener\">Enrico Macias. <\/a>Lors de son entrevue avec Guillaume Pley, le chanteur a partag\u00e9 de nombreuses anecdotes autour de sa carri\u00e8re notamment son amiti\u00e9 avec Charles Aznavour.<\/p>\n<p>L\u2019homme de 86 ans a notamment admis en toute franchise qu\u2019<strong>il a \u00e9t\u00e9 infid\u00e8le \u00e0 sa femme\u00a0Suzy Leyris, <\/strong>d\u00e9c\u00e9d\u00e9e en 2008, \u00e0 plusieurs reprises. Toutefois, Enrico Macias a tent\u00e9 de se d\u00e9fendre et a d\u00e9clar\u00e9\u00a0: \u00ab\u00a0\u00c7a d\u00e9pend ce que vous appelez fid\u00e9lit\u00e9, quel est le sens que vous donnez \u00e0 la fid\u00e9lit\u00e9. Si ce n\u2019est qu\u2019une enveloppe, ce n\u2019est pas \u00e7a la fid\u00e9lit\u00e9.<\/p>\n<p>\u00ab\u00a0La fid\u00e9lit\u00e9, c\u2019est spirituel. Quand il y a des escapades ou des aventures passag\u00e8res, ce n\u2019est pas \u00e7a l\u2019infid\u00e9lit\u00e9. \u00a0Je ne suis ni cur\u00e9 ni pr\u00eatre ni rabbin ni rien du tout\u2026 M\u00eame les rabbins ils ont le droit\u00a0\u00bb, a-t-il ajout\u00e9 en pr\u00e9cisant qu\u2019il ne l\u2019avait jamais tromp\u00e9e sentimentalement parlant. <\/p>\n<p>Enrico Macias a donc admis ses \u00e9carts mais estime que cela ne comptait pas vraiment si cela s&rsquo;arr\u00eatait \u00e0 des relations charnelles.<\/p>\n<p>Ben Laden adorait Enrico Macias<\/p>\n<p>Ben Laden s\u2019est \u00e9teint en 2011. Lors de cette nouvelle qui a fait le tour du monde, <strong>Enrico Macias a re\u00e7u un appel inattendu de la BBC<\/strong> qui lui a r\u00e9v\u00e9l\u00e9 que des cassettes de lui avaient \u00e9t\u00e9 retrouv\u00e9s chez lui. <\/p>\n<p>Interrog\u00e9 sur cette rumeur, l\u2019interpr\u00e8te de Les filles de mon pays a confirm\u00e9. \u00ab\u00a0Que Ben Laden \u00e9tait un fan de moi, oui. Moi je n\u2019ai pas cru au d\u00e9but. J\u2019ai cru que c\u2019\u00e9tait un gag\u00a0\u00bb, a-t-il acquiesc\u00e9.<\/p>\n<p>Puis, Enrico Macias a donn\u00e9 plus de d\u00e9tails\u00a0:\u00a0\u00ab\u00a0C\u2019est-\u00e0-dire qu\u2019ils ont trouv\u00e9 dans sa cache des cassettes de moi et des discours de Gandhi. Moi j\u2019ai dit <strong>&lsquo;ce n\u2019est pas un grand honneur pour moi d\u2019avoir un fan de moi comme Ben Laden'\u00a0\u00bb<\/strong>. Une r\u00e9action qui se comprend au vu de la personnalit\u00e9 en question.<\/p>\n<p>      Mentionn\u00e9s dans cet article<\/p>\n<p>      Sur le m\u00eame sujet<\/p>\n","protected":false},"excerpt":{"rendered":"R\u00e9sum\u00e9 Enrico Macias a r\u00e9v\u00e9l\u00e9 que des cassettes de ses chansons ont \u00e9t\u00e9 retrouv\u00e9es chez Ben Laden, confirmant&hellip;\n","protected":false},"author":2,"featured_media":328200,"comment_status":"","ping_status":"","sticky":false,"template":"","format":"standard","meta":{"footnotes":""},"categories":[1355],"tags":[58,6856,59,1011,27,1361,873],"class_list":{"0":"post-328199","1":"post","2":"type-post","3":"status-publish","4":"format-standard","5":"has-post-thumbnail","7":"category-musique","8":"tag-divertissement","9":"tag-enrico-macias","10":"tag-entertainment","11":"tag-fr","12":"tag-france","13":"tag-music","14":"tag-musique"},"share_on_mastodon":{"url":"https:\/\/pubeurope.com\/@fr\/115052607314098885","error":""},"_links":{"self":[{"href":"https:\/\/www.europesays.com\/fr\/wp-json\/wp\/v2\/posts\/328199","targetHints":{"allow":["GET"]}}],"collection":[{"href":"https:\/\/www.europesays.com\/fr\/wp-json\/wp\/v2\/posts"}],"about":[{"href":"https:\/\/www.europesays.com\/fr\/wp-json\/wp\/v2\/types\/post"}],"author":[{"embeddable":true,"href":"https:\/\/www.europesays.com\/fr\/wp-json\/wp\/v2\/users\/2"}],"replies":[{"embeddable":true,"href":"https:\/\/www.europesays.com\/fr\/wp-json\/wp\/v2\/comments?post=328199"}],"version-history":[{"count":0,"href":"https:\/\/www.europesays.com\/fr\/wp-json\/wp\/v2\/posts\/328199\/revisions"}],"wp:featuredmedia":[{"embeddable":true,"href":"https:\/\/www.europesays.com\/fr\/wp-json\/wp\/v2\/media\/328200"}],"wp:attachment":[{"href":"https:\/\/www.europesays.com\/fr\/wp-json\/wp\/v2\/media?parent=328199"}],"wp:term":[{"taxonomy":"category","embeddable":true,"href":"https:\/\/www.europesays.com\/fr\/wp-json\/wp\/v2\/categories?post=328199"},{"taxonomy":"post_tag","embeddable":true,"href":"https:\/\/www.europesays.com\/fr\/wp-json\/wp\/v2\/tags?post=328199"}],"curies":[{"name":"wp","href":"https:\/\/api.w.org\/{rel}","templated":true}]}}