{"id":328207,"date":"2025-08-19T00:33:11","date_gmt":"2025-08-19T00:33:11","guid":{"rendered":"https:\/\/www.europesays.com\/fr\/328207\/"},"modified":"2025-08-19T00:33:11","modified_gmt":"2025-08-19T00:33:11","slug":"cyril-hanouna-a-saint-tropez-et-cette-ville-aura-une-place-de-choix-dans-tout-beau-tout-n9uf","status":"publish","type":"post","link":"https:\/\/www.europesays.com\/fr\/328207\/","title":{"rendered":"Cyril Hanouna \u00e0 Saint-Tropez : et cette ville aura une place de choix dans Tout beau, tout n9uf"},"content":{"rendered":"<p>La rentr\u00e9e s\u2019annonce charg\u00e9e pour <a href=\"https:\/\/www.closermag.fr\/people\/cyril-hanouna-perd-lune-de-ses-fideles-malgre-les-rumeurs-ils-se-quittent-en-bons-termes-cyril-hanouna-perd-lune-de-ses-fideles-malgre-les-rumeurs-ils-se-quittent-en-bons-terme-3571856\" target=\"_blank\" rel=\"noopener\"><br \/>\nCyril Hanouna<\/a>. L\u2019animateur pr\u00e9pare activement Tout beau, tout<br \/>\nn9uf, son nouveau talk-show sur W9, attendu le 1er septembre 2025.<br \/>\nLes premiers tournages ont d\u00e9but\u00e9 \u00e0 Saint-Tropez, aux c\u00f4t\u00e9s de<br \/>\nRaymond, de J\u00e9r\u00f4me Anthony et de l\u2019\u00e9quipe artistique men\u00e9e par<br \/>\nKakoumbe.<\/p>\n<p>Des premi\u00e8res images tourn\u00e9es \u00e0 Saint-Tropez<\/p>\n<p>C\u2019est \u00e0 Saint-Tropez que Cyril Hanouna a r\u00e9uni son \u00e9quipe pour<br \/>\ndonner le coup d\u2019envoi des premi\u00e8res s\u00e9quences de Tout beau, tout<br \/>\nn9uf. Le choix de ce d\u00e9cor m\u00e9diterran\u00e9en n\u2019est pas anodin : la<br \/>\nville varoise apporte une touche estivale et festive aux images de<br \/>\nlancement.<\/p>\n<p>Fabien Lecoeuvre a confirm\u00e9 sur les r\u00e9seaux sociaux que le<br \/>\nplateau accueillait d\u00e9j\u00e0 plusieurs visages connus, citant :<br \/>\n\u00ab\u00a0Premiers tournages pour la rentr\u00e9e sous la direction<br \/>\nartistique de Kakoumbe et aux c\u00f4t\u00e9s de Raymond, de J\u00e9r\u00f4me Anthony\u2026<br \/>\net bien s\u00fbr de Cyril Hanouna \u2764\ufe0f\u00a0\u00bb. Ce moment marque une \u00e9tape<br \/>\nsymbolique : celle du passage officiel de <a href=\"https:\/\/www.closermag.fr\/people\/cyril-hanouna-sa-rentree-se-fera-sans-ce-chroniqueur-historique-a-10-000-kilometres-de-la-france-3571771\" target=\"_blank\" rel=\"noopener\"><br \/>\nl\u2019animateur<\/a> dans le giron du groupe M6, apr\u00e8s plus d\u2019une<br \/>\nd\u00e9cennie pass\u00e9e sur C8.<\/p>\n<p>Un nouveau format quotidien sur W9<\/p>\n<p>Le 1er septembre prochain, Tout beau, tout n9uf fera ses d\u00e9buts<br \/>\nsur W9 dans la case de l\u2019access prime time. Pr\u00e9vu en direct, le<br \/>\nprogramme sera diffus\u00e9 du lundi au vendredi autour de 19h45, avec<br \/>\npr\u00e8s de trois heures d\u2019antenne. Le concept repose sur un m\u00e9lange de<br \/>\nd\u00e9bats d\u2019actualit\u00e9, d\u2019\u00e9changes avec le public et de moments de<br \/>\ndivertissement.<\/p>\n<p>Pour la cha\u00eene, il s\u2019agit de proposer une alternative familiale<br \/>\net conviviale \u00e0 l\u2019offre concurrente. Afin d\u2019accompagner cette<br \/>\nnouvelle vitrine, Cyril Hanouna pr\u00e9sentera \u00e9galement un before<br \/>\nintitul\u00e9 Cyril et la famille, d\u00e8s 18h45, pens\u00e9 comme une mise en<br \/>\nbouche plus l\u00e9g\u00e8re. Ces deux rendez-vous marquent une volont\u00e9<br \/>\nclaire du groupe M6 : installer durablement son animateur phare<br \/>\ndans la grille quotidienne.<\/p>\n<blockquote class=\"twitter-tweet\"><p><a class=\"twitter-link\" rel=\"noindex, nofollow noopener\" href=\"https:\/\/twitter.com\/FabienLecoeuvre\/status\/1957471504263676094\" target=\"_blank\"><\/p><\/blockquote>\n<p>Des chroniqueurs fid\u00e8les et de<br \/>\nnouvelles recrues<\/p>\n<p>Autour de Cyril Hanouna, plusieurs piliers de Touche pas \u00e0 mon<br \/>\nposte ! poursuivent l\u2019aventure. Raymond Aabou, <a href=\"https:\/\/www.closermag.fr\/people\/valerie-benaim-absente-deurope-1-apres-ses-problemes-de-sante-lannonce-inquietante-de-cyril-hanouna-3553531\" target=\"_blank\" rel=\"noopener\"><br \/>\nVal\u00e9rie B\u00e9na\u00efm<\/a>, Gilles Verdez, Isabelle Morini-Bosc ou encore<br \/>\n<a href=\"https:\/\/www.closermag.fr\/tv_tele_realite\/geraldine-maillet-la-souffre-douleur-de-cyril-hanouna-paye-cher-sa-presence-dans-tpmp-mais-gagne-encore-plus-3528208\" target=\"_blank\" rel=\"noopener\"><br \/>\nG\u00e9raldine Maillet<\/a> seront pr\u00e9sents sur le plateau. Mais<br \/>\nl\u2019animateur a aussi d\u00e9cid\u00e9 d\u2019ouvrir son casting \u00e0 de nouveaux<br \/>\nprofils. On retrouvera ainsi J\u00e9r\u00f4me Anthony, habitu\u00e9 des antennes<br \/>\ndu groupe M6, ainsi qu\u2019Olivier Dartigolles, d\u00e9j\u00e0 annonc\u00e9 parmi les<br \/>\nrenforts.<\/p>\n<p>D\u2019autres personnalit\u00e9s, comme <a href=\"https:\/\/www.closermag.fr\/politique\/marlene-schiappa-jeune-mariee-photos-de-reve-pour-sa-lune-de-miel-avant-laccouchement-3571780\" target=\"_blank\" rel=\"noopener\"><br \/>\nMarl\u00e8ne Schiappa<\/a>, Jade Leb\u0153uf ou encore Shana Loustau, ont \u00e9t\u00e9<br \/>\n\u00e9voqu\u00e9es pour rejoindre ponctuellement l\u2019\u00e9mission. Ce m\u00e9lange<br \/>\nd\u2019anciens et de nouveaux visages vise \u00e0 garantir un \u00e9quilibre entre<br \/>\nfid\u00e9lit\u00e9 aux t\u00e9l\u00e9spectateurs de longue date et ouverture vers de<br \/>\nnouveaux publics.<\/p>\n<p><script async src=\"https:\/\/platform.twitter.com\/widgets.js\" charset=\"utf-8\"><\/script><\/p>\n","protected":false},"excerpt":{"rendered":"La rentr\u00e9e s\u2019annonce charg\u00e9e pour Cyril Hanouna. L\u2019animateur pr\u00e9pare activement Tout beau, tout n9uf, son nouveau talk-show sur&hellip;\n","protected":false},"author":2,"featured_media":328208,"comment_status":"","ping_status":"","sticky":false,"template":"","format":"standard","meta":{"footnotes":""},"categories":[8],"tags":[548,1083,58,59,1011,27],"class_list":{"0":"post-328207","1":"post","2":"type-post","3":"status-publish","4":"format-standard","5":"has-post-thumbnail","7":"category-divertissement","8":"tag-article-simple","9":"tag-cyril-hanouna","10":"tag-divertissement","11":"tag-entertainment","12":"tag-fr","13":"tag-france"},"share_on_mastodon":{"url":"https:\/\/pubeurope.com\/@fr\/115052622951016257","error":""},"_links":{"self":[{"href":"https:\/\/www.europesays.com\/fr\/wp-json\/wp\/v2\/posts\/328207","targetHints":{"allow":["GET"]}}],"collection":[{"href":"https:\/\/www.europesays.com\/fr\/wp-json\/wp\/v2\/posts"}],"about":[{"href":"https:\/\/www.europesays.com\/fr\/wp-json\/wp\/v2\/types\/post"}],"author":[{"embeddable":true,"href":"https:\/\/www.europesays.com\/fr\/wp-json\/wp\/v2\/users\/2"}],"replies":[{"embeddable":true,"href":"https:\/\/www.europesays.com\/fr\/wp-json\/wp\/v2\/comments?post=328207"}],"version-history":[{"count":0,"href":"https:\/\/www.europesays.com\/fr\/wp-json\/wp\/v2\/posts\/328207\/revisions"}],"wp:featuredmedia":[{"embeddable":true,"href":"https:\/\/www.europesays.com\/fr\/wp-json\/wp\/v2\/media\/328208"}],"wp:attachment":[{"href":"https:\/\/www.europesays.com\/fr\/wp-json\/wp\/v2\/media?parent=328207"}],"wp:term":[{"taxonomy":"category","embeddable":true,"href":"https:\/\/www.europesays.com\/fr\/wp-json\/wp\/v2\/categories?post=328207"},{"taxonomy":"post_tag","embeddable":true,"href":"https:\/\/www.europesays.com\/fr\/wp-json\/wp\/v2\/tags?post=328207"}],"curies":[{"name":"wp","href":"https:\/\/api.w.org\/{rel}","templated":true}]}}