{"id":328211,"date":"2025-08-19T00:35:12","date_gmt":"2025-08-19T00:35:12","guid":{"rendered":"https:\/\/www.europesays.com\/fr\/328211\/"},"modified":"2025-08-19T00:35:12","modified_gmt":"2025-08-19T00:35:12","slug":"aux-etats-unis-la-chaine-pro-trump-newsmax-va-payer-67-millions-de-dollars-a-lentreprise-de-machines-a-voter-dominion","status":"publish","type":"post","link":"https:\/\/www.europesays.com\/fr\/328211\/","title":{"rendered":"Aux Etats-Unis, la cha\u00eene pro-Trump Newsmax va payer 67\u00a0millions de dollars \u00e0 l\u2019entreprise de machines \u00e0 voter Dominion"},"content":{"rendered":"<p>                          <img loading=\"lazy\" decoding=\"async\" src=\"https:\/\/www.europesays.com\/fr\/wp-content\/uploads\/2025\/08\/556dcd2_ftp-import-images-1-ncfzeelugrj2-2025-08-18t170455z-2138814714-rc2doda4aiuu-rtrmadp-3-usa-ne.jpeg\" alt=\"A New York, le 31\u00a0mars\u00a02025.  \"   width=\"664\" height=\"443\"\/>    A New York, le 31\u00a0mars\u00a02025.  BRENDAN MCDERMID \/ REUTERS                          <\/p>\n<p class=\"article__paragraph  \">La cha\u00eene am\u00e9ricaine pro-Trump Newsmax s\u2019est engag\u00e9e \u00e0 payer 67\u00a0millions de dollars (57,4\u00a0millions d\u2019euros) au g\u00e9ant des machines de vote \u00e9lectronique Dominion qui la poursuivait pour avoir diffus\u00e9 des accusations mensong\u00e8res de fraude \u00e9lectorale apr\u00e8s l\u2019\u00e9lection pr\u00e9sidentielle de 2020, selon un document officiel publi\u00e9 lundi 18\u00a0ao\u00fbt.<\/p>\n<p class=\"article__paragraph  \">Dominion Voting Systems avait conclu un accord avec Fox News en avril\u00a02023 pour des faits similaires, for\u00e7ant la cha\u00eene de Rupert Murdoch, tr\u00e8s appr\u00e9ci\u00e9e des conservateurs, \u00e0 lui verser 787,5\u00a0millions de dollars pour mettre fin \u00e0 des poursuites en diffamation du m\u00eame type.<\/p>\n<p class=\"article__paragraph  \">La soci\u00e9t\u00e9 Dominion avait \u00e9t\u00e9 accus\u00e9e par des m\u00e9dias proches du pr\u00e9sident r\u00e9publicain sortant, Donald Trump, d\u2019avoir utilis\u00e9 ses machines de vote \u00e9lectronique pour truquer l\u2019\u00e9lection de 2020, remport\u00e9e par le d\u00e9mocrate Joe Biden mais que Donald Trump refuse toujours de reconna\u00eetre comme une d\u00e9faite.<\/p>\n<p>                                       Lire aussi (2023) |  Article r\u00e9serv\u00e9 \u00e0 nos abonn\u00e9s  <a href=\"https:\/\/www.lemonde.fr\/international\/article\/2023\/04\/20\/aux-etats-unis-fox-news-solde-la-desinformation-de-l-election-presidentielle-de-2020_6170292_3210.html\" class=\"js-article-read-also catcher--favoris__link\" data-premium=\"1\" id=\"article-title-3319398\" rel=\"nofollow noopener\" target=\"_blank\">Aux Etats-Unis, Fox News solde la d\u00e9sinformation de l\u2019\u00e9lection pr\u00e9sidentielle de 2020<\/a>    <\/p>\n<p>   Lire plus tard  <\/p>\n<p>                          Un r\u00e8glement en trois tranches                    <\/p>\n<p class=\"article__paragraph  \">Dominion r\u00e9clamait 1,6\u00a0milliard de dollars \u00e0 Newsmax pour avoir diffus\u00e9 des accusations mensong\u00e8res de fraude \u00e9lectorale. Dans un communiqu\u00e9, Newsmax a expliqu\u00e9 avoir cherch\u00e9 \u00e0 conclure un accord financier car elle \u00ab\u00a0n\u2019aurait pas re\u00e7u un proc\u00e8s \u00e9quitable\u00a0\u00bb de la part du juge d\u00e9sign\u00e9 pour ce dossier dans l\u2019Etat du Delaware, celui de Joe Biden, o\u00f9 la plainte avait \u00e9t\u00e9 d\u00e9pos\u00e9e. \u00ab\u00a0Nous affirmons toujours que notre couverture a \u00e9t\u00e9 juste, \u00e9quilibr\u00e9e et men\u00e9e dans le cadre des normes journalistiques\u00a0\u00bb, a aussi d\u00e9clar\u00e9 la cha\u00eene.<\/p>\n<p class=\"article__paragraph  \">Dans un document d\u00e9pos\u00e9 lundi aupr\u00e8s de l\u2019organisme f\u00e9d\u00e9ral am\u00e9ricain de r\u00e9glementation des march\u00e9s financiers, la Securities and Exchange Commission (SEC), Newsmax pr\u00e9cise avoir r\u00e9gl\u00e9 vendredi\u00a027\u00a0millions de dollars \u00e0 Dominion et qu\u2019elle paiera le solde en deux tranches en\u00a02026 et 2027.<\/p>\n<p>                                       Lire aussi |  <a href=\"https:\/\/www.lemonde.fr\/pixels\/article\/2020\/11\/20\/qu-est-ce-que-dominion-le-logiciel-electoral-attaque-par-donald-trump_6060562_4408996.html\" class=\"js-article-read-also catcher--favoris__link\" data-premium=\"\" id=\"article-title-3197989\" rel=\"nofollow noopener\" target=\"_blank\">Qu\u2019est-ce que Dominion, le logiciel \u00e9lectoral attaqu\u00e9 par Donald Trump\u00a0?<\/a>    <\/p>\n<p>   Lire plus tard  <\/p>\n<p class=\"author__detail\">  Le Monde avec AFP  <\/p>\n<p>                  <a href=\"https:\/\/www.lemonde.fr\/syndication\/\" class=\"reuse__content\" title=\"R\u00e9utiliser ce contenu\" target=\"_blank\" rel=\"nofollow noopener\">R\u00e9utiliser ce contenu<\/a>      <\/p>\n","protected":false},"excerpt":{"rendered":"A New York, le 31\u00a0mars\u00a02025. BRENDAN MCDERMID \/ REUTERS La cha\u00eene am\u00e9ricaine pro-Trump Newsmax s\u2019est engag\u00e9e \u00e0 payer&hellip;\n","protected":false},"author":2,"featured_media":328212,"comment_status":"","ping_status":"","sticky":false,"template":"","format":"standard","meta":{"footnotes":""},"categories":[6],"tags":[35,33,34,1011,27],"class_list":{"0":"post-328211","1":"post","2":"type-post","3":"status-publish","4":"format-standard","5":"has-post-thumbnail","7":"category-economie","8":"tag-business","9":"tag-economie","10":"tag-economy","11":"tag-fr","12":"tag-france"},"share_on_mastodon":{"url":"https:\/\/pubeurope.com\/@fr\/115052630888804098","error":""},"_links":{"self":[{"href":"https:\/\/www.europesays.com\/fr\/wp-json\/wp\/v2\/posts\/328211","targetHints":{"allow":["GET"]}}],"collection":[{"href":"https:\/\/www.europesays.com\/fr\/wp-json\/wp\/v2\/posts"}],"about":[{"href":"https:\/\/www.europesays.com\/fr\/wp-json\/wp\/v2\/types\/post"}],"author":[{"embeddable":true,"href":"https:\/\/www.europesays.com\/fr\/wp-json\/wp\/v2\/users\/2"}],"replies":[{"embeddable":true,"href":"https:\/\/www.europesays.com\/fr\/wp-json\/wp\/v2\/comments?post=328211"}],"version-history":[{"count":0,"href":"https:\/\/www.europesays.com\/fr\/wp-json\/wp\/v2\/posts\/328211\/revisions"}],"wp:featuredmedia":[{"embeddable":true,"href":"https:\/\/www.europesays.com\/fr\/wp-json\/wp\/v2\/media\/328212"}],"wp:attachment":[{"href":"https:\/\/www.europesays.com\/fr\/wp-json\/wp\/v2\/media?parent=328211"}],"wp:term":[{"taxonomy":"category","embeddable":true,"href":"https:\/\/www.europesays.com\/fr\/wp-json\/wp\/v2\/categories?post=328211"},{"taxonomy":"post_tag","embeddable":true,"href":"https:\/\/www.europesays.com\/fr\/wp-json\/wp\/v2\/tags?post=328211"}],"curies":[{"name":"wp","href":"https:\/\/api.w.org\/{rel}","templated":true}]}}