{"id":328216,"date":"2025-08-19T00:38:15","date_gmt":"2025-08-19T00:38:15","guid":{"rendered":"https:\/\/www.europesays.com\/fr\/328216\/"},"modified":"2025-08-19T00:38:15","modified_gmt":"2025-08-19T00:38:15","slug":"plusieurs-cas-signales-en-europe-probablement-lies-aux-fromages-francais","status":"publish","type":"post","link":"https:\/\/www.europesays.com\/fr\/328216\/","title":{"rendered":"Plusieurs cas signal\u00e9s en Europe probablement li\u00e9s aux fromages fran\u00e7ais"},"content":{"rendered":"<p>L\u2019alerte sanitaire autour de <a href=\"https:\/\/www.20minutes.fr\/dossier\/fromage\" target=\"_blank\" class=\"c-link c-link--is-underlined\" rel=\"noopener\">fromages<\/a> pasteuris\u00e9s produits par l\u2019entreprise Chavegrand prend une tournure mondiale. Apr\u00e8s la France, plusieurs pays europ\u00e9ens ont signal\u00e9 des cas de <a href=\"https:\/\/www.20minutes.fr\/dossier\/listeria\" target=\"_blank\" class=\"c-link c-link--is-underlined\" rel=\"noopener\">list\u00e9riose<\/a>, et l\u2019ECDC pr\u00e9vient que l\u2019\u00e9pid\u00e9mie pourrait s\u2019\u00e9tendre bien au-del\u00e0 du continent.<\/p>\n<p>Selon un rapport cit\u00e9 par <a href=\"https:\/\/sante.ouest-france.fr\/maladies\/fromages-cinq-pays-europeens-concernes-par-cette-epidemie-internationale-de-listeriose-622ca4a4-7c23-11f0-918c-237d7f802514\" rel=\"nofollow noopener\" target=\"_blank\" class=\"c-link c-link--is-underlined\">Ouest-France<\/a>, l\u2019alerte a \u00e9t\u00e9 d\u00e9clench\u00e9e fin juillet en France, o\u00f9 21 personnes ont \u00e9t\u00e9 infect\u00e9es, dont deux sont d\u00e9c\u00e9d\u00e9es. Mais la maladie a d\u00e9j\u00e0 franchi les fronti\u00e8res\u00a0: la Belgique, le Danemark, les Pays-Bas et la Norv\u00e8ge comptent chacun un malade confirm\u00e9, \u00e2g\u00e9 de 35 \u00e0 70 ans. L\u2019agence europ\u00e9enne de sant\u00e9 publique parle d\u00e9sormais d\u2019une \u00ab\u00a0<a href=\"https:\/\/www.20minutes.fr\/dossier\/epidemie\" target=\"_blank\" class=\"c-link c-link--is-underlined\" rel=\"noopener\">\u00e9pid\u00e9mie<\/a> internationale\u00a0\u00bb.<\/p>\n<\/p>\n<p>Du Royaume-Uni \u00e0 l\u2019Australie en passant par l\u2019Asie<\/p>\n<p>Les produits incrimin\u00e9s sont des fromages \u00e0 p\u00e2te molle de <a href=\"https:\/\/www.20minutes.fr\/dossier\/vache\" target=\"_blank\" class=\"c-link c-link--is-underlined\" rel=\"noopener\">vache<\/a> et de ch\u00e8vre vendus sous une quarantaine de marques. Ils ont \u00e9t\u00e9 distribu\u00e9s depuis d\u00e9cembre\u00a02024 dans au moins 32 pays. Comme le rapporte <a href=\"https:\/\/www.bfmtv.com\/sante\/info-bfmtv-cas-de-listeriose-plusieurs-autres-malades-signales-en-europe-une-epidemie-internationale_AN-202508180241.html\" rel=\"nofollow noopener\" target=\"_blank\" class=\"c-link c-link--is-underlined\">BFMTV<\/a>, l\u2019ECDC cite notamment l\u2019Australie, Hong Kong, la Suisse, le Royaume-Uni, la Cor\u00e9e du Sud, l\u2019Espagne, le Japon ou encore les Etats-Unis parmi les destinations concern\u00e9es. La question se pose d\u00e9sormais\u00a0: doit-on s\u2019attendre \u00e0 voir des cas appara\u00eetre \u00e0 l\u2019\u00e9chelle mondiale\u00a0?<\/p>\n<p><a href=\"https:\/\/www.20minutes.fr\/sante\/\" target=\"_blank\" class=\"c-link c-btn c-btn--primary\" rel=\"noopener\">Notre dossier Sant\u00e9<\/a><\/p>\n<p>L\u2019agence pr\u00e9cise que les contaminations recens\u00e9es en <a href=\"https:\/\/www.20minutes.fr\/dossier\/europe\" target=\"_blank\" class=\"c-link c-link--is-underlined\" rel=\"noopener\">Europe<\/a> en dehors de la France auraient eu lieu entre le 19\u00a0avril et le 9\u00a0juillet. Une enqu\u00eate de tra\u00e7abilit\u00e9 est en cours pour remonter la cha\u00eene de production et de distribution. Face au risque, un rappel massif a \u00e9t\u00e9 lanc\u00e9, touchant 40 r\u00e9f\u00e9rences de fromages. Les autorit\u00e9s alimentaires des pays concern\u00e9s diffusent des avertissements publics et renforcent leurs contr\u00f4les. L\u2019ECDC, qui suit \u00ab\u00a0de tr\u00e8s pr\u00e8s\u00a0\u00bb la situation, appelle \u00e0 la vigilance et demande aux Etats membres de signaler tout cas suspect.<\/p>\n","protected":false},"excerpt":{"rendered":"L\u2019alerte sanitaire autour de fromages pasteuris\u00e9s produits par l\u2019entreprise Chavegrand prend une tournure mondiale. Apr\u00e8s la France, plusieurs&hellip;\n","protected":false},"author":2,"featured_media":328217,"comment_status":"","ping_status":"","sticky":false,"template":"","format":"standard","meta":{"footnotes":""},"categories":[2],"tags":[47,11,5826,434,674,1011,27,23319,27868,74,12,25575,71],"class_list":{"0":"post-328216","1":"post","2":"type-post","3":"status-publish","4":"format-standard","5":"has-post-thumbnail","7":"category-actualites","8":"tag-actualite","9":"tag-actualites","10":"tag-contamination","11":"tag-epidemie","12":"tag-europe","13":"tag-fr","14":"tag-france","15":"tag-fromage","16":"tag-listeria","17":"tag-monde","18":"tag-news","19":"tag-rappel-de-produit","20":"tag-sante"},"share_on_mastodon":{"url":"https:\/\/pubeurope.com\/@fr\/115052642478796227","error":""},"_links":{"self":[{"href":"https:\/\/www.europesays.com\/fr\/wp-json\/wp\/v2\/posts\/328216","targetHints":{"allow":["GET"]}}],"collection":[{"href":"https:\/\/www.europesays.com\/fr\/wp-json\/wp\/v2\/posts"}],"about":[{"href":"https:\/\/www.europesays.com\/fr\/wp-json\/wp\/v2\/types\/post"}],"author":[{"embeddable":true,"href":"https:\/\/www.europesays.com\/fr\/wp-json\/wp\/v2\/users\/2"}],"replies":[{"embeddable":true,"href":"https:\/\/www.europesays.com\/fr\/wp-json\/wp\/v2\/comments?post=328216"}],"version-history":[{"count":0,"href":"https:\/\/www.europesays.com\/fr\/wp-json\/wp\/v2\/posts\/328216\/revisions"}],"wp:featuredmedia":[{"embeddable":true,"href":"https:\/\/www.europesays.com\/fr\/wp-json\/wp\/v2\/media\/328217"}],"wp:attachment":[{"href":"https:\/\/www.europesays.com\/fr\/wp-json\/wp\/v2\/media?parent=328216"}],"wp:term":[{"taxonomy":"category","embeddable":true,"href":"https:\/\/www.europesays.com\/fr\/wp-json\/wp\/v2\/categories?post=328216"},{"taxonomy":"post_tag","embeddable":true,"href":"https:\/\/www.europesays.com\/fr\/wp-json\/wp\/v2\/tags?post=328216"}],"curies":[{"name":"wp","href":"https:\/\/api.w.org\/{rel}","templated":true}]}}