{"id":328220,"date":"2025-08-19T00:47:18","date_gmt":"2025-08-19T00:47:18","guid":{"rendered":"https:\/\/www.europesays.com\/fr\/328220\/"},"modified":"2025-08-19T00:47:18","modified_gmt":"2025-08-19T00:47:18","slug":"lalerte-rapide-dun-temoin-permet-a-un-jeune-secouriste-de-18-ans-de-sauver-de-la-noyade-une-vacanciere-en-arret-cardio-respiratoire-dans-leau","status":"publish","type":"post","link":"https:\/\/www.europesays.com\/fr\/328220\/","title":{"rendered":"L\u2019alerte rapide d\u2019un t\u00e9moin permet \u00e0 un jeune secouriste de 18 ans de sauver de la noyade une vacanci\u00e8re en arr\u00eat cardio-respiratoire dans l\u2019eau"},"content":{"rendered":"<p>\n                                                                \u00c0 Montpellier, un secouriste \u00e2g\u00e9 de 18 ans a sauv\u00e9 une vacanci\u00e8re en arr\u00eat cardio-respiratoire de la noyade apr\u00e8s avoir \u00e9t\u00e9 victime d\u2019un malaise dans l\u2019eau, \u00e0 Palavas-les-Flots.\u00a0Cet \u00e9t\u00e9, la France fait face \u00e0 un record de personnes qui ont perdu la vie par noyade.\n                            <\/p>\n<p>Alors que la France enregistre un triste record de noyades cet \u00e9t\u00e9, samedi 16\u00a0ao\u00fbt 2025, dans l\u2019H\u00e9rault, l\u2019intervention rapide d\u2019un secouriste a permis de sauver une vacanci\u00e8re.<\/p>\n<p>La vacanci\u00e8re victime d&rsquo;un malaise<\/p>\n<p>Une Allemande, \u00e2g\u00e9e de 54 ans, qui \u00e9taient en train de se baigner \u00e0 Palavas-les-Flots, pr\u00e8s de Montpellier, a, en d\u00e9but de soir\u00e9e, fait un malaise dans l\u2019eau, rapporte <a href=\"https:\/\/www.midilibre.fr\/2025\/08\/17\/sacre-bapteme-du-feu-a-tout-juste-18-ans-un-secouriste-de-la-snsm-sauve-une-femme-en-arret-cardiaque-de-la-noyade-a-palavas-les-flots-12880401.php\" target=\"_self\" rel=\"nofollow noopener\">Midi Libre<\/a>. Victime d\u2019un d\u00e9but de noyade, la quinquag\u00e9naire s\u2019est retrouv\u00e9e en arr\u00eat cardio-respiratoire.<\/p>\n<p>Une silhouette dont le dos d\u00e9passait<\/p>\n<p>Elle doit son salut gr\u00e2ce \u00e0 la r\u00e9activit\u00e9 d\u2019abord d\u2019un t\u00e9moin, qui a aper\u00e7u une silhouette dont seul le dos d\u00e9passait \u00e0 la surface de l\u2019eau et des ma\u00eetres nageurs qu\u2019il a rapidement pr\u00e9venus au poste de secours.<\/p>\n<p>Comme l\u2019expliquent nos confr\u00e8res, le secouriste affect\u00e9 au poste SNSM (Soci\u00e9t\u00e9 nationale de sauvetage en mer), \u00e2g\u00e9 d\u2019\u00e0 peine 18 ans, s\u2019est imm\u00e9diatement pr\u00e9cipit\u00e9 dans l\u2019eau. De l\u00e0, il a pu ramener la victime, inconsciente, jusqu\u2019au rivage. Et a commenc\u00e9 \u00e0 prodiguer les gestes de premiers secours.<\/p>\n<p>Le coeur est reparti<\/p>\n<p>Alors qu\u2019il s\u2019agissait, toujours selon les informations du m\u00e9dia r\u00e9gional, de sa premi\u00e8re intervention majeure, il a r\u00e9ussi \u00e0 refaire partir le c\u0153ur de la victime. Avant d\u2019\u00eatre rejoint et appuy\u00e9 par les sapeurs-pompiers et un \u00e9quipage de m\u00e9decins du Samu. Elle a \u00e9t\u00e9 transport\u00e9e au centre hospitalier pour une prise en charge m\u00e9dicale.\u00a0<\/p>\n","protected":false},"excerpt":{"rendered":"\u00c0 Montpellier, un secouriste \u00e2g\u00e9 de 18 ans a sauv\u00e9 une vacanci\u00e8re en arr\u00eat cardio-respiratoire de la noyade&hellip;\n","protected":false},"author":2,"featured_media":328221,"comment_status":"","ping_status":"","sticky":false,"template":"","format":"standard","meta":{"footnotes":""},"categories":[9599],"tags":[1111,11,1777,674,1011,27,2208,12,2680,25],"class_list":{"0":"post-328220","1":"post","2":"type-post","3":"status-publish","4":"format-standard","5":"has-post-thumbnail","7":"category-montpellier","8":"tag-actu","9":"tag-actualites","10":"tag-eu","11":"tag-europe","12":"tag-fr","13":"tag-france","14":"tag-montpellier","15":"tag-news","16":"tag-occitanie","17":"tag-republique-francaise"},"share_on_mastodon":{"url":"https:\/\/pubeurope.com\/@fr\/115052677899760718","error":""},"_links":{"self":[{"href":"https:\/\/www.europesays.com\/fr\/wp-json\/wp\/v2\/posts\/328220","targetHints":{"allow":["GET"]}}],"collection":[{"href":"https:\/\/www.europesays.com\/fr\/wp-json\/wp\/v2\/posts"}],"about":[{"href":"https:\/\/www.europesays.com\/fr\/wp-json\/wp\/v2\/types\/post"}],"author":[{"embeddable":true,"href":"https:\/\/www.europesays.com\/fr\/wp-json\/wp\/v2\/users\/2"}],"replies":[{"embeddable":true,"href":"https:\/\/www.europesays.com\/fr\/wp-json\/wp\/v2\/comments?post=328220"}],"version-history":[{"count":0,"href":"https:\/\/www.europesays.com\/fr\/wp-json\/wp\/v2\/posts\/328220\/revisions"}],"wp:featuredmedia":[{"embeddable":true,"href":"https:\/\/www.europesays.com\/fr\/wp-json\/wp\/v2\/media\/328221"}],"wp:attachment":[{"href":"https:\/\/www.europesays.com\/fr\/wp-json\/wp\/v2\/media?parent=328220"}],"wp:term":[{"taxonomy":"category","embeddable":true,"href":"https:\/\/www.europesays.com\/fr\/wp-json\/wp\/v2\/categories?post=328220"},{"taxonomy":"post_tag","embeddable":true,"href":"https:\/\/www.europesays.com\/fr\/wp-json\/wp\/v2\/tags?post=328220"}],"curies":[{"name":"wp","href":"https:\/\/api.w.org\/{rel}","templated":true}]}}