{"id":328222,"date":"2025-08-19T00:48:33","date_gmt":"2025-08-19T00:48:33","guid":{"rendered":"https:\/\/www.europesays.com\/fr\/328222\/"},"modified":"2025-08-19T00:48:33","modified_gmt":"2025-08-19T00:48:33","slug":"ligue-2-j2-montpellier-lance-sa-saison-en-simposant-au-mans","status":"publish","type":"post","link":"https:\/\/www.europesays.com\/fr\/328222\/","title":{"rendered":"Ligue 2 (J2) &#8211; Montpellier lance sa saison en s&rsquo;imposant au Mans"},"content":{"rendered":"<p style=\"text-align: justify;\">Deux divisions s\u00e9paraient ces deux \u00e9quipes il y a quelques semaines. Montpellier a failli buter sur un promu ce lundi en cl\u00f4ture de la 2e journ\u00e9e de Ligue 2 ce lundi en s\u2019imposant au Mans (2-1) au stade Marie-Marvingt.<\/p>\n<p style=\"text-align: justify;\">\u00c0 lire aussi &gt;&gt;\u00a0<a href=\"https:\/\/maligue2.fr\/2025\/08\/16\/ligue-2-j2-saint-etienne-etouffe-rodez-dans-le-chaudron\/\" target=\"_blank\" rel=\"noopener\">Ligue 2 (J2) \u2013 Saint-\u00c9tienne \u00e9touffe Rodez dans le Chaudron<\/a><\/p>\n<p style=\"text-align: justify;\">L\u2019ailier Tanguy Coulibaly ouvre le score \u00e0 la 54e minute. \u00c0 l\u2019entr\u00e9e du temps additionnel, la nouvelle recrue dans le but h\u00e9raultais, Simon Ngapandouetnbu, pense sauver deux points pour son \u00e9quipe gr\u00e2ce \u00e0 une grosse parade devant Vercruysse. Pourtant, l\u2019\u00e9quipe de Zoumana Camara continue de reculer et craque \u00e0 la 97e minute sur un coup de t\u00eate de Dame Gueye\u2026 Mais \u00e0 la 10e minute des arr\u00eats de jeu, Junior Ndiaye profite d\u2019un centre d\u2019Alexandre Mendy pour redonner l\u2019avantage aux visiteurs, qui rejoignent le wagon de t\u00eate, avec les autres \u00e9quipes \u00e0 4 points (ASSE, Amiens, Pau, Reims, Troyes, Nancy).<\/p>\n<p style=\"text-align: justify;\">\nPhoto Romain Perrocheau\/FEP\/Icon Sport<\/p>\n","protected":false},"excerpt":{"rendered":"Deux divisions s\u00e9paraient ces deux \u00e9quipes il y a quelques semaines. Montpellier a failli buter sur un promu&hellip;\n","protected":false},"author":2,"featured_media":328223,"comment_status":"","ping_status":"","sticky":false,"template":"","format":"standard","meta":{"footnotes":""},"categories":[9599],"tags":[1962,1111,11,1777,674,1011,27,2191,2208,12,2680,25],"class_list":{"0":"post-328222","1":"post","2":"type-post","3":"status-publish","4":"format-standard","5":"has-post-thumbnail","7":"category-montpellier","8":"tag-alaune5","9":"tag-actu","10":"tag-actualites","11":"tag-eu","12":"tag-europe","13":"tag-fr","14":"tag-france","15":"tag-le-mans","16":"tag-montpellier","17":"tag-news","18":"tag-occitanie","19":"tag-republique-francaise"},"share_on_mastodon":{"url":"https:\/\/pubeurope.com\/@fr\/115052681849588668","error":""},"_links":{"self":[{"href":"https:\/\/www.europesays.com\/fr\/wp-json\/wp\/v2\/posts\/328222","targetHints":{"allow":["GET"]}}],"collection":[{"href":"https:\/\/www.europesays.com\/fr\/wp-json\/wp\/v2\/posts"}],"about":[{"href":"https:\/\/www.europesays.com\/fr\/wp-json\/wp\/v2\/types\/post"}],"author":[{"embeddable":true,"href":"https:\/\/www.europesays.com\/fr\/wp-json\/wp\/v2\/users\/2"}],"replies":[{"embeddable":true,"href":"https:\/\/www.europesays.com\/fr\/wp-json\/wp\/v2\/comments?post=328222"}],"version-history":[{"count":0,"href":"https:\/\/www.europesays.com\/fr\/wp-json\/wp\/v2\/posts\/328222\/revisions"}],"wp:featuredmedia":[{"embeddable":true,"href":"https:\/\/www.europesays.com\/fr\/wp-json\/wp\/v2\/media\/328223"}],"wp:attachment":[{"href":"https:\/\/www.europesays.com\/fr\/wp-json\/wp\/v2\/media?parent=328222"}],"wp:term":[{"taxonomy":"category","embeddable":true,"href":"https:\/\/www.europesays.com\/fr\/wp-json\/wp\/v2\/categories?post=328222"},{"taxonomy":"post_tag","embeddable":true,"href":"https:\/\/www.europesays.com\/fr\/wp-json\/wp\/v2\/tags?post=328222"}],"curies":[{"name":"wp","href":"https:\/\/api.w.org\/{rel}","templated":true}]}}