{"id":328224,"date":"2025-08-19T00:56:10","date_gmt":"2025-08-19T00:56:10","guid":{"rendered":"https:\/\/www.europesays.com\/fr\/328224\/"},"modified":"2025-08-19T00:56:10","modified_gmt":"2025-08-19T00:56:10","slug":"darryl-bakola-a-fait-un-malaise-apres-le-match-contre-rennes","status":"publish","type":"post","link":"https:\/\/www.europesays.com\/fr\/328224\/","title":{"rendered":"Darryl Bakola a fait un malaise apr\u00e8s le match contre Rennes"},"content":{"rendered":"<p>Vendredi dernier, l\u2019OM n\u2019a pas eu le d\u00e9part escompt\u00e9 en <a href=\"https:\/\/www.footmercato.net\/france\/ligue-1\/\" rel=\"nofollow noopener\" target=\"_blank\">Ligue 1<\/a>. Nourrissant de grandes ambitions pour la nouvelle saison avec le mercato r\u00e9alis\u00e9, le club de la Canebi\u00e8re s\u2019est cass\u00e9 les dents d\u00e8s la premi\u00e8re journ\u00e9e. Face \u00e0 un Stade rennais pourtant r\u00e9duit \u00e0 dix rapidement, <a href=\"https:\/\/www.footmercato.net\/club\/om\/\" rel=\"nofollow noopener\" target=\"_blank\">Marseille<\/a> n\u2019a pas trouv\u00e9 les ressources pour faire la diff\u00e9rence. R\u00e9sultat, une d\u00e9faite sur la plus petite des marges en fin de rencontre (1-0). Un revers qui a laiss\u00e9 des stigmates. Outre cette mauvaise op\u00e9ration sportive, les esprits se sont \u00e9chauff\u00e9s apr\u00e8s la rencontre. <\/p>\n<p>            La suite apr\u00e8s cette publicit\u00e9<\/p>\n<p>Au c\u0153ur des invectives, deux hommes : Adrien Rabiot et Jonathan Rowe. Alors que le premier a reproch\u00e9 au second un manque d\u2019implication d\u00e9fensive, ce dernier a r\u00e9torqu\u00e9 avec des insultes avant de provoquer une bagarre suite \u00e0 une gifle. En parall\u00e8le de cet \u00e9v\u00e9nement tendu, le vestiaire olympien a d\u00fb g\u00e9rer un deuxi\u00e8me \u00e9v\u00e9nement relat\u00e9 par L\u2019\u00c9quipe ce lundi soir. Entr\u00e9 en jeu en fin de match, le jeune milieu de terrain <a href=\"https:\/\/www.footmercato.net\/joueur\/darryl-bakola\/\" rel=\"nofollow noopener\" target=\"_blank\">Darryl Bakola<\/a> a \u00e9t\u00e9 victime d\u2019un malaise sans gravit\u00e9 qui a n\u00e9cessit\u00e9 une intervention m\u00e9dicale. Vous l\u2019aurez compris, l\u2019apr\u00e8s-match a \u00e9t\u00e9 tr\u00e8s anim\u00e9 pour l\u2019OM \u00e0 Rennes\u2026<\/p>\n<p>\n    Pub. le 18\/08\/2025 23:31<br \/>\n            &#8211; MAJ le 19\/08\/2025 02:46\n    <\/p>\n","protected":false},"excerpt":{"rendered":"Vendredi dernier, l\u2019OM n\u2019a pas eu le d\u00e9part escompt\u00e9 en Ligue 1. Nourrissant de grandes ambitions pour la&hellip;\n","protected":false},"author":2,"featured_media":328225,"comment_status":"","ping_status":"","sticky":false,"template":"","format":"standard","meta":{"footnotes":""},"categories":[2821],"tags":[1111,11,829,1777,674,1011,27,12,584,25],"class_list":{"0":"post-328224","1":"post","2":"type-post","3":"status-publish","4":"format-standard","5":"has-post-thumbnail","7":"category-rennes","8":"tag-actu","9":"tag-actualites","10":"tag-bretagne","11":"tag-eu","12":"tag-europe","13":"tag-fr","14":"tag-france","15":"tag-news","16":"tag-rennes","17":"tag-republique-francaise"},"share_on_mastodon":{"url":"https:\/\/pubeurope.com\/@fr\/115052713786059098","error":""},"_links":{"self":[{"href":"https:\/\/www.europesays.com\/fr\/wp-json\/wp\/v2\/posts\/328224","targetHints":{"allow":["GET"]}}],"collection":[{"href":"https:\/\/www.europesays.com\/fr\/wp-json\/wp\/v2\/posts"}],"about":[{"href":"https:\/\/www.europesays.com\/fr\/wp-json\/wp\/v2\/types\/post"}],"author":[{"embeddable":true,"href":"https:\/\/www.europesays.com\/fr\/wp-json\/wp\/v2\/users\/2"}],"replies":[{"embeddable":true,"href":"https:\/\/www.europesays.com\/fr\/wp-json\/wp\/v2\/comments?post=328224"}],"version-history":[{"count":0,"href":"https:\/\/www.europesays.com\/fr\/wp-json\/wp\/v2\/posts\/328224\/revisions"}],"wp:featuredmedia":[{"embeddable":true,"href":"https:\/\/www.europesays.com\/fr\/wp-json\/wp\/v2\/media\/328225"}],"wp:attachment":[{"href":"https:\/\/www.europesays.com\/fr\/wp-json\/wp\/v2\/media?parent=328224"}],"wp:term":[{"taxonomy":"category","embeddable":true,"href":"https:\/\/www.europesays.com\/fr\/wp-json\/wp\/v2\/categories?post=328224"},{"taxonomy":"post_tag","embeddable":true,"href":"https:\/\/www.europesays.com\/fr\/wp-json\/wp\/v2\/tags?post=328224"}],"curies":[{"name":"wp","href":"https:\/\/api.w.org\/{rel}","templated":true}]}}