{"id":328228,"date":"2025-08-19T00:58:19","date_gmt":"2025-08-19T00:58:19","guid":{"rendered":"https:\/\/www.europesays.com\/fr\/328228\/"},"modified":"2025-08-19T00:58:19","modified_gmt":"2025-08-19T00:58:19","slug":"reprise-des-basketteurs-de-la-sig-strasbourg-assainir-les-finances-et-relancer-le-sportif-pas-une-equation-facile","status":"publish","type":"post","link":"https:\/\/www.europesays.com\/fr\/328228\/","title":{"rendered":"Reprise des basketteurs de la SIG Strasbourg\u00a0: \u00ab\u00a0assainir les finances et relancer le sportif, pas une \u00e9quation facile\u00a0\u00bb"},"content":{"rendered":"<p>Alors que les joueurs de la SIG viennent de reprendre l&rsquo;entra\u00eenement, le club a d\u00e9j\u00e0 boucl\u00e9 son recrutement en misant sur de nombreux jeunes talents issus d&rsquo;universit\u00e9s am\u00e9ricaines, associ\u00e9s \u00e0 quelques joueurs d&rsquo;exp\u00e9rience. Un choix assum\u00e9 pour sortir les comptes du rouge.\n<\/p>\n<p>\u00ab\u00a0C&rsquo;est la rentr\u00e9e des classes, on est frais, un peu tous bronz\u00e9s et il fait chaud, sourit <strong>Jean-Baptiste Maille<\/strong> en sueur apr\u00e8s un entra\u00eenement au gymnase de la Rotonde. C&rsquo;est un nouveau groupe, un nouveau staff, un nouveau projet. C&rsquo;est excitant d&rsquo;\u00e9voluer avec ces jeunes non p\u00e9tris de talent, ils ont faim et \u00e7a va \u00eatre une bonne chose pour nous cette saison\u00a0\u00bb.<\/p>\n<p>Le meneur de jeu, qui f\u00eatera ses 32 ans en novembre et entame sa sixi\u00e8me saison \u00e0 la SIG, est quasiment le seul rescap\u00e9 de la saison pass\u00e9e (avec le jeune pivot Jahel Tr\u00e8fle). Le club strasbourgeois a proc\u00e9d\u00e9 \u00e0 un profond remaniement de son effectif, en prenant en compte des contraintes financi\u00e8res fortes,\u00a0 notamment une baisse de la masse salariale (d&rsquo;au moins 10%, mais sans doute plus).<\/p>\n<p>\u00ab\u00a0Les quatre derni\u00e8res ann\u00e9es, les exercices \u00e9taient d\u00e9ficitaires et il faut que \u00e7a cesse, mart\u00e8le <strong>J\u00e9r\u00f4me Rosenstiehl, le nouveau pr\u00e9sident de la SIG<\/strong> depuis cet \u00e9t\u00e9. On a aussi une pression de la DNCG, l&rsquo;organe de la Ligue qui g\u00e8re les finances. On s&rsquo;est engag\u00e9 \u00e0 avoir des finances saines dans les prochaines ann\u00e9es. Donc forc\u00e9ment la masse salariale va baisser, mais en m\u00eame temps, il faut relancer le sportif. Ce n&rsquo;est pas une \u00e9quation tr\u00e8s simple parce qu&rsquo;en g\u00e9n\u00e9ral, une baisse du budget ne correspond pas forc\u00e9ment \u00e0 un objectif de relance sportive. On a donc \u00e9tabli une strat\u00e9gie en confiant les cl\u00e9s \u00e0 des joueurs r\u00e9f\u00e9renc\u00e9s, cadres et on les a associ\u00e9s \u00e0 des joueurs, on va dire \u00e0 fort potentiel. On pense que c&rsquo;est la strat\u00e9gie qui va nous permettre justement de retrouver un niveau de performance correspondant \u00e0 nos ambitions\u00a0\u00bb.<\/p>\n<p>Huit recrues et beaucoup de paris<\/p>\n<p>Les supporters de la SIG retrouveront <strong>le sniper Marcus Keene<\/strong>, capable de scorer \u00e0 tout moment de loin. Le shooter am\u00e9ricain avait d\u00e9j\u00e0 fait les beaux jours du club strasbourgeois lors de la saison 2022-2023. L&rsquo;Alsacien d&rsquo;origine <strong>William Pfister<\/strong> (qui a d\u00e9but\u00e9 \u00e0 Hindisheim et \u00e0 Rosheim avant de d\u00e9m\u00e9nager en r\u00e9gion lyonnaise), Gabe Brown, Mike Davis Junior, Nelly Junior Joseph, Fousseyni Traor\u00e9, Ben Gregg et Adama Bal sont les autres nouvelles t\u00eates.<\/p>\n<p>Les quatre derniers nomm\u00e9s sont tous issus des universit\u00e9s am\u00e9ricaines et vont donc d\u00e9couvrir le basket professionnel europ\u00e9en, fran\u00e7ais en l&rsquo;occurrence. Mais \u00e7a n&rsquo;effraie pas <strong>J\u0101nis Gail\u012btis le nouveau coach de la SIG<\/strong> d&rsquo;avoir autant de rookies dans son effectif. \u00ab\u00a0Nous avons accord\u00e9 une grande importance \u00e0 la personnalit\u00e9 des joueurs, d\u00e9taille le Letton. Nous voulons construire une \u00e9quipe qui se bat, comp\u00e9titive, qui a assez de talent pour gagner. Nous avons un gros potentiel, alors nous allons essayer de compenser notre manque d&rsquo;exp\u00e9rience par d&rsquo;autres atouts\u00a0\u00bb.<\/p>\n<p>Dans cette phase de reconstruction, la SIG esp\u00e8re retrouver les play-offs, qu&rsquo;elle a manqu\u00e9s ces deux derni\u00e8res saisons, apr\u00e8s s&rsquo;\u00eatre qualifi\u00e9e dix ans de suite.<\/p>\n<p>Retrouver l&rsquo;Europe \u00e0 moyen terme<\/p>\n<p>\u00ab\u00a0Il faut qu&rsquo;on consolide les fondations pour \u00e9ventuellement d&rsquo;ici peu de temps, si cette phase est r\u00e9ussie, pouvoir \u00eatre un peu plus ambitieux, souligne J\u00e9r\u00f4me Rosenstiehl. Il faut qu&rsquo;on soit rigoureux sur les finances et en m\u00eame temps essayer de retrouver une \u00e2me sur le terrain et une dynamique sportive qui va nous permettre justement d&rsquo;esp\u00e9rer voir plus haut. Parce qu&rsquo;\u00e0 terme, il faut que la SIG retrouve la Coupe d&rsquo;Europe\u00a0\u00bb.<\/p>\n<p>Les basketteurs strasbourgeois joueront leur premier match amical ce dimanche 24 ao\u00fbt <strong>face \u00e0 l&rsquo;Alliance Sport Alsace<\/strong> \u00e0 la Forest Arena de Gries. Ils d\u00e9buteront le championnat de Betclic le samedi 27 septembre \u00e0 Cholet.<\/p>\n<p>\u00c0 lire aussi   <img decoding=\"async\" src=\"https:\/\/www.europesays.com\/fr\/wp-content\/uploads\/2025\/08\/560x315_sc_maxnewsspecialtwo089413.jpg\" alt=\"Laurent Vila paye les mauvais r\u00e9sultats de la SIG cette saison.\" style=\"--_image-preview:url('data:image\/jpeg;base64,\/9j\/2wBDACgcHiMeGSgjISMtKygwPGRBPDc3PHtYXUlkkYCZlo+AjIqgtObDoKrarYqMyP\/L2u71\/\/\/\/m8H\/\/\/\/6\/+b9\/\/j\/2wBDASstLTw1PHZBQXb4pYyl+Pj4+Pj4+Pj4+Pj4+Pj4+Pj4+Pj4+Pj4+Pj4+Pj4+Pj4+Pj4+Pj4+Pj4+Pj4+Pj4+Pj\/wAARCAAXACoDASIAAhEBAxEB\/8QAGAAAAwEBAAAAAAAAAAAAAAAAAAECAwX\/xAAWEAEBAQAAAAAAAAAAAAAAAAAAARH\/xAAWAQEBAQAAAAAAAAAAAAAAAAABAAL\/xAAWEQEBAQAAAAAAAAAAAAAAAAAAARH\/2gAMAwEAAhEDEQA\/AObFRMVElYeFDRB6VLUcYyqlALK5T0ANQVIAaf\/Z');\" loading=\"lazy\" fetchpriority=\"low\" aria-hidden=\"true\" class=\"svelte-1pnmlwx rounded\" onload=\"this.__e=event\" onerror=\"this.__e=event\"\/>\u00c0 lire aussi   <img decoding=\"async\" src=\"https:\/\/www.europesays.com\/fr\/wp-content\/uploads\/2025\/08\/560x315_sc_whatsapp-image-2025-06-20-at-23-48-16-1.jpg\" alt=\"Les Legends se sont impos\u00e9s dans le money-time sur le score de 108 \u00e0 105.\" style=\"--_image-preview:url('data:image\/jpeg;base64,\/9j\/2wBDACgcHiMeGSgjISMtKygwPGRBPDc3PHtYXUlkkYCZlo+AjIqgtObDoKrarYqMyP\/L2u71\/\/\/\/m8H\/\/\/\/6\/+b9\/\/j\/2wBDASstLTw1PHZBQXb4pYyl+Pj4+Pj4+Pj4+Pj4+Pj4+Pj4+Pj4+Pj4+Pj4+Pj4+Pj4+Pj4+Pj4+Pj4+Pj4+Pj4+Pj\/wAARCAAXACoDASIAAhEBAxEB\/8QAFwABAQEBAAAAAAAAAAAAAAAAAgABA\/\/EABcQAQEBAQAAAAAAAAAAAAAAAAABEQL\/xAAWAQEBAQAAAAAAAAAAAAAAAAAAAQP\/xAAWEQEBAQAAAAAAAAAAAAAAAAAAARH\/2gAMAwEAAhEDEQA\/AOEJkKQXGDYeDYhjnYOHWA6Q5Eka2NwOkhnXPqhqQj\/\/2Q==');\" loading=\"lazy\" fetchpriority=\"low\" aria-hidden=\"true\" class=\"svelte-1pnmlwx rounded\" onload=\"this.__e=event\" onerror=\"this.__e=event\"\/>\u00c0 lire aussi   <img decoding=\"async\" src=\"https:\/\/www.europesays.com\/fr\/wp-content\/uploads\/2025\/08\/560x315_sc_maxnewsspecialtwo012603.jpg\" alt=\"Maxence Lemoine, qui d\u00e9fend sur le joueur du Mans, L\u00e9opold Delaunay, au Rh\u00e9nus\" style=\"--_image-preview:url('data:image\/jpeg;base64,\/9j\/2wBDACgcHiMeGSgjISMtKygwPGRBPDc3PHtYXUlkkYCZlo+AjIqgtObDoKrarYqMyP\/L2u71\/\/\/\/m8H\/\/\/\/6\/+b9\/\/j\/2wBDASstLTw1PHZBQXb4pYyl+Pj4+Pj4+Pj4+Pj4+Pj4+Pj4+Pj4+Pj4+Pj4+Pj4+Pj4+Pj4+Pj4+Pj4+Pj4+Pj4+Pj\/wAARCAAXACoDASIAAhEBAxEB\/8QAGQAAAwEBAQAAAAAAAAAAAAAAAAIDAQQF\/8QAGBABAQEBAQAAAAAAAAAAAAAAAAEREgL\/xAAXAQEBAQEAAAAAAAAAAAAAAAAAAQID\/8QAFhEBAQEAAAAAAAAAAAAAAAAAAAER\/9oADAMBAAIRAxEAPwDz+W8q8jEaSvkt8q2FsFxGwuK2FwTHbYSgBC1lAR0LYXABK\/\/Z');\" loading=\"lazy\" fetchpriority=\"low\" aria-hidden=\"true\" class=\"svelte-1pnmlwx rounded\" onload=\"this.__e=event\" onerror=\"this.__e=event\"\/><\/p>\n","protected":false},"excerpt":{"rendered":"Alors que les joueurs de la SIG viennent de reprendre l&rsquo;entra\u00eenement, le club a d\u00e9j\u00e0 boucl\u00e9 son recrutement&hellip;\n","protected":false},"author":2,"featured_media":328229,"comment_status":"","ping_status":"","sticky":false,"template":"","format":"standard","meta":{"footnotes":""},"categories":[2820],"tags":[1111,11,1777,674,1011,27,775,12,25,640],"class_list":{"0":"post-328228","1":"post","2":"type-post","3":"status-publish","4":"format-standard","5":"has-post-thumbnail","7":"category-strasbourg","8":"tag-actu","9":"tag-actualites","10":"tag-eu","11":"tag-europe","12":"tag-fr","13":"tag-france","14":"tag-grand-est","15":"tag-news","16":"tag-republique-francaise","17":"tag-strasbourg"},"share_on_mastodon":{"url":"https:\/\/pubeurope.com\/@fr\/115052721365866550","error":""},"_links":{"self":[{"href":"https:\/\/www.europesays.com\/fr\/wp-json\/wp\/v2\/posts\/328228","targetHints":{"allow":["GET"]}}],"collection":[{"href":"https:\/\/www.europesays.com\/fr\/wp-json\/wp\/v2\/posts"}],"about":[{"href":"https:\/\/www.europesays.com\/fr\/wp-json\/wp\/v2\/types\/post"}],"author":[{"embeddable":true,"href":"https:\/\/www.europesays.com\/fr\/wp-json\/wp\/v2\/users\/2"}],"replies":[{"embeddable":true,"href":"https:\/\/www.europesays.com\/fr\/wp-json\/wp\/v2\/comments?post=328228"}],"version-history":[{"count":0,"href":"https:\/\/www.europesays.com\/fr\/wp-json\/wp\/v2\/posts\/328228\/revisions"}],"wp:featuredmedia":[{"embeddable":true,"href":"https:\/\/www.europesays.com\/fr\/wp-json\/wp\/v2\/media\/328229"}],"wp:attachment":[{"href":"https:\/\/www.europesays.com\/fr\/wp-json\/wp\/v2\/media?parent=328228"}],"wp:term":[{"taxonomy":"category","embeddable":true,"href":"https:\/\/www.europesays.com\/fr\/wp-json\/wp\/v2\/categories?post=328228"},{"taxonomy":"post_tag","embeddable":true,"href":"https:\/\/www.europesays.com\/fr\/wp-json\/wp\/v2\/tags?post=328228"}],"curies":[{"name":"wp","href":"https:\/\/api.w.org\/{rel}","templated":true}]}}