{"id":328230,"date":"2025-08-19T00:59:27","date_gmt":"2025-08-19T00:59:27","guid":{"rendered":"https:\/\/www.europesays.com\/fr\/328230\/"},"modified":"2025-08-19T00:59:27","modified_gmt":"2025-08-19T00:59:27","slug":"frogg-architectes-tpbm","status":"publish","type":"post","link":"https:\/\/www.europesays.com\/fr\/328230\/","title":{"rendered":"Frogg Architectes &#8211; TPBM"},"content":{"rendered":"<p>\u00ab\u00a0Nous avons une vision commune de l&rsquo;architecture, nous sommes compl\u00e9mentaires dans notre pratique professionnelle et nous avons souhait\u00e9 \u00e9voluer et faire franchir un cap \u00e0 nos agences respectives \u00bb, expliquent les architectes <a href=\"https:\/\/www.linkedin.com\/in\/jean-baptiste-griesmar-344865158\/?originalSubdomain=fr\" rel=\"noopener\" target=\"_blank\">Jean-Baptiste Griesmar<\/a> et <a href=\"https:\/\/www.linkedin.com\/in\/pierre-olivier-fouqu%C3%A9-19435a9b\/\" rel=\"noopener\" target=\"_blank\">Pierre-Olivier Fouqu\u00e9<\/a>. Avec <a href=\"https:\/\/www.linkedin.com\/in\/sandrine-greleau-08571396\/\" rel=\"noopener\" target=\"_blank\">Sandrine Greleau<\/a>, ils viennent de cr\u00e9er<strong> Frogg Architectes,<\/strong> en r\u00e9unissant les \u00e9quipes et les moyens de deux ex-agences ni\u00e7oises, <strong>Griesmar Architectes et Dot Architectes<\/strong>. <\/p>\n<p>Cette derni\u00e8re a vu le jour \u00e0 Nice il y a une quinzaine d&rsquo;ann\u00e9es, cr\u00e9\u00e9e par Pierre-Olivier Fouqu\u00e9 et Sandrine Greleau. <strong>Elle intervient dans le secteur du logement, individuel et collectif,<\/strong> dans la r\u00e9novation h\u00f4teli\u00e8re, etc. Jean-Baptiste Griesmar est de son c\u00f4t\u00e9 sp\u00e9cialis\u00e9 dans la r\u00e9habilitation de l&rsquo;existant et notamment les r\u00e9novations lourdes en site occup\u00e9. \u00ab\u00a0Je voulais rompre avec l&rsquo;exercice solitaire de l&rsquo;architecture, d&rsquo;o\u00f9 ce rapprochement \u00bb, pr\u00e9cise-t-il. <\/p>\n<p>Tous ont \u00e9galement en commun d&rsquo;\u00eatre impliqu\u00e9s dans la vie et l&rsquo;organisation de la profession\u00a0: Jean-Baptiste Griesmar est membre du conseil national de<strong> l&rsquo;Ordre des Architectes<\/strong> (secr\u00e9taire national adjoint), Sandrine Greleau est tr\u00e9sori\u00e8re de l&rsquo;Ordre des Architectes Paca, Pierre-Olivier Fouqu\u00e9 co-pr\u00e9side le Syndicat des Architectes C\u00f4te d&rsquo;Azur.<\/p>\n<p> Le travail sur l&rsquo;existant privil\u00e9gi\u00e9 <\/p>\n<p>Pour la d\u00e9nomination -originale- de cette nouvelle entit\u00e9, inutile de rechercher une signification ou une r\u00e9f\u00e9rence particuli\u00e8re&#8230; Frogg Architectes a \u00e9t\u00e9 choisi pour incarner l&rsquo;allant et le dynamisme d&rsquo;une \u00e9quipe de 15 personnes qui rassemble trois architectes quinquag\u00e9naires exp\u00e9riment\u00e9s et de jeunes collaborateurs tr\u00e8s impliqu\u00e9s, venus d&rsquo;horizons multiples. <\/p>\n<p>Le si\u00e8ge de cette nouvelle agence, qui existe officiellement depuis la mi-avril mais dont la gestation a pris plus de temps, se trouve au 4, rue Diderot, dans les locaux de Dot Architecture<strong>. Il a fallu pour l&rsquo;occasion les adapter et les r\u00e9am\u00e9nager et cet espace offre d\u00e9sormais 210 m\u00b2 de surface<\/strong> sur trois niveaux, une vitrine \u00e0 la hauteur des objectifs et des ambitions de Frogg Architectes. <\/p>\n<blockquote>\n<p>Avec ce rapprochement, nous sommes d\u00e9sormais en mesure d&rsquo;intervenir sur tous les champs de la commande publique et priv\u00e9e : le logement individuel et collectif, le neuf et la r\u00e9habilitation, les \u00e9quipements publics, les concours. Et cela dans le cadre de missions compl\u00e8tes -de la conception \u00e0 la mise en \u0153uvre des projets- auxquelles nous sommes tr\u00e8s attach\u00e9s \u00bb <\/p>\n<\/blockquote>\n<p>Mais fid\u00e8le \u00e0 des valeurs retranscrites dans un manifeste, Frogg Architectes s&rsquo;est donn\u00e9 des garde-fous\u00a0: <strong>l&rsquo;agence veut privil\u00e9gier les interventions sur les ouvrages d\u00e9j\u00e0 existants<\/strong>, le patrimoine, l&rsquo;am\u00e9nagement de la ville construite, les \u00e9quipements publics. <\/p>\n<p>Construire pour les futurs usagers <\/p>\n<p>Et on ne la verra pas sur des projets commerciaux ou tertiaire de p\u00e9riph\u00e9rie\u00a0qui consomment et artificialisent du<strong> foncier devenu rare<\/strong>. Elle veut \u00e9galement agir face \u00e0 l&rsquo;urgence climatique, un engagement qui va passer par la conception d&rsquo;espaces \u00ab\u00a0sobres et vivants\u00a0\u00bb, la mise en \u0153uvre de mat\u00e9riaux locaux biosourc\u00e9s et g\u00e9osourc\u00e9s, le recours \u00e0 la construction bois, etc.<\/p>\n<p>\u00ab\u00a0Les architectes ont une responsabilit\u00e9 consid\u00e9rable dans le bilan carbone des op\u00e9rations et doivent \u00eatre \u00e9cout\u00e9s par les ma\u00eetres d&rsquo;ouvrage car ils ont depuis longtemps acquis une pratique environnementale au travers de la conception de leurs projets\u00a0\u00bb assurent Jean-Baptiste Griesmar et Pierre-Olivier Fouqu\u00e9. <\/p>\n<p> <img decoding=\"async\" alt=\"R\u00e9sidence Adoma \u00e0 Ajaccio par Frogg Architectes\" class=\"img-align-center\" data-zoomable=\"\" height=\"427\" loading=\"lazy\" src=\"https:\/\/www.europesays.com\/fr\/wp-content\/uploads\/2025\/08\/res-adoma-frogg-ajaccio.jpg\" width=\"640\"\/> \u00a0\u00a9 Anthony Lanneretonne- Frogg Architectes veut \u00e9largir ses horizons, comme ici avec la nouvelle r\u00e9sidence Adoma d&rsquo;Ajaccio.\u00a0 <\/p>\n<p>L&rsquo;autre conviction forte de ces professionnels est que l&rsquo;architecture doit \u00eatre \u00ab\u00a0d\u00e9sirable\u00a0\u00bb, ce qui signifie qu&rsquo;elle ne peut \u00eatre coup\u00e9e de l&rsquo;ext\u00e9rieur mais qu&rsquo;elle doit au contraire placer les usagers au c\u0153ur du processus pour imaginer des lieux qui \u00ab\u00a0leur ressemblent, les rassemblent et les respectent.\u00a0\u00bb<\/p>\n<p>Malgr\u00e9 une conjoncture \u00e9conomique d\u00e9favorable, <strong>la fin prochaine des mandats municipaux et la rar\u00e9faction du lancement de nouveaux projets par les maires<\/strong>, l&rsquo;\u00e9quipe de Frogg Architectes se veut confiante en l&rsquo;avenir. <\/p>\n<p> Changer l&rsquo;image d&rsquo;un grand ensemble \u00e0 Toulon <\/p>\n<p>\u00ab\u00a0Nous avons engrang\u00e9 un an et demi de commandes sign\u00e9es\u00a0\u00bb, affirme la nouvelle \u00e9quipe. Parmi les projets r\u00e9cemment gagn\u00e9s, la requalification de la r\u00e9sidence Le Guynemer \u00e0 Toulon, 122 logements de Var Habitat. Cette op\u00e9ration -en conception-r\u00e9alisation avec Bouygues B\u00e2timent Sud-Est et Respire Paysage- illustre bien<strong> la d\u00e9marche de Frogg Architectes et le sens que l&rsquo;agence veut donner \u00e0 ses projets.<\/strong> <\/p>\n<p>Il s&rsquo;agit en effet d&rsquo;am\u00e9liorer le cadre de vie des r\u00e9sidents et de changer l&rsquo;image d&rsquo;un grand ensemble implant\u00e9 dans les ann\u00e9es 70 dans une ancienne carri\u00e8re.<strong> Le travail va consister \u00e0 recr\u00e9er de v\u00e9ritables espaces communs,<\/strong> \u00e0 mener une requalification paysag\u00e8re, \u00e0 installer des jardins partag\u00e9s, \u00e0 s\u00e9curiser les circulations pour r\u00e9soudre les probl\u00e8mes d&rsquo;ins\u00e9curit\u00e9 et de trafic de stup\u00e9fiants.<\/p>\n<p> Un projet de nouvelle \u00e9cole en mat\u00e9riaux 100 % biosourc\u00e9s\u00a0 <\/p>\n<p>A Nice, Frogg Architectes a \u00e9t\u00e9 charg\u00e9e par C\u00f4te d&rsquo;Azur Habitat de <strong>piloter une s\u00e9rie de r\u00e9habilitations thermiques<\/strong> et de requalification des parties communes de plusieurs r\u00e9sidences (Nice-Centre, Ariane). A Saint-Martin-V\u00e9subie, <strong>elle est en charge de la r\u00e9novation du Presbyt\u00e8re et de l&rsquo;immeuble Barraja<\/strong> qui va permettre la cr\u00e9ation de logements au c\u0153ur du village. A Auron, vont \u00eatre lanc\u00e9s en septembre (appels d&rsquo;offres en cours) les travaux d&rsquo;une nouvelle \u00e9cole en mat\u00e9riaux 100% biosourc\u00e9s, un projet en label or BDM. <\/p>\n<p>A c\u00f4t\u00e9 de ces projets azur\u00e9ens, <strong>Frogg Architectes veut aussi parcourir le territoire national<\/strong>, en s&rsquo;associant \u00e0 des locaux, \u00e0 l&rsquo;image de la nouvelle r\u00e9sidence Adoma \u00e0 Ajaccio (201 logements sociaux en cinq b\u00e2timents autour d&rsquo;une promenade pi\u00e9tonne) que vient de r\u00e9aliser Jean-Baptiste Griesmar. L&rsquo;agence est \u00e9galement pr\u00e9sente en Guyane et r\u00e9alise des projets en Afrique pour porter loin les valeurs de l&rsquo;architecture qu&rsquo;elle d\u00e9fend.<\/p>\n","protected":false},"excerpt":{"rendered":"\u00ab\u00a0Nous avons une vision commune de l&rsquo;architecture, nous sommes compl\u00e9mentaires dans notre pratique professionnelle et nous avons souhait\u00e9&hellip;\n","protected":false},"author":2,"featured_media":328231,"comment_status":"","ping_status":"","sticky":false,"template":"","format":"standard","meta":{"footnotes":""},"categories":[2819],"tags":[1111,11,1777,674,1011,27,46521,12,2401,36785,4916,882,25],"class_list":{"0":"post-328230","1":"post","2":"type-post","3":"status-publish","4":"format-standard","5":"has-post-thumbnail","7":"category-nice","8":"tag-actu","9":"tag-actualites","10":"tag-eu","11":"tag-europe","12":"tag-fr","13":"tag-france","14":"tag-matu00e9riaux-biosourcu00e9s","15":"tag-news","16":"tag-nice","17":"tag-ordre-des-architectes","18":"tag-projets","19":"tag-provence-alpes-cote-dazur","20":"tag-republique-francaise"},"share_on_mastodon":{"url":"https:\/\/pubeurope.com\/@fr\/115052725086006049","error":""},"_links":{"self":[{"href":"https:\/\/www.europesays.com\/fr\/wp-json\/wp\/v2\/posts\/328230","targetHints":{"allow":["GET"]}}],"collection":[{"href":"https:\/\/www.europesays.com\/fr\/wp-json\/wp\/v2\/posts"}],"about":[{"href":"https:\/\/www.europesays.com\/fr\/wp-json\/wp\/v2\/types\/post"}],"author":[{"embeddable":true,"href":"https:\/\/www.europesays.com\/fr\/wp-json\/wp\/v2\/users\/2"}],"replies":[{"embeddable":true,"href":"https:\/\/www.europesays.com\/fr\/wp-json\/wp\/v2\/comments?post=328230"}],"version-history":[{"count":0,"href":"https:\/\/www.europesays.com\/fr\/wp-json\/wp\/v2\/posts\/328230\/revisions"}],"wp:featuredmedia":[{"embeddable":true,"href":"https:\/\/www.europesays.com\/fr\/wp-json\/wp\/v2\/media\/328231"}],"wp:attachment":[{"href":"https:\/\/www.europesays.com\/fr\/wp-json\/wp\/v2\/media?parent=328230"}],"wp:term":[{"taxonomy":"category","embeddable":true,"href":"https:\/\/www.europesays.com\/fr\/wp-json\/wp\/v2\/categories?post=328230"},{"taxonomy":"post_tag","embeddable":true,"href":"https:\/\/www.europesays.com\/fr\/wp-json\/wp\/v2\/tags?post=328230"}],"curies":[{"name":"wp","href":"https:\/\/api.w.org\/{rel}","templated":true}]}}