{"id":328236,"date":"2025-08-19T01:05:17","date_gmt":"2025-08-19T01:05:17","guid":{"rendered":"https:\/\/www.europesays.com\/fr\/328236\/"},"modified":"2025-08-19T01:05:17","modified_gmt":"2025-08-19T01:05:17","slug":"un-projet-social-et-citoyen-pour-que-bordeaux-devienne-enfin-une-ville-de-memoire","status":"publish","type":"post","link":"https:\/\/www.europesays.com\/fr\/328236\/","title":{"rendered":"Un projet social et citoyen pour que Bordeaux devienne enfin une ville de m\u00e9moire !"},"content":{"rendered":"<p>        Agrandir l\u2019image : Illustration 1<\/p>\n<p>Ville magnifique, fi\u00e8re de son patrimoine et de ses quais, Bordeaux rayonne dans le monde avec une lumineuse histoire qui doit \u00e0 pr\u00e9sent \u00e9clairer des pages plus sombres, jamais encore s\u00e9rieusement regard\u00e9es.<\/p>\n<p>La traite n\u00e9gri\u00e8re et l\u2019esclavage font partie de notre histoire. Les milliers de navires partis de Bordeaux qui ont travers\u00e9 l\u2019Atlantique pour transporter des \u00eatres humains r\u00e9duits en marchandises sont une des sources de la prosp\u00e9rit\u00e9 de la ville. Ces faits ne sont pas une opinion : ils sont inscrits dans les archives et qualifi\u00e9s par des l\u00e9gislations nationales et internationales. Les ignorer, c\u2019est laisser une partie de nous-m\u00eames dans l\u2019ombre.<\/p>\n<p>C\u2019est pour combler ce vide qu\u2019existe le projet de Maison des Esclavages et R\u00e9sistances de Bordeaux. Un lieu culturel et citoyen qui racontera cette histoire dans toute sa complexit\u00e9 : les crimes, les souffrances, mais aussi les r\u00e9sistances, les luttes pour la libert\u00e9 et les h\u00e9ritages culturels qui en sont issus.<\/p>\n<p>Dans nos soci\u00e9t\u00e9s travers\u00e9es par tant de divisions, nous avons en effet un besoin vital de lieux qui nous ressemblent et nous rassemblent. Des lieux qui ne soient ni des temples de l\u2019oubli, ni des tribunaux du pass\u00e9, mais des espaces o\u00f9 la m\u00e9moire devienne lumi\u00e8re.<\/p>\n<p>Et qui mieux que Bordeaux pourrait abriter un tel lieu. Deuxi\u00e8me port n\u00e9grier et premier colonial fran\u00e7ais, la capitale de la Nouvelle-Aquitaine porte les traces ind\u00e9l\u00e9biles de cette histoire universelle du combat pour l\u2019\u00e9mancipation.<\/p>\n<p>L\u2019installation et le financement par la Ville de Bordeaux d\u2019une mission de pr\u00e9figuration pour la Maison Esclavages et R\u00e9sistances, dont le rapport a \u00e9t\u00e9 rendu au maire de Bordeaux en 2023, est en soi une forme de l\u00e9gitimation politique. C\u2019est d\u00e9j\u00e0 une victoire populaire et citoyenne qui officialise le projet en donnant la parole aux habitants.<\/p>\n<p>Ce n\u2019est donc plus l\u2019id\u00e9e de quelques-uns : c\u2019est une maison de m\u00e9moire que l\u2019on construit ensemble, pour toute la ville. Elle signifie que les \u00e9lus du premier port colonial fran\u00e7ais reconnaissent la n\u00e9cessit\u00e9 de ce lieu et ouvrent un processus o\u00f9 la parole des habitants, des historiens, des associations et des acteurs culturels est sollicit\u00e9e.<\/p>\n<p>De 2022 \u00e0 2023, cette id\u00e9e, jadis port\u00e9e par quelques militants est devenu un projet public, co-construit, qui a pris forme gr\u00e2ce aux contributions de toutes et tous. La mobilisation des diff\u00e9rentes collectivit\u00e9s locales, le soutien de la Fondation pour la m\u00e9moire de l\u2019esclavage, les auditions de personnalit\u00e9s dont l\u2019expertise est reconnue au niveau national et la consultation citoyenne ont renforc\u00e9 sa l\u00e9gitimit\u00e9 et prouv\u00e9 que ce projet appartient \u00e0 l\u2019ensemble des Bordelaises et des Bordelais.<\/p>\n<p>Ce projet n\u2019est donc pas un mus\u00e9e fig\u00e9. C\u2019est une maison ouverte, un lieu de dialogue et de cr\u00e9ation, o\u00f9 les voix d\u2019hier rencontrent les voix d\u2019aujourd\u2019hui pour construire un avenir commun.<\/p>\n<p>Au fil des ann\u00e9es, j\u2019ai pris acte de la n\u00e9cessit\u00e9 d\u2019un temps long pour \u00e9tablir un consensus autour d\u2019un projet humaniste dont le temps est venu. Sous la Droite, pendant 22 ans et sous la Gauche, depuis 2020, avec les descendants d\u2019armateurs n\u00e9griers comme avec les descendants des esclavis\u00e9s, nous ne nous sommes pas r\u00e9sign\u00e9s. Car c\u2019est bien le dialogue qui a permis, par le pass\u00e9, de surmonter les d\u00e9nis et de b\u00e2tir l\u2019embryon de reconnaissance, garant de v\u00e9rit\u00e9 et de r\u00e9paration que nous avons aujourd\u2019hui.<\/p>\n<p>Ma d\u00e9termination reste donc intacte. Ce travail se poursuivra, \u00e0 l\u2019occasion du rendez-vous \u00e9lectoral municipal \u00e0 venir, dans l\u2019\u00e9coute de chacun et conscient de l\u2019int\u00e9r\u00eat des bordelais. Sans c\u00e9der \u00e0 la menace du conservatisme, du m\u00e9pris, du racisme ou du blocage.<\/p>\n<p>Contrairement \u00e0 ce que je peux lire, ce projet ne ravive aucune tension. C\u2019est le silence et le d\u00e9ni qui divisent et violentent. La v\u00e9rit\u00e9 quant \u00e0 elle apaise et permet le dialogue. Ce lieu, cette Maison, n\u2019accusera personne, il rassemblera tout le monde. Il s\u2019adressera aux \u00e9coliers, aux familles, aux chercheurs et aux touristes.<\/p>\n<p>A ceux qui redoutent le co\u00fbt d\u2019un tel \u00e9tablissement, je dis que c\u2019est un investissement pour l\u2019avenir. Des villes comme Nantes ou Liverpool ont vu leurs mus\u00e9es de m\u00e9moire devenir des atouts touristiques, \u00e9ducatifs et \u00e9conomiques majeurs. Nous irons chercher des financements r\u00e9gionaux, nationaux et priv\u00e9s pour en limiter l\u2019impact sur les finances locales.<\/p>\n<p>Ce projet est aussi loin d\u2019\u00eatre partisan. Il ne s\u2019adresse pas \u00e0 une communaut\u00e9, mais \u00e0 toute la ville. Parce que notre histoire commune, avec ses parts d\u2019ombre et de lumi\u00e8re, nous appartient \u00e0 tous.<\/p>\n<p>Enfin \u00e0 ceux qui arguent qu\u2019un mus\u00e9e sur le sujet existe d\u00e9j\u00e0, je r\u00e9p\u00e8te que la Maison des Esclavages et R\u00e9sistances viendra compl\u00e9ter et enrichir l\u2019offre culturelle bordelaise, pas la concurrencer. Il y s\u2019agira de d\u00e9passer la simple exposition patrimoniale pour en faire un lieu vivant, interactif et citoyen.<\/p>\n<p>Quelle autre alternative sinon ? Le statu quo ? L\u2019impasse ? La confrontation ?<\/p>\n<p>Je sais pouvoir compter sur la d\u00e9termination des membres de la mission de pr\u00e9figuration qui ont travaill\u00e9 \u00e0 ce projet. Nous savons aussi pouvoir compter sur une large part de la population bordelaise, dans toute sa diversit\u00e9, qui aspire \u00e0 vivre ensemble dans la conscience, la reconnaissance et dans la r\u00e9paration des erreurs du pass\u00e9.<\/p>\n<p>Dire la v\u00e9rit\u00e9 aux bordelais, c\u2019est savoir que, sans prise en compte s\u00e9rieuse et investissement sur la m\u00e9moire de l\u2019esclavage, Bordeaux ne sera jamais apais\u00e9e et verrait les fortes in\u00e9galit\u00e9s sociales et culturelles se creuser.<\/p>\n<p>Dans les quartiers, la m\u00e9moire de l\u2019esclavage serait cet outil d\u2019apaisement puissant. En reconnaissant les blessures du pass\u00e9, on r\u00e9pond au besoin de v\u00e9rit\u00e9 et de justice. En racontant aussi les r\u00e9sistances, les solidarit\u00e9s et les h\u00e9ritages culturels, on transforme une histoire douloureuse en fiert\u00e9 partag\u00e9e. La Maison des Esclavages et R\u00e9sistances sera ce lieu o\u00f9 l\u2019on se parle, o\u00f9 l\u2019on apprend ensemble, et o\u00f9 la m\u00e9moire devient un pont entre les habitants et le reste de la ville.<\/p>\n<p>Je le redis : La Maison Esclavages &amp; R\u00e9sistances est une opportunit\u00e9 extraordinaire et historique.<\/p>\n<p>Au cours des prochains mois, nous serons en campagne \u00e9lectorale pour le projet de Maison Esclavages &amp; R\u00e9sistances. De Septembre 2025 \u00e0 Mars 2026, nous irons \u00e0 la rencontre des bordelais.e.s mais aussi de tous les candidats aux \u00e9lections municipales de la m\u00e9tropole bordelaise.<\/p>\n<p>Je regretterais qu\u2019une partie de l\u2019\u00e9lite bordelaise choisisse de tourner le dos au rapport de la mission de pr\u00e9figuration de la Maison Esclavages &amp; R\u00e9sistances car ce travail n\u2019est pas tomb\u00e9 du ciel. Il est un compromis historique, citoyen et politique, fruit de 27 ann\u00e9es d\u2019engagement qui ont transform\u00e9 l\u2019histoire bordelaise dans son rapport avec le \u00ab\u00a0Tout-Monde\u00a0\u00bb.<\/p>\n<p>Aux candidats des prochaines \u00e9lections municipales, comptables du devenir de Bordeaux, je rappelle que l\u2019humanisme n\u2019est pas une id\u00e9e abstraite : c\u2019est une pratique quotidienne. Reconna\u00eetre l\u2019histoire de l\u2019esclavage, c\u2019est poser un acte de v\u00e9rit\u00e9 et de justice. C\u2019est dire aux descendants de ceux qui ont souffert : votre histoire compte, votre dignit\u00e9 compte. C\u2019est dire \u00e0 toute la soci\u00e9t\u00e9 : nous avons tous \u00e0 gagner \u00e0 nous comprendre.<\/p>\n<p>Nous appelons chaque citoyenne et chaque citoyen \u00e0 soutenir ce projet. Parce qu\u2019il ne s\u2019agit pas seulement d\u2019honorer un pass\u00e9, mais de pr\u00e9parer un avenir o\u00f9 nos enfants, quels que soient leurs origines, se reconna\u00eetront dans la m\u00eame histoire : celle de l\u2019humanit\u00e9 en marche vers l\u2019\u00e9galit\u00e9.<\/p>\n<p>Par votre voix, vos signatures, votre engagement, vous pouvez faire en sorte que Bordeaux devienne non seulement une ville de patrimoine, mais aussi une ville de m\u00e9moire et de rassemblement.<\/p>\n<p><strong>Karfa Diallo, <\/strong>Pr\u00e9sident de la Mission de Pr\u00e9figuration de la Maison esclavages &amp; R\u00e9sistances<\/p>\n","protected":false},"excerpt":{"rendered":"Agrandir l\u2019image : Illustration 1 Ville magnifique, fi\u00e8re de son patrimoine et de ses quais, Bordeaux rayonne dans&hellip;\n","protected":false},"author":2,"featured_media":328237,"comment_status":"","ping_status":"","sticky":false,"template":"","format":"standard","meta":{"footnotes":""},"categories":[2817],"tags":[1111,11,1997,11117,1777,674,1011,27,46522,12,2219,25],"class_list":{"0":"post-328236","1":"post","2":"type-post","3":"status-publish","4":"format-standard","5":"has-post-thumbnail","7":"category-bordeaux","8":"tag-actu","9":"tag-actualites","10":"tag-bordeaux","11":"tag-esclavage","12":"tag-eu","13":"tag-europe","14":"tag-fr","15":"tag-france","16":"tag-maison-esclavages-et-resistances","17":"tag-news","18":"tag-nouvelle-aquitaine","19":"tag-republique-francaise"},"share_on_mastodon":{"url":"https:\/\/pubeurope.com\/@fr\/115052748728110694","error":""},"_links":{"self":[{"href":"https:\/\/www.europesays.com\/fr\/wp-json\/wp\/v2\/posts\/328236","targetHints":{"allow":["GET"]}}],"collection":[{"href":"https:\/\/www.europesays.com\/fr\/wp-json\/wp\/v2\/posts"}],"about":[{"href":"https:\/\/www.europesays.com\/fr\/wp-json\/wp\/v2\/types\/post"}],"author":[{"embeddable":true,"href":"https:\/\/www.europesays.com\/fr\/wp-json\/wp\/v2\/users\/2"}],"replies":[{"embeddable":true,"href":"https:\/\/www.europesays.com\/fr\/wp-json\/wp\/v2\/comments?post=328236"}],"version-history":[{"count":0,"href":"https:\/\/www.europesays.com\/fr\/wp-json\/wp\/v2\/posts\/328236\/revisions"}],"wp:featuredmedia":[{"embeddable":true,"href":"https:\/\/www.europesays.com\/fr\/wp-json\/wp\/v2\/media\/328237"}],"wp:attachment":[{"href":"https:\/\/www.europesays.com\/fr\/wp-json\/wp\/v2\/media?parent=328236"}],"wp:term":[{"taxonomy":"category","embeddable":true,"href":"https:\/\/www.europesays.com\/fr\/wp-json\/wp\/v2\/categories?post=328236"},{"taxonomy":"post_tag","embeddable":true,"href":"https:\/\/www.europesays.com\/fr\/wp-json\/wp\/v2\/tags?post=328236"}],"curies":[{"name":"wp","href":"https:\/\/api.w.org\/{rel}","templated":true}]}}