{"id":328241,"date":"2025-08-19T01:08:12","date_gmt":"2025-08-19T01:08:12","guid":{"rendered":"https:\/\/www.europesays.com\/fr\/328241\/"},"modified":"2025-08-19T01:08:12","modified_gmt":"2025-08-19T01:08:12","slug":"qui-est-le-lillois-du-match","status":"publish","type":"post","link":"https:\/\/www.europesays.com\/fr\/328241\/","title":{"rendered":"qui est le Lillois du match ?"},"content":{"rendered":"<p>Apr\u00e8s chaque rencontre du LOSC, Le11 vous propose d\u2019\u00e9lire le joueur du match \u00e0 l\u2019occasion d\u2019une grande consultation pr\u00e9sente dans tous nos articles. Apr\u00e8s le nul contre Brest, c\u2019est sans surprise le champion du monde 2018 qui est \u00e9lu Lillois du match.<\/p>\n<p>Il ouvre le score pour son retour en Ligue 1<\/p>\n<p>De retour en Ligue 1, <strong>Olivier Giroud<\/strong> n\u2019a pas manqu\u00e9 ses retrouvailles avec le championnat. Buteur d\u00e8s la 11\u1d49 minute sur une frappe crois\u00e9e, il a imm\u00e9diatement rappel\u00e9 son sens du but et sa capacit\u00e9 \u00e0 bonifier les ballons re\u00e7us dans la surface. Plus qu\u2019un simple finisseur, le champion du monde 2018 s\u2019est montr\u00e9 disponible tout au long de la rencontre, pesant sur la d\u00e9fense brestoise par son jeu de remise et son pressing constant. Rest\u00e9 sur la pelouse durant l\u2019int\u00e9gralit\u00e9 de la rencontre, il a \u00e9galement impressionn\u00e9 par son abattage physique et son r\u00f4le de point d\u2019appui pour ses partenaires. Une prestation de patron qui justifie amplement son \u00e9lection de Lillois du match.<\/p>\n<p>\u00c0 lire aussi &gt;&gt;&gt; <a href=\"https:\/\/le11hdf.fr\/olivier-giroud-losc-but-ligue-1\/\" rel=\"nofollow noopener\" target=\"_blank\">LOSC : Olivier Giroud retrouve la Ligue 1 et s\u2019offre d\u00e9j\u00e0 un but<\/a><\/p>\n<p>De quoi convaincre une tr\u00e8s large majorit\u00e9 de nos lecteurs, tr\u00e8s pr\u00e9cis\u00e9ment 51,83% d\u2019entre vous, de l\u2019\u00e9lire joueur du match \u00e0 l\u2019issue de notre traditionnelle consultation. L\u2019ancien joueur du MHSC et d\u2019Arsenal devance ainsi\u00a0<strong>Hakon Haraldsson<\/strong>, cr\u00e9dit\u00e9 de 32,56% des suffrages. Le podium est compl\u00e9t\u00e9 par\u00a0<strong>F\u00e9lix Correia<\/strong>, avec 6,31% des voix.<\/p>\n<p><strong>Le classement d\u00e9taill\u00e9 de Brest \u2013 LOSC ?<\/strong><\/p>\n<ul class=\"wp-block-list\">\n<li>Olivier Giroud : 51,83%<\/li>\n<li>Hakon Haraldsson : 32,56%<\/li>\n<li>F\u00e9lix Correia : 6,31%<\/li>\n<\/ul>\n<p><strong>Le palmar\u00e8s de la saison :<\/strong><\/p>\n<ul class=\"wp-block-list\">\n<li>Olivier Giroud : J1-Brest<\/li>\n<\/ul>\n<p>Cr\u00e9dits photo : Sandra Ruhaut\/<a href=\"http:\/\/iconsport.photo\/\" target=\"_blank\" rel=\"noreferrer noopener nofollow\">Icon Sport<\/a><\/p>\n","protected":false},"excerpt":{"rendered":"Apr\u00e8s chaque rencontre du LOSC, Le11 vous propose d\u2019\u00e9lire le joueur du match \u00e0 l\u2019occasion d\u2019une grande consultation&hellip;\n","protected":false},"author":2,"featured_media":328242,"comment_status":"","ping_status":"","sticky":false,"template":"","format":"standard","meta":{"footnotes":""},"categories":[2815],"tags":[1111,11,1777,674,1011,27,811,1307,12,25],"class_list":{"0":"post-328241","1":"post","2":"type-post","3":"status-publish","4":"format-standard","5":"has-post-thumbnail","7":"category-lille","8":"tag-actu","9":"tag-actualites","10":"tag-eu","11":"tag-europe","12":"tag-fr","13":"tag-france","14":"tag-hauts-de-france","15":"tag-lille","16":"tag-news","17":"tag-republique-francaise"},"share_on_mastodon":{"url":"https:\/\/pubeurope.com\/@fr\/115052760485579410","error":""},"_links":{"self":[{"href":"https:\/\/www.europesays.com\/fr\/wp-json\/wp\/v2\/posts\/328241","targetHints":{"allow":["GET"]}}],"collection":[{"href":"https:\/\/www.europesays.com\/fr\/wp-json\/wp\/v2\/posts"}],"about":[{"href":"https:\/\/www.europesays.com\/fr\/wp-json\/wp\/v2\/types\/post"}],"author":[{"embeddable":true,"href":"https:\/\/www.europesays.com\/fr\/wp-json\/wp\/v2\/users\/2"}],"replies":[{"embeddable":true,"href":"https:\/\/www.europesays.com\/fr\/wp-json\/wp\/v2\/comments?post=328241"}],"version-history":[{"count":0,"href":"https:\/\/www.europesays.com\/fr\/wp-json\/wp\/v2\/posts\/328241\/revisions"}],"wp:featuredmedia":[{"embeddable":true,"href":"https:\/\/www.europesays.com\/fr\/wp-json\/wp\/v2\/media\/328242"}],"wp:attachment":[{"href":"https:\/\/www.europesays.com\/fr\/wp-json\/wp\/v2\/media?parent=328241"}],"wp:term":[{"taxonomy":"category","embeddable":true,"href":"https:\/\/www.europesays.com\/fr\/wp-json\/wp\/v2\/categories?post=328241"},{"taxonomy":"post_tag","embeddable":true,"href":"https:\/\/www.europesays.com\/fr\/wp-json\/wp\/v2\/tags?post=328241"}],"curies":[{"name":"wp","href":"https:\/\/api.w.org\/{rel}","templated":true}]}}