{"id":328245,"date":"2025-08-19T01:10:11","date_gmt":"2025-08-19T01:10:11","guid":{"rendered":"https:\/\/www.europesays.com\/fr\/328245\/"},"modified":"2025-08-19T01:10:11","modified_gmt":"2025-08-19T01:10:11","slug":"le-cinema-sinvite-dans-les-quartiers-populaires-de-marseille","status":"publish","type":"post","link":"https:\/\/www.europesays.com\/fr\/328245\/","title":{"rendered":"le cin\u00e9ma s\u2019invite dans les quartiers populaires de Marseille"},"content":{"rendered":"\n<p>Le festival Happy End d\u00e9marre sa premi\u00e8re projection de films en plein air ce mercredi au parc Kallist\u00e9. Cette derni\u00e8re se poursuivra dans les quartiers F\u00e9lix Pyat, Le Panier et La Castellane, les jours suivants. C&rsquo;est l&rsquo;association marseillaise Action Bomaye qui est \u00e0 l&rsquo;origine de cet \u00e9v\u00e9nement se d\u00e9roulan t dans le cadre de l&rsquo;\u00c9t\u00e9 marseillais.<\/p>\n<p>Cr\u00e9\u00e9e en 2017, cette organisation part du principe que chaque personne doit avoir un acc\u00e8s \u00e9gal \u00e0 la culture et \u00e0 l&rsquo;\u00e9ducation, quelles que soient ses origines. Forte de cette id\u00e9e, elle se distingue par les actions qu&rsquo;elle m\u00e8ne dans les territoires prioritaires de la m\u00e9tropole. Dans cet esprit, elle pr\u00e9cise\u00a0: \u00ab\u00a0Le festival Happy End que nous d\u00e9ployons vise \u00e0 construire un futur o\u00f9 la culture, les industries culturelles et cr\u00e9atives, ainsi que la solidarit\u00e9, renforcent la coh\u00e9sion sociale dans nos quartiers\u00a0\u00bb. Ce festival est per\u00e7u comme un moteur pour la d\u00e9mocratisation de l&rsquo;acc\u00e8s \u00e0 la culture cin\u00e9matographique.<\/p>\n<p>Le cin\u00e9ma \u00e0 l&rsquo;honneur<\/p>\n<p>Dans chacune des quatre soir\u00e9es programm\u00e9es, un film est projet\u00e9 en plein air. Cette ann\u00e9e, la th\u00e9matique retenue est le handicap avec, notamment, la diffusion du film Un p&rsquo;tit truc en plus, d&rsquo;Artus qui a rencontr\u00e9 un v\u00e9ritable succ\u00e8s dans les salles. La soir\u00e9e ne s&rsquo;arr\u00eate pas l\u00e0 puisque, chaque projection est suivie d&rsquo;un d\u00e9bat en pr\u00e9sence de l&rsquo;\u00e9quipe du film. Les producteurs, r\u00e9alisateurs ou auteurs donneront au public une compr\u00e9hension approfondie des diff\u00e9rents m\u00e9tiers qui contribuent \u00e0 la cr\u00e9ation d&rsquo;un film.<\/p>\n<p>En marge des moments cin\u00e9matographiques, sont organis\u00e9s des ateliers maquillage \u00e0 effets sp\u00e9ciaux et des master class anim\u00e9es par des cin\u00e9astes, techniciens et experts du monde du cin\u00e9ma. Et, pour plus de convivialit\u00e9, les organisateurs ont pr\u00e9vu un ap\u00e9ro d\u00eenatoire pr\u00e9par\u00e9 par des volontaires de l&rsquo;association form\u00e9s par un chef cuisinier professionnel.<\/p>\n<p>Parc Kalliste le 21\u00a0ao\u00fbt\u00a0: \u00ab\u00a0Chacun pour tous\u00a0\u00bb<\/p>\n<p>F\u00e9lix Pyat le 22\u00a0ao\u00fbt\u00a0: \u00ab\u00a0Patients\u00a0\u00bb<\/p>\n<p>Le Panier le 23\u00a0ao\u00fbt\u00a0: \u00ab\u00a0Un p&rsquo;tit truc en plus\u00a0\u00bb<\/p>\n<p>La Castellane le 24\u00a0ao\u00fbt\u00a0: \u00ab\u00a0Golo et Ritchie\u00a0\u00bb<\/p>\n","protected":false},"excerpt":{"rendered":"Le festival Happy End d\u00e9marre sa premi\u00e8re projection de films en plein air ce mercredi au parc Kallist\u00e9.&hellip;\n","protected":false},"author":2,"featured_media":328246,"comment_status":"","ping_status":"","sticky":false,"template":"","format":"standard","meta":{"footnotes":""},"categories":[2814],"tags":[1111,11,36390,1777,674,1011,27,884,12,882,25],"class_list":{"0":"post-328245","1":"post","2":"type-post","3":"status-publish","4":"format-standard","5":"has-post-thumbnail","7":"category-marseille","8":"tag-actu","9":"tag-actualites","10":"tag-claire-mangeard","11":"tag-eu","12":"tag-europe","13":"tag-fr","14":"tag-france","15":"tag-marseille","16":"tag-news","17":"tag-provence-alpes-cote-dazur","18":"tag-republique-francaise"},"share_on_mastodon":{"url":"https:\/\/pubeurope.com\/@fr\/115052768416821950","error":""},"_links":{"self":[{"href":"https:\/\/www.europesays.com\/fr\/wp-json\/wp\/v2\/posts\/328245","targetHints":{"allow":["GET"]}}],"collection":[{"href":"https:\/\/www.europesays.com\/fr\/wp-json\/wp\/v2\/posts"}],"about":[{"href":"https:\/\/www.europesays.com\/fr\/wp-json\/wp\/v2\/types\/post"}],"author":[{"embeddable":true,"href":"https:\/\/www.europesays.com\/fr\/wp-json\/wp\/v2\/users\/2"}],"replies":[{"embeddable":true,"href":"https:\/\/www.europesays.com\/fr\/wp-json\/wp\/v2\/comments?post=328245"}],"version-history":[{"count":0,"href":"https:\/\/www.europesays.com\/fr\/wp-json\/wp\/v2\/posts\/328245\/revisions"}],"wp:featuredmedia":[{"embeddable":true,"href":"https:\/\/www.europesays.com\/fr\/wp-json\/wp\/v2\/media\/328246"}],"wp:attachment":[{"href":"https:\/\/www.europesays.com\/fr\/wp-json\/wp\/v2\/media?parent=328245"}],"wp:term":[{"taxonomy":"category","embeddable":true,"href":"https:\/\/www.europesays.com\/fr\/wp-json\/wp\/v2\/categories?post=328245"},{"taxonomy":"post_tag","embeddable":true,"href":"https:\/\/www.europesays.com\/fr\/wp-json\/wp\/v2\/tags?post=328245"}],"curies":[{"name":"wp","href":"https:\/\/api.w.org\/{rel}","templated":true}]}}