{"id":328247,"date":"2025-08-19T01:11:11","date_gmt":"2025-08-19T01:11:11","guid":{"rendered":"https:\/\/www.europesays.com\/fr\/328247\/"},"modified":"2025-08-19T01:11:11","modified_gmt":"2025-08-19T01:11:11","slug":"marseille-la-jeunesse-rurale-sengage-pour-un-territoire-inclusif-et-durable","status":"publish","type":"post","link":"https:\/\/www.europesays.com\/fr\/328247\/","title":{"rendered":"MARSEILLE : La jeunesse rurale s\u2019engage pour un territoire inclusif et durable"},"content":{"rendered":"<p><strong>Le projet TiDE ! (Territoires ruraux Inclusifs pour le D\u00e9veloppement Durable en Europe) a pour objectif d\u2019\u00e9couter les jeunes et de les accompagner dans leur r\u00f4le d\u2019acteurs d\u2019un territoire inclusif et durable.<\/strong><\/p>\n<p>David GALTIER, Conseiller r\u00e9gional, repr\u00e9sentant Renaud MUSELIER, Pr\u00e9sident de la R\u00e9gion Provence-Alpes-C\u00f4te d\u2019Azur, a remis les troph\u00e9es aux laur\u00e9ats de la 3\u00e8me \u00e9dition du Concours \u00ab Les Etoiles de l\u2019Europe en R\u00e9gion Sud \u00bb qui valorisent les initiatives exemplaires financ\u00e9es par les fonds europ\u00e9ens.<\/p>\n<p>Ces troph\u00e9es distinguent des acteurs engag\u00e9s, chercheurs, entrepreneurs, collectivit\u00e9s ou associations, qui, par leurs initiatives, font le pari de l\u2019Europe et en deviennent les ambassadeurs du quotidien sur l\u2019ensemble du territoire r\u00e9gional. La R\u00e9gion Provence-Alpes-C\u00f4te d\u2019Azur illustre un savoir-faire exemplaire et se place dans le top 10 des R\u00e9gions europ\u00e9ennes pour la consommation des fonds europ\u00e9ens. Pour la p\u00e9riode 2021-2027, l\u2019objectif est d\u2019atteindre\u00a0<strong>10 milliards d\u2019\u20ac<\/strong>\u00a0de captation.<\/p>\n<p>En renfor\u00e7ant les liens sociaux et territoriaux, TiDE ! cr\u00e9e un environnement propice \u00e0 la coop\u00e9ration et \u00e0 l\u2019entraide locale gr\u00e2ce \u00e0 une m\u00e9thode innovante de concertation des jeunes. Le projet a cherch\u00e9 \u00e0 insuffler une dynamique territoriale constructive autour de la jeunesse. En s\u2019inscrivant dans les objectifs europ\u00e9ens, \u00ab TiDE ! \u00bb met l\u2019accent sur la solidarit\u00e9 et la coop\u00e9ration entre les jeunes, les animateurs et les acteurs locaux.<\/p>\n<p><strong>R\u00e9alisations concr\u00e8tes<\/strong><br \/>\u2013 Cr\u00e9ation d\u2019un poste d\u2019animateur territorial.<br \/>\u2013 Revitalisation d\u2019un r\u00e9seau d\u2019acteurs diversifi\u00e9s.<br \/>\u2013 Organisation d\u2019un forum ouvert de la jeunesse rurale.<\/p>\n<p><strong>Fiche d\u2019identit\u00e9 du projet<\/strong><br \/>\u2013 Programme : FEADER<br \/>\u2013 B\u00e9n\u00e9ficiaire : Union Nationale des MFR<br \/>\u2013 Lieu : Alpes de Haute-Provence\/Vaucluse (04-84)<br \/>\u2013 Co\u00fbt total : 86 226 \u20ac<br \/>\u2013 Montant du financement europ\u00e9en : 51 735 \u20ac<br \/>\u2013 Cofinancement : GAL Haute-Provence Luberon \u2013 R\u00e9gion Sud<br \/>\u2013 CFr\u00e9d\u00e9rique JERRISE, Pr\u00e9sidente, <a href=\"https:\/\/presseagence.fr\/marseille-la-jeunesse-rurale-sengage-pour-un-territoire-inclusif-et-durable\/mailto:frederique.jerrise@mfr.asso.fr\" target=\"_blank\" rel=\"noopener nofollow\">frederique.jerrise@mfr.asso.fr<\/a><\/p>\n<p><strong>En savoir plus sur le projet<\/strong><br \/>\u2013\u00a0<a href=\"https:\/\/europe.mfr.fr\/category\/projets\/tide\/\" target=\"_blank\" rel=\"noopener nofollow\" data-saferedirecturl=\"https:\/\/www.google.com\/url?q=https:\/\/europe.mfr.fr\/category\/projets\/tide\/&amp;source=gmail&amp;ust=1754917596351000&amp;usg=AOvVaw0gqrjpOFcK2NHR8GEAZaSz\">Union Nationale des MFR<\/a><br \/>\u2013\u00a0<a href=\"https:\/\/europe.mfr.fr\/category\/projets\/tide\/\" target=\"_blank\" rel=\"noopener nofollow\" data-saferedirecturl=\"https:\/\/www.google.com\/url?q=https:\/\/europe.mfr.fr\/category\/projets\/tide\/&amp;source=gmail&amp;ust=1754917596351000&amp;usg=AOvVaw0gqrjpOFcK2NHR8GEAZaSz\">Visionnez le projet en images<\/a><\/p>\n<p>Source : Les Etoiles de l\u2019Europe en R\u00e9gion Sud.<\/p>\n","protected":false},"excerpt":{"rendered":"Le projet TiDE ! (Territoires ruraux Inclusifs pour le D\u00e9veloppement Durable en Europe) a pour objectif d\u2019\u00e9couter les&hellip;\n","protected":false},"author":2,"featured_media":310607,"comment_status":"","ping_status":"","sticky":false,"template":"","format":"standard","meta":{"footnotes":""},"categories":[2814],"tags":[1111,11,1777,674,1011,27,884,12,882,25],"class_list":{"0":"post-328247","1":"post","2":"type-post","3":"status-publish","4":"format-standard","5":"has-post-thumbnail","7":"category-marseille","8":"tag-actu","9":"tag-actualites","10":"tag-eu","11":"tag-europe","12":"tag-fr","13":"tag-france","14":"tag-marseille","15":"tag-news","16":"tag-provence-alpes-cote-dazur","17":"tag-republique-francaise"},"share_on_mastodon":{"url":"https:\/\/pubeurope.com\/@fr\/115052772311811163","error":""},"_links":{"self":[{"href":"https:\/\/www.europesays.com\/fr\/wp-json\/wp\/v2\/posts\/328247","targetHints":{"allow":["GET"]}}],"collection":[{"href":"https:\/\/www.europesays.com\/fr\/wp-json\/wp\/v2\/posts"}],"about":[{"href":"https:\/\/www.europesays.com\/fr\/wp-json\/wp\/v2\/types\/post"}],"author":[{"embeddable":true,"href":"https:\/\/www.europesays.com\/fr\/wp-json\/wp\/v2\/users\/2"}],"replies":[{"embeddable":true,"href":"https:\/\/www.europesays.com\/fr\/wp-json\/wp\/v2\/comments?post=328247"}],"version-history":[{"count":0,"href":"https:\/\/www.europesays.com\/fr\/wp-json\/wp\/v2\/posts\/328247\/revisions"}],"wp:featuredmedia":[{"embeddable":true,"href":"https:\/\/www.europesays.com\/fr\/wp-json\/wp\/v2\/media\/310607"}],"wp:attachment":[{"href":"https:\/\/www.europesays.com\/fr\/wp-json\/wp\/v2\/media?parent=328247"}],"wp:term":[{"taxonomy":"category","embeddable":true,"href":"https:\/\/www.europesays.com\/fr\/wp-json\/wp\/v2\/categories?post=328247"},{"taxonomy":"post_tag","embeddable":true,"href":"https:\/\/www.europesays.com\/fr\/wp-json\/wp\/v2\/tags?post=328247"}],"curies":[{"name":"wp","href":"https:\/\/api.w.org\/{rel}","templated":true}]}}