{"id":328251,"date":"2025-08-19T01:16:12","date_gmt":"2025-08-19T01:16:12","guid":{"rendered":"https:\/\/www.europesays.com\/fr\/328251\/"},"modified":"2025-08-19T01:16:12","modified_gmt":"2025-08-19T01:16:12","slug":"echappez-a-la-chaleur-sur-cette-plage-secrete-pres-de-paris","status":"publish","type":"post","link":"https:\/\/www.europesays.com\/fr\/328251\/","title":{"rendered":"\u00c9chappez \u00e0 la chaleur sur cette plage secr\u00e8te pr\u00e8s de Paris"},"content":{"rendered":"<p class=\"p1\">Heureusement, il suffit de quelques minutes de transport pour profiter d\u2019un espace naturel am\u00e9nag\u00e9 o\u00f9 se rafraichir et se reposer pour une apr\u00e8s-midi au calme entre amis ou en famille.<\/p>\n<p>La Plage Bleue de Valenton, espace naturel am\u00e9nag\u00e9 pour profiter de l\u2019\u00e9t\u00e9<\/p>\n<p class=\"p1\">\u00c0 environ <strong>une heure de Paris,<\/strong> accessible en RER D puis en bus, la <strong>Plage Bleue de Valenton<\/strong> est une destination id\u00e9ale pour les jours de grande chaleur. Ce <strong>plan d\u2019eau am\u00e9nag\u00e9<\/strong> dispose d\u2019une grande plage de sable en bord de lac et de zones ombrag\u00e9es. On peut y bronzer, s\u2019y rafraichir, mais aussi y profiter d\u2019un bon <strong>pique-nique en bord de lac.<\/strong><\/p>\n<p class=\"p1\">La <strong>baignade<\/strong> n\u2019est pas autoris\u00e9e dans le lac \u00e0 proprement parler mais de nombreux jeux d\u2019eau ont \u00e9t\u00e9 install\u00e9. La Plage Bleue fait aussi la part belle \u00e0 plusieurs activit\u00e9s sportives. On peut y pratiquer le BMX, le skate, la p\u00e9tanque, la promenade (gr\u00e2ce \u00e0 ses 40 hectares de verdure), la p\u00eache mais aussi la musculation gr\u00e2ce \u00e0 des am\u00e9nagements d\u00e9di\u00e9s.\u00a0<\/p>\n<p class=\"p1\">L\u2019\u00e9t\u00e9, la Plage Bleue est ouverte au public de 8h du matin \u00e0 21h tous les jours de la semaine. Elle est accessible gratuitement.<\/p>\n<p>Lire aussi<\/p>\n<p>\t\t\t<a class=\"ContextualLinks-link\" href=\"https:\/\/www.cosmopolitan.fr\/voici-les-plages-ou-vous-avez-le-plus-de-chance-de-faire-des-rencontres-amoureuses,2134676.asp\" rel=\"nofollow noopener\" target=\"_blank\">Voici les plages o\u00f9 vous avez le plus de chance de faire des rencontres amoureuses<\/a>\t<\/p>\n<p>Les jours de grande chaleur ou de canicule, il faut privil\u00e9gier les espaces ombrag\u00e9s<\/p>\n<p class=\"p1\">Pour permettre \u00e0 celles et ceux qui habitent dans la capitale de se rafraichir pendant les jours de grande chaleur et de canicule, la <strong>mairie de Paris<\/strong> a mis en ligne une \u00ab\u00a0<a href=\"https:\/\/www.paris.fr\/pages\/se-rafraichir-a-paris-24280\" target=\"_blank\" rel=\"noopener nofollow\">carte des \u00eelots de fra\u00eecheur<\/a>\u00a0\u00bb de la ville. Elle y int\u00e8gre les adresses de parcs, \u00e9glises, fontaines accessibles \u00e0 tous, piscines et bains-douche, mus\u00e9es \u00e9quip\u00e9s de climatisation ou encore mairies d\u2019arrondissement o\u00f9 les habitants peuvent venir pour profiter d\u2019un instant de fraicheur ou d\u2019un point d\u2019eau. Des points de fra\u00eecheur temporaires ont aussi \u00e9t\u00e9 mis en place comme des brumisateurs.<\/p>\n<p class=\"p1\">Des commerces font \u00e9galement partie d\u2019un dispositif appel\u00e9 <strong>Ici je choisis l\u2019eau de Paris<\/strong> et permettent l\u2019acc\u00e8s \u00e0 des carafes d\u2019eau de la ville gratuitement, fontaine \u00e0 eau en libre-service ou remplissage \u00e0 la demande.<\/p>\n<p class=\"p1\">Cette ann\u00e9e encore, le dispositif Paris Plages a aussi \u00e9t\u00e9 renouvel\u00e9 par la mairie de Paris. Jusqu\u2019au 31 ao\u00fbt, les parisiens peuvent profiter d\u2019espace de d\u00e9tente en<a href=\"https:\/\/www.cosmopolitan.fr\/ferme-aux-visites-publiques-ce-chateau-de-seine-et-marne-propose-de-d-y-dormir-pour-une-nuit,2128217.asp\" title=\"Ferm\u00e9 aux visites publiques, ce ch\u00e2teau de Seine-et-Marne propose d&#039;y dormir pour une nuit\" class=\"internal\" rel=\"nofollow noopener\" target=\"_blank\"> bord de Seine<\/a> ainsi que plusieurs <a href=\"https:\/\/www.cosmopolitan.fr\/attention-cette-plage-du-bassin-d-arcachon-est-deconseillee-a-la-baignade,2132117.asp\" title=\"Attention, cette plage du bassin d&#039;Arcachon est d\u00e9conseill\u00e9e \u00e0 la baignade\" class=\"internal\" rel=\"nofollow noopener\" target=\"_blank\">espaces de baignade<\/a>.<\/p>\n<p>Lire aussi<\/p>\n<ul class=\"ContextualLinks-items\">&#13;<\/p>\n<li class=\"ContextualLinks-item\">&#13;<br \/>\n\t\t\t\t\t\t<a class=\"ContextualLinks-link\" href=\"https:\/\/www.cosmopolitan.fr\/cette-plage-secrete-de-vendee-n-attire-pas-grand-monde-alors-que-c-est-un-havre-de-paix,2134604.asp\" rel=\"nofollow noopener\" target=\"_blank\">Cette plage secr\u00e8te de Vend\u00e9e n&rsquo;attire pas grand-monde, alors que c&rsquo;est un havre de paix<\/a>&#13;\n\t\t\t\t\t<\/li>\n<li class=\"ContextualLinks-item\">&#13;<br \/>\n\t\t\t\t\t\t<a class=\"ContextualLinks-link\" href=\"https:\/\/www.cosmopolitan.fr\/canicule-les-plages-francaises-les-plus-touchees-par-la-proliferation-de-meduses-cet-ete,2134631.asp\" rel=\"nofollow noopener\" target=\"_blank\">Canicule\u00a0: les plages fran\u00e7aises les plus touch\u00e9es par la prolif\u00e9ration de m\u00e9duses cet \u00e9t\u00e9<\/a>&#13;\n\t\t\t\t\t<\/li>\n<\/ul>\n","protected":false},"excerpt":{"rendered":"Heureusement, il suffit de quelques minutes de transport pour profiter d\u2019un espace naturel am\u00e9nag\u00e9 o\u00f9 se rafraichir et&hellip;\n","protected":false},"author":2,"featured_media":328252,"comment_status":"","ping_status":"","sticky":false,"template":"","format":"standard","meta":{"footnotes":""},"categories":[1888],"tags":[1111,1928,11,1927,1777,674,1011,27,12,1926,626,1925,25],"class_list":{"0":"post-328251","1":"post","2":"type-post","3":"status-publish","4":"format-standard","5":"has-post-thumbnail","7":"category-paris","8":"tag-actu","9":"tag-actu-paris","10":"tag-actualites","11":"tag-actualites-paris","12":"tag-eu","13":"tag-europe","14":"tag-fr","15":"tag-france","16":"tag-news","17":"tag-news-paris","18":"tag-paris","19":"tag-paris-news","20":"tag-republique-francaise"},"share_on_mastodon":{"url":"https:\/\/pubeurope.com\/@fr\/115052791917071148","error":""},"_links":{"self":[{"href":"https:\/\/www.europesays.com\/fr\/wp-json\/wp\/v2\/posts\/328251","targetHints":{"allow":["GET"]}}],"collection":[{"href":"https:\/\/www.europesays.com\/fr\/wp-json\/wp\/v2\/posts"}],"about":[{"href":"https:\/\/www.europesays.com\/fr\/wp-json\/wp\/v2\/types\/post"}],"author":[{"embeddable":true,"href":"https:\/\/www.europesays.com\/fr\/wp-json\/wp\/v2\/users\/2"}],"replies":[{"embeddable":true,"href":"https:\/\/www.europesays.com\/fr\/wp-json\/wp\/v2\/comments?post=328251"}],"version-history":[{"count":0,"href":"https:\/\/www.europesays.com\/fr\/wp-json\/wp\/v2\/posts\/328251\/revisions"}],"wp:featuredmedia":[{"embeddable":true,"href":"https:\/\/www.europesays.com\/fr\/wp-json\/wp\/v2\/media\/328252"}],"wp:attachment":[{"href":"https:\/\/www.europesays.com\/fr\/wp-json\/wp\/v2\/media?parent=328251"}],"wp:term":[{"taxonomy":"category","embeddable":true,"href":"https:\/\/www.europesays.com\/fr\/wp-json\/wp\/v2\/categories?post=328251"},{"taxonomy":"post_tag","embeddable":true,"href":"https:\/\/www.europesays.com\/fr\/wp-json\/wp\/v2\/tags?post=328251"}],"curies":[{"name":"wp","href":"https:\/\/api.w.org\/{rel}","templated":true}]}}