{"id":328263,"date":"2025-08-19T01:22:13","date_gmt":"2025-08-19T01:22:13","guid":{"rendered":"https:\/\/www.europesays.com\/fr\/328263\/"},"modified":"2025-08-19T01:22:13","modified_gmt":"2025-08-19T01:22:13","slug":"louragan-erin-progresse-dans-les-caraibes-menace-la-cote-est-americaine-19-08-2025-a-0105","status":"publish","type":"post","link":"https:\/\/www.europesays.com\/fr\/328263\/","title":{"rendered":"L&rsquo;ouragan Erin progresse dans les Cara\u00efbes, menace la c\u00f4te est am\u00e9ricaine &#8211; 19\/08\/2025 \u00e0 01:05"},"content":{"rendered":"<p>        <img fetchpriority=\"high\" decoding=\"async\" src=\"https:\/\/www.europesays.com\/fr\/wp-content\/uploads\/2025\/08\/b064fa02e46fee2d435ba5a3d870f162-760x544.jpg\" alt=\"L'ouragan Erin en formation le 16 ao\u00fbt 2025, sur une image satellite fournie par les autorit\u00e9s am\u00e9ricaines ( NOAA \/ Handout )\" loading=\"eager\" width=\"760\" height=\"544\" style=\"max-width: 100%!important; height: auto;\"\/><\/p>\n<p class=\"c-image-news__legend\">L&rsquo;ouragan Erin en formation le 16 ao\u00fbt 2025, sur une image satellite fournie par les autorit\u00e9s am\u00e9ricaines ( NOAA \/ Handout )<\/p>\n<p>\n Le puissant ouragan Erin continue lundi sa progression pr\u00e8s des Bahamas, accompagn\u00e9 de rafales de vent puissantes et de pluies intenses, alors que la menace de vagues destructrices sur les c\u00f4tes am\u00e9ricaines grandit.\n<\/p>\n<p>\n D\u00e9sormais class\u00e9 comme ouragan de cat\u00e9gorie 4 sur l&rsquo;\u00e9chelle de Saffir-Simpson, qui en compte cinq, Erin \u00e9volue dans la r\u00e9gion des Cara\u00efbes avec des vents allant jusqu&rsquo;\u00e0 220 km\/h, selon le Centre am\u00e9ricain des ouragans (NHC).\n<\/p>\n<p>\n De fortes averses localis\u00e9es li\u00e9es \u00e0 son passage \u00e9taient attendues lundi \u00e0 travers les Bahamas, l&rsquo;archipel des \u00celes Turques-et-Ca\u00efques ainsi qu&rsquo;en Ha\u00efti et en R\u00e9publique dominicaine, avec un risque d&rsquo;inondations.\n<\/p>\n<p>\n Apr\u00e8s avoir fr\u00f4l\u00e9 les Bahamas, il doit op\u00e9rer mardi un virage vers le nord pour ensuite passer entre la c\u00f4te est des Etats-Unis et les Bermudes en milieu de semaine.\n<\/p>\n<p>\n Bien qu&rsquo;il ne soit pas pr\u00e9vu qu&rsquo;il touche terre, les services m\u00e9t\u00e9orologiques ont exhort\u00e9 lundi apr\u00e8s-midi la population am\u00e9ricaine \u00e0 ne pas prendre \u00e0 la l\u00e9g\u00e8re cet ouragan.\n<\/p>\n<p>\n \u00ab\u00a0Beaucoup d&rsquo;entre vous pensent peut-\u00eatre que la trajectoire d&rsquo;Erin au large n&rsquo;aura que peu ou pas d&rsquo;impact au cours des prochains jours sur la c\u00f4te est des \u00c9tats-Unis. Rien ne pourrait \u00eatre plus faux\u00a0\u00bb, a ainsi alert\u00e9 Jamie Rhome, directeur adjoint du NHC, dans une vid\u00e9o diffus\u00e9e sur les r\u00e9seaux sociaux.\n<\/p>\n<p>\n Des courants dangereux ainsi que des vagues puissantes allant jusqu&rsquo;\u00e0 6 m\u00e8tres de hauteur sont en effet attendus, faisant courir le risque d&rsquo;inondations c\u00f4ti\u00e8res, notamment sur un chapelet d&rsquo;\u00eeles bordant la Caroline du Nord. En pr\u00e9vision, certaines zones ont \u00e9t\u00e9 soumises \u00e0 des ordres d&rsquo;\u00e9vacuation.\n<\/p>\n<p> &#8211; Intensification rapide &#8211;<\/p>\n<p>\n L&rsquo;ouragan Erin s&rsquo;\u00e9tait rapproch\u00e9 au cours du week-end du nord des Petites Antilles et de Porto Rico, provoquant des d\u00e9g\u00e2ts mat\u00e9riels. Dans ce territoire am\u00e9ricain d\u00e9vast\u00e9 en 2017 par l&rsquo;ouragan Maria, des maisons et routes ont \u00e9t\u00e9 submerg\u00e9es par les eaux.\n<\/p>\n<p>        <img decoding=\"async\" src=\"https:\/\/www.europesays.com\/fr\/wp-content\/uploads\/2025\/08\/76657f21bc369d3e8fb8fcfd7c62f6f1-760x507.jpg\" alt=\"Un camion avance sur une route inond\u00e9e, dans la r\u00e9gion de Naguabo, \u00e0 Porto Rico, le 16 ao\u00fbt 2025 ( AFP \/ Ricardo ARDUENGO )\" loading=\"eager\" width=\"760\" height=\"507\" style=\"max-width: 100%!important; height: auto;\"\/><\/p>\n<p class=\"c-image-news__legend\">Un camion avance sur une route inond\u00e9e, dans la r\u00e9gion de Naguabo, \u00e0 Porto Rico, le 16 ao\u00fbt 2025 ( AFP \/ Ricardo ARDUENGO )<\/p>\n<p>\n Les vents puissants ont \u00e9galement couch\u00e9 des arbres sur la chauss\u00e9e, et 150.000 m\u00e9nages avaient \u00e9t\u00e9 priv\u00e9s de courant dimanche. D&rsquo;autres coupures sont survenues lundi, a indiqu\u00e9 la compagnie d&rsquo;\u00e9lectricit\u00e9 locale Luma, tout en assurant que le service avait \u00e9t\u00e9 r\u00e9tabli pour plus de 90% de ses clients.\n<\/p>\n<p>\n Premier ouragan de la saison en Atlantique nord, Erin s&rsquo;est tr\u00e8s rapidement renforc\u00e9, atteignant en un peu plus de 24 heures le niveau maximal d&rsquo;intensit\u00e9.\n<\/p>\n<p>\n Soit l&rsquo;une des intensifications les plus fortes et les plus rapides \u00ab\u00a0jamais enregistr\u00e9es\u00a0\u00bb, pointe Daniel Gilford, climatologue \u00e0 Climate Central.\n<\/p>\n<p>\n D&rsquo;apr\u00e8s les analyses r\u00e9alis\u00e9es par cette organisation, Erin a travers\u00e9 dans l&rsquo;oc\u00e9an Atlantique des eaux exceptionnellement chaudes ce qui a permis une telle mont\u00e9e en puissance. \u00ab\u00a0Nous savons que les ouragans agissent comme des moteurs thermiques qui absorbent l&rsquo;\u00e9nergie de la surface de l&rsquo;oc\u00e9an et la convertissent en vents\u00a0\u00bb, rappelle M. Gilford.\n<\/p>\n<p>\n En r\u00e9chauffant les mers, le changement climatique rend plus probable l&rsquo;intensification rapide de telles temp\u00eates et augmente le risque de ph\u00e9nom\u00e8nes plus puissants, selon les scientifiques.\n<\/p>\n<p>\n Malgr\u00e9 des d\u00e9buts calmes, la saison des ouragans, qui s&rsquo;\u00e9tire de d\u00e9but juin \u00e0 fin novembre, devrait cette ann\u00e9e \u00eatre plus intense que la normale, selon les pr\u00e9visions des autorit\u00e9s m\u00e9t\u00e9orologiques am\u00e9ricaines.\n<\/p>\n<p>\n En 2024, la r\u00e9gion avait \u00e9t\u00e9 marqu\u00e9e par plusieurs temp\u00eates meurtri\u00e8res, parmi lesquelles l&rsquo;ouragan H\u00e9l\u00e8ne qui a fait plus de 200 morts dans le sud-est des Etats-Unis.<\/p>\n","protected":false},"excerpt":{"rendered":"L&rsquo;ouragan Erin en formation le 16 ao\u00fbt 2025, sur une image satellite fournie par les autorit\u00e9s am\u00e9ricaines (&hellip;\n","protected":false},"author":2,"featured_media":328264,"comment_status":"","ping_status":"","sticky":false,"template":"","format":"standard","meta":{"footnotes":""},"categories":[1589],"tags":[400,11,398,408,405,73,1866,403,402,399,404,12,401,406,1864,1865,1863,308,407],"class_list":{"0":"post-328263","1":"post","2":"type-post","3":"status-publish","4":"format-standard","5":"has-post-thumbnail","7":"category-etats-unis","8":"tag-action-cac-40","9":"tag-actualites","10":"tag-bourse-de-paris","11":"tag-boursorama","12":"tag-cotations","13":"tag-etats-unis","14":"tag-etats-unis-damerique","15":"tag-indices-devises","16":"tag-investir","17":"tag-investissement","18":"tag-marche-boursier","19":"tag-news","20":"tag-sicav","21":"tag-trackers","22":"tag-united-states","23":"tag-united-states-of-america","24":"tag-us","25":"tag-usa","26":"tag-warrants"},"share_on_mastodon":{"url":"https:\/\/pubeurope.com\/@fr\/115052815769616833","error":""},"_links":{"self":[{"href":"https:\/\/www.europesays.com\/fr\/wp-json\/wp\/v2\/posts\/328263","targetHints":{"allow":["GET"]}}],"collection":[{"href":"https:\/\/www.europesays.com\/fr\/wp-json\/wp\/v2\/posts"}],"about":[{"href":"https:\/\/www.europesays.com\/fr\/wp-json\/wp\/v2\/types\/post"}],"author":[{"embeddable":true,"href":"https:\/\/www.europesays.com\/fr\/wp-json\/wp\/v2\/users\/2"}],"replies":[{"embeddable":true,"href":"https:\/\/www.europesays.com\/fr\/wp-json\/wp\/v2\/comments?post=328263"}],"version-history":[{"count":0,"href":"https:\/\/www.europesays.com\/fr\/wp-json\/wp\/v2\/posts\/328263\/revisions"}],"wp:featuredmedia":[{"embeddable":true,"href":"https:\/\/www.europesays.com\/fr\/wp-json\/wp\/v2\/media\/328264"}],"wp:attachment":[{"href":"https:\/\/www.europesays.com\/fr\/wp-json\/wp\/v2\/media?parent=328263"}],"wp:term":[{"taxonomy":"category","embeddable":true,"href":"https:\/\/www.europesays.com\/fr\/wp-json\/wp\/v2\/categories?post=328263"},{"taxonomy":"post_tag","embeddable":true,"href":"https:\/\/www.europesays.com\/fr\/wp-json\/wp\/v2\/tags?post=328263"}],"curies":[{"name":"wp","href":"https:\/\/api.w.org\/{rel}","templated":true}]}}