{"id":328267,"date":"2025-08-19T01:24:22","date_gmt":"2025-08-19T01:24:22","guid":{"rendered":"https:\/\/www.europesays.com\/fr\/328267\/"},"modified":"2025-08-19T01:24:22","modified_gmt":"2025-08-19T01:24:22","slug":"mondial-u19-m-lallemagne-decroche-son-premier-sacre-la-france-9eme","status":"publish","type":"post","link":"https:\/\/www.europesays.com\/fr\/328267\/","title":{"rendered":"Mondial U19 (M) | L&rsquo;Allemagne d\u00e9croche son premier sacre, la France 9\u00e8me"},"content":{"rendered":"<p>                <img loading=\"lazy\" decoding=\"async\" class=\"size-full wp-image-326129\" src=\"https:\/\/www.europesays.com\/fr\/wp-content\/uploads\/2025\/08\/Allemagne-U19-credits-Kolektiff-IHF.jpg\" alt=\"\" width=\"975\" height=\"650\"\/>Allemagne U19 (cr\u00e9dits Kolektiff &#8211; IHF)<\/p>\n<p style=\"text-align: justify;\"><strong>Au terme de deux semaines de comp\u00e9tition, l&rsquo;Allemagne d\u00e9croche son premier sacre dans un mondial U19 au bout d&rsquo;une finale termin\u00e9e aux jets de 7 m\u00e8tres face \u00e0 l&rsquo;Espagne (40-41). De son c\u00f4t\u00e9, la France termine de la meilleure des mani\u00e8res en remportant la 9\u00e8me place apr\u00e8s un troisi\u00e8me succ\u00e8s autoritaire de rang, cette fois contre la Serbie (42-33).<\/strong><\/p>\n<p style=\"text-align: justify;\">Ces Allemands n&rsquo;ont pas vol\u00e9 leur titre ! Apr\u00e8s un parcours quasiment sans emb\u00fbches &#8211; hormis le <a href=\"https:\/\/handnews.fr\/2025\/mondial-u19-m-j2-lespagne-sort-la-croatie-les-feroe-accrochent-lallemagne\/\" target=\"_blank\" rel=\"noopener\">surprenant match nul conc\u00e9d\u00e9 aux F\u00e9ro\u00efens<\/a>, 19\u00e8mes au classement final -, la Mannschaft aura r\u00e9alis\u00e9 un gros parcours en ayant domin\u00e9 la Slov\u00e9nie, <a href=\"https:\/\/handnews.fr\/2025\/mondial-u19-m-tour-principal-j2-lexploit-egyptien-lislande-qualifiee-sur-le-fil\/\" target=\"_blank\" rel=\"noopener\">la Norv\u00e8ge<\/a>, <a href=\"https:\/\/handnews.fr\/2025\/edf-m-u19-la-france-revit-le-cauchemar-de-lete-dernier-contre-lallemagne\/\" target=\"_blank\" rel=\"noopener\">la France<\/a> puis la Hongrie et le Danemark lors des matchs \u00e0 \u00e9limination directe puis l&rsquo;Espagne en finale.<\/p>\n<p>Premier sacre pour l&rsquo;Allemagne U19<\/p>\n<p style=\"text-align: justify;\">Une victoire finale qui couronne un parcours quasi sans faute, face \u00e0 une rude adversit\u00e9 et au fil de laquelle un collectif robuste aura pu faire ses armes. Et si la d\u00e9fense allemande aura \u00e9t\u00e9 le principal atout de la formation &#8211; le portier <strong>Finn Knaacke<\/strong>, surnomm\u00e9 \u00ab\u00a0mini-Wolff\u00a0\u00bb n&rsquo;y \u00e9tant pas pour rien -, l&rsquo;attaque aura \u00e9galement prouv\u00e9 sa force collective, au diapason du demi-centre Kieler <strong>Rasmus Ankermann<\/strong> et de ses arri\u00e8res <strong>William Reichardt<\/strong> \u00e0 gauche et <strong>Noah Hensen<\/strong> &amp; <strong>Linus Schmid<\/strong> \u00e0 droite. La base avant aura \u00e9galement \u00e9t\u00e9 particuli\u00e8rement fiable, avec un <strong>Jan Gr\u00fcner<\/strong> meilleur buteur de sa formation, impeccable sur son aile gauche comme sur jets de 7 m\u00e8tres (9 buts en finale notamment), et un poste de pivot plus que solide. Si Bennet Strobel \u00e9tait annonc\u00e9 comme une pointure sur le poste, figurant dans les tous meilleurs buteurs de son \u00e9quipe les deux \u00e9t\u00e9s derniers, le joueur de Balingen s&rsquo;est en partie fait voler la vedette par celui des F\u00fcchse Berlin, <strong>Tim Schr\u00f6der<\/strong>. Avec 35 buts sur 42 tentatives (4,4 buts par match), le pivot s&rsquo;est affirm\u00e9 comme l&rsquo;un des principaux atouts offensifs de la formation d&rsquo;Outre-Rhin et terminera dans <a href=\"https:\/\/handnews.fr\/2025\/mondial-u19-m-le-7-majeur-du-mondial-devoile\/\" target=\"_blank\" rel=\"noopener\">le 7 majeur du tournoi<\/a>.<\/p>\n<p><img loading=\"lazy\" decoding=\"async\" class=\"size-full wp-image-325619\" src=\"https:\/\/www.europesays.com\/fr\/wp-content\/uploads\/2025\/08\/Finn-Knaack-Allemagne-U19-credits-Kolektiff-IHF.png\" alt=\"\" width=\"975\" height=\"650\"\/>Finn Knaack, Allemagne U19 (cr\u00e9dits Kolektiff &#8211; IHF)<\/p>\n<p style=\"text-align: justify;\">Avec cette m\u00e9daille d&rsquo;or, l&rsquo;Allemagne devient la 4\u00e8me nation \u00e0 avoir d\u00e9croch\u00e9 les titres mondiaux en A, U21 et U19. Elle rejoint ainsi la France, le Danemark et l&rsquo;Espagne.<\/p>\n<p style=\"text-align: justify;\">L&rsquo;<strong>Espagne<\/strong>, justement, n&rsquo;a pas \u00e0 p\u00e2lir de sa seconde place, tandis que le <strong>Danemark<\/strong> a d\u00e9croch\u00e9 la m\u00e9daille de bronze au grand dam des Champions d&rsquo;Europe U18 de l&rsquo;\u00e9t\u00e9 dernier : la <strong>Su\u00e8de<\/strong>. Dans les autres matchs de classement, l&rsquo;\u00c9gypte a r\u00e9alis\u00e9 la belle surprise de terminer 5\u00e8me apr\u00e8s de grosses prestations contre la <strong>Norv\u00e8ge<\/strong> (26-47) mais surtout l&rsquo;<strong>Islande<\/strong> (33-31).<\/p>\n<p>Les Bleuets terminent sur de bonnes notes<\/p>\n<p style=\"text-align: justify;\">Enfin, dans le tableau suivant, la <strong>France<\/strong> est bel et bien parvenue \u00e0 se hisser \u00e0 la place de &lsquo;premier des non-qualifi\u00e9s en quarts&rsquo; avec une belle 9\u00e8me place. Un classement acquis gr\u00e2ce \u00e0 des succ\u00e8s s\u00e9rieux <a href=\"https:\/\/handnews.fr\/2025\/edf-u19-m-9eme-place-la-france-surclasse-la-suisse-en-matchs-de-classement\/\" target=\"_blank\" rel=\"noopener\">contre la Suisse<\/a> puis, vendredi, contre une <strong>Serbie<\/strong> parfois sur courant alternatif mais qui ne manque pas de talents (6\u00e8mes \u00e0 l&rsquo;Euro U18). Une victoire de 9 unit\u00e9s (<strong>42-33<\/strong>), construite sur les forces fran\u00e7aises aper\u00e7ues lors de la comp\u00e9tition : un <strong>Mathis Burdet<\/strong> en m\u00e9tronome de l&rsquo;attaque (5e meilleur passeur du tournoi), des <strong>Alexandre Baradat<\/strong> et <strong>Tristan Gourguechon<\/strong> apportant du danger de loin et dans les duels (4 et 5 buts) et une base avant tr\u00e8s fiable, o\u00f9 <strong>Yoni Peyrabout<\/strong> a pris la lumi\u00e8re sur son aile gauche (9\/10, MVP). Dans les cages, l&rsquo;Aixois <strong>Wilson Schultz<\/strong> confirme son beau tournoi avec 12 parades \u00e0 34 % d&rsquo;arr\u00eats. Ce dernier termine ainsi avec le 4\u00e8me meilleur pourcentage d&rsquo;arr\u00eats sur l&rsquo;ensemble du Mondial, devant <strong>Timoth\u00e9e Riss<\/strong>, \u00e9galement dans le top10 \u00e0 la 8\u00e8me place (32%).<\/p>\n<p style=\"text-align: justify;\">Avec cette 9\u00e8me place et des matchs plus que s\u00e9rieux contre des \u00e9quipes de bon niveau, les Bleuets peuvent se mordre les doigts du <a href=\"https:\/\/handnews.fr\/2025\/edf-m-u19-la-france-revit-le-cauchemar-de-lete-dernier-contre-lallemagne\/\" target=\"_blank\" rel=\"noopener\">d\u00e9but de match manqu\u00e9 contre l&rsquo;Allemagne<\/a> et pourront l\u00e9gitimement nourrir des espoirs de faire mieux lors de l&rsquo;Euro U20 l&rsquo;\u00e9t\u00e9 prochain.<\/p>\n<p><img loading=\"lazy\" decoding=\"async\" class=\"size-full wp-image-326146\" src=\"https:\/\/www.europesays.com\/fr\/wp-content\/uploads\/2025\/08\/Alexandre-Baradat-France-U19-credits-Kolektiff-IHF.jpg\" alt=\"\" width=\"975\" height=\"650\"\/>Alexandre Baradat, France U19 (cr\u00e9dits Kolektiff &#8211; IHF)<br \/>\nLe classement du Mondial U19 2025<\/p>\n<ol>&#13;<\/p>\n<li>Allemagne<\/li>\n<p>&#13;<\/p>\n<li>Espagne<\/li>\n<p>&#13;<\/p>\n<li>Danemark<\/li>\n<p>&#13;<\/p>\n<li>Su\u00e8de<\/li>\n<p>&#13;<\/p>\n<li>\u00c9gypte<\/li>\n<p>&#13;<\/p>\n<li>Islande<\/li>\n<p>&#13;<\/p>\n<li>Hongrie<\/li>\n<p>&#13;<\/p>\n<li>Norv\u00e8ge<\/li>\n<p>&#13;<\/p>\n<li>France<\/li>\n<p>&#13;<\/p>\n<li>Serbie<\/li>\n<p>&#13;<\/p>\n<li>Suisse<\/li>\n<p>&#13;<\/p>\n<li>R\u00e9publique tch\u00e8que<\/li>\n<p>&#13;<\/p>\n<li>Slov\u00e9nie<\/li>\n<p>&#13;<\/p>\n<li>Japon<\/li>\n<p>&#13;<\/p>\n<li>Autriche<\/li>\n<p>&#13;<\/p>\n<li>Arabie saoudite<\/li>\n<p>&#13;<\/p>\n<li>Portugal<\/li>\n<p>&#13;<\/p>\n<li>Croatie<\/li>\n<p>&#13;<\/p>\n<li>\u00celes F\u00e9ro\u00e9<\/li>\n<p>&#13;<\/p>\n<li>Tunisie<\/li>\n<p>&#13;<\/p>\n<li>Br\u00e9sil<\/li>\n<p>&#13;<\/p>\n<li>Argentine<\/li>\n<p>&#13;<\/p>\n<li>Bahre\u00efn<\/li>\n<p>&#13;<\/p>\n<li>Kosovo<\/li>\n<p>&#13;<\/p>\n<li>Cor\u00e9e du Sud<\/li>\n<p>&#13;<\/p>\n<li>Kowe\u00eft<\/li>\n<p>&#13;<\/p>\n<li>Alg\u00e9rie<\/li>\n<p>&#13;<\/p>\n<li>Uruguay<\/li>\n<p>&#13;<\/p>\n<li>Guin\u00e9e<\/li>\n<p>&#13;<\/p>\n<li>Maroc<\/li>\n<p>&#13;<\/p>\n<li>USA<\/li>\n<p>&#13;<\/p>\n<li>Mexique<\/li>\n<p>&#13;\n<\/ol>\n<p style=\"text-align: right;\">Antoine Piollat<\/p>\n","protected":false},"excerpt":{"rendered":"Allemagne U19 (cr\u00e9dits Kolektiff &#8211; IHF) Au terme de deux semaines de comp\u00e9tition, l&rsquo;Allemagne d\u00e9croche son premier sacre&hellip;\n","protected":false},"author":2,"featured_media":328268,"comment_status":"","ping_status":"","sticky":false,"template":"","format":"standard","meta":{"footnotes":""},"categories":[1587],"tags":[11,45163,672,1804,1805,1803,1777,674,46524,1801,46525,46526,46527,12,46528,46529,1802,46530,46531,46532,45169,45170],"class_list":{"0":"post-328267","1":"post","2":"type-post","3":"status-publish","4":"format-standard","5":"has-post-thumbnail","7":"category-allemagne","8":"tag-actualites","9":"tag-alexandre-baradat","10":"tag-allemagne","11":"tag-bundesrepublik-deutschland","12":"tag-de","13":"tag-deutschland","14":"tag-eu","15":"tag-europe","16":"tag-finn-knaacke","17":"tag-germany","18":"tag-jan-gruner","19":"tag-linus-schmid","20":"tag-mathis-burdet","21":"tag-news","22":"tag-noah-hensen","23":"tag-rasmus-ankermann","24":"tag-republique-federale-dallemagne","25":"tag-timothee-riss","26":"tag-tristan-gourguechon","27":"tag-william-reichardt","28":"tag-wilson-schultz","29":"tag-yoni-peyrabout"},"share_on_mastodon":{"url":"https:\/\/pubeurope.com\/@fr\/115052823439074675","error":""},"_links":{"self":[{"href":"https:\/\/www.europesays.com\/fr\/wp-json\/wp\/v2\/posts\/328267","targetHints":{"allow":["GET"]}}],"collection":[{"href":"https:\/\/www.europesays.com\/fr\/wp-json\/wp\/v2\/posts"}],"about":[{"href":"https:\/\/www.europesays.com\/fr\/wp-json\/wp\/v2\/types\/post"}],"author":[{"embeddable":true,"href":"https:\/\/www.europesays.com\/fr\/wp-json\/wp\/v2\/users\/2"}],"replies":[{"embeddable":true,"href":"https:\/\/www.europesays.com\/fr\/wp-json\/wp\/v2\/comments?post=328267"}],"version-history":[{"count":0,"href":"https:\/\/www.europesays.com\/fr\/wp-json\/wp\/v2\/posts\/328267\/revisions"}],"wp:featuredmedia":[{"embeddable":true,"href":"https:\/\/www.europesays.com\/fr\/wp-json\/wp\/v2\/media\/328268"}],"wp:attachment":[{"href":"https:\/\/www.europesays.com\/fr\/wp-json\/wp\/v2\/media?parent=328267"}],"wp:term":[{"taxonomy":"category","embeddable":true,"href":"https:\/\/www.europesays.com\/fr\/wp-json\/wp\/v2\/categories?post=328267"},{"taxonomy":"post_tag","embeddable":true,"href":"https:\/\/www.europesays.com\/fr\/wp-json\/wp\/v2\/tags?post=328267"}],"curies":[{"name":"wp","href":"https:\/\/api.w.org\/{rel}","templated":true}]}}