{"id":328269,"date":"2025-08-19T01:25:11","date_gmt":"2025-08-19T01:25:11","guid":{"rendered":"https:\/\/www.europesays.com\/fr\/328269\/"},"modified":"2025-08-19T01:25:11","modified_gmt":"2025-08-19T01:25:11","slug":"un-expert-previent-que-les-mines-terrestres-ne-protegeront-pas-leurope-de-la-russie","status":"publish","type":"post","link":"https:\/\/www.europesays.com\/fr\/328269\/","title":{"rendered":"Un expert pr\u00e9vient que les mines terrestres ne prot\u00e9geront pas l&rsquo;Europe de la Russie"},"content":{"rendered":"<p>OTTAWA \u2014 Un expert qui a d\u00e9samorc\u00e9 des bombes dans certaines des r\u00e9gions les plus dangereuses du monde affirme que les gouvernements europ\u00e9ens qui placent leurs espoirs de s\u00e9curit\u00e9 dans les mines terrestres se tournent vers un outil inefficace qui ne fera que propager la mis\u00e8re et la faim.<\/p>\n<p>\u00abC\u2019est une technologie obsol\u00e8te qui peut rapidement devenir inutile\u00bb, a d\u00e9clar\u00e9 Gary Toombs, technicien principal en neutralisation d\u2019explosifs \u00e0 l\u2019association caritative Humanit\u00e9 et inclusion.<\/p>\n<p>\u00abL\u2019utilisation de mines antipersonnel ne justifie pas vraiment l\u2019impact qu\u2019elle aura \u00e0 long terme, compte tenu des gains \u00e0 court terme qu\u2019elle pourrait apporter.\u00bb<\/p>\n<p>Les militants antimines terrestres exhortent le Canada \u00e0 redoubler d\u2019efforts pour convaincre les pays europ\u00e9ens de rester signataires du Trait\u00e9 d\u2019Ottawa de 1997, n\u00e9goci\u00e9 par le Canada pour mettre fin \u00e0 l\u2019utilisation des mines terrestres antipersonnel dans le monde.<\/p>\n<p>Ce trait\u00e9 a conduit la plupart des pays du monde \u00e0 interdire l\u2019utilisation de ces armes et a mobilis\u00e9 des fonds pour d\u00e9miner les anciennes zones de guerre, comme le Vietnam.<\/p>\n<p>Ce printemps, six pays limitrophes de la Russie ont annonc\u00e9 leur intention de quitter le Trait\u00e9 d\u2019Ottawa. L\u2019Ukraine, la Finlande, la Pologne, l\u2019Estonie, la Lettonie et la Lituanie ont fait valoir que la menace pos\u00e9e par la Russie justifiait l\u2019utilisation \u00e9ventuelle de mines terrestres pour contrecarrer ou ralentir les incursions terrestres.<\/p>\n<p>M.\u00a0Toombs a neutralis\u00e9 des bombes pour l\u2019arm\u00e9e britannique dans les ann\u00e9es 1990. Il dirige aujourd\u2019hui une \u00e9quipe internationale avec Humanit\u00e9 et inclusion qui surveille les terrains et les d\u00e9barrasse des explosifs, soit en retirant les bombes, soit en les d\u00e9truisant sur place.<\/p>\n<p>Ce travail l\u2019a r\u00e9cemment conduit en Ukraine, dans la bande de Gaza, en Syrie et en Irak.<\/p>\n<p>Dans tous ces endroits, a-t-il soulign\u00e9, les mines terrestres n\u2019ont pas r\u00e9ussi \u00e0 emp\u00eacher les invasions terrestres. \u00abLes mines terrestres ont toujours \u00e9t\u00e9 utilis\u00e9es pour bloquer ou ralentir l\u2019avanc\u00e9e d\u2019une force militaire, mais leur efficacit\u00e9 dans la guerre moderne est consid\u00e9rablement r\u00e9duite par les progr\u00e8s technologiques\u00bb, a expliqu\u00e9 l\u2019expert.<\/p>\n<p>M.\u00a0Toombs a indiqu\u00e9 que la guerre en Ukraine a montr\u00e9 comment des drones sans pilote peuvent contourner les champs de mines, tandis que des capteurs terrestres peuvent d\u00e9tecter les mouvements de troupes et indiquer o\u00f9 les mines sont plac\u00e9es.<\/p>\n<p>Il a ajout\u00e9 que ces avanc\u00e9es ont boulevers\u00e9 une tactique vieille de plusieurs d\u00e9cennies consistant \u00e0 d\u00e9ployer des \u00abceintures d\u2019obstacles\u00bb \u2013 semblables \u00e0 des champs de mines \u2013 pour encercler les forces adverses dans des zones o\u00f9 elles peuvent \u00eatre prises pour cible.<\/p>\n<p>Au cours des conflits pass\u00e9s, les chars se retrouvaient pi\u00e9g\u00e9s dans des champs de mines o\u00f9 leurs \u00e9quipages bless\u00e9s pouvaient \u00eatre \u00e9limin\u00e9s par des tirs. Aujourd\u2019hui, de nombreux v\u00e9hicules de combat modernes sont \u00e9quip\u00e9s de chasse-mines capables de d\u00e9gager des voies de six m\u00e8tres de large pour assurer le passage des chars en toute s\u00e9curit\u00e9, a expliqu\u00e9 Gary Toombs.<\/p>\n<p>Les troupes ukrainiennes ont r\u00e9ussi \u00e0 contourner des champs de mines pos\u00e9s par les troupes russes, qui sont \u00e9galement prot\u00e9g\u00e9s par des barbel\u00e9s et des obstacles antichars appel\u00e9s \u00abdents de dragon\u00bb. <\/p>\n<p>\u00abJe n\u2019ai jamais vu de champs de mines aussi denses qu\u2019en Ukraine, a-t-il dit. Ces champs de mines incroyablement denses, avec ces obstacles, continuent d\u2019\u00eatre perc\u00e9s.\u00bb<\/p>\n<p><b>D\u00e9c\u00e8s de civils et pertes de terres agricoles<\/b><\/p>\n<p>Les mines antipersonnel sont particuli\u00e8rement \u00abinsidieuses\u00bb, de l\u2019avis de M.\u00a0Toombs, car, bien qu\u2019elles co\u00fbtent environ 4\u00a0$ chacune, leur retrait peut co\u00fbter plus de 1400\u00a0$.<\/p>\n<p>En date du mois de juillet, 444\u00a0civils ukrainiens ont \u00e9t\u00e9 tu\u00e9s et 1084 ont \u00e9t\u00e9 bless\u00e9s par des mines et des restes explosifs de guerre depuis f\u00e9vrier\u00a02022, selon la base de donn\u00e9es des Nations unies sur la protection des civils dans les conflits arm\u00e9s.<\/p>\n<p>L\u2019organisation de Gary Toombs affirme que ces chiffres sous-estiment probablement le nombre r\u00e9el de victimes. Une fiche d\u2019information d\u2019Humanit\u00e9 et inclusion publi\u00e9e en juin indiquait que plus d\u2019un quart du territoire ukrainien \u00e9tait d\u00e9j\u00e0 \u00abjonch\u00e9 de mines terrestres et d\u2019autres engins explosifs mortels\u00bb, notamment des armes \u00e0 sous-munitions.<\/p>\n<p>Les mines terrestres peuvent continuer de mutiler et de tuer des civils des d\u00e9cennies apr\u00e8s la fin d\u2019un conflit. Selon l\u2019Observatoire des mines et des armes \u00e0 sous-munitions, 84\u00a0% des victimes de mines terrestres dans environ 55\u00a0pays en 2023 \u00e9taient des civils, et les enfants et les jeunes sont particuli\u00e8rement vuln\u00e9rables.<\/p>\n<p>Selon M.\u00a0Toombs, ces armes polluent \u00e9galement les sols et les ressources en eau, rendant de vastes \u00e9tendues de terres arables inutilisables pendant des d\u00e9cennies. Il craint les cons\u00e9quences pour les syst\u00e8mes alimentaires mondiaux.<\/p>\n<p>L\u2019Ukraine est une source majeure de bl\u00e9 pour l\u2019Asie et l\u2019Afrique. En 2022, la Turquie a contribu\u00e9 \u00e0 la n\u00e9gociation d\u2019un accord avec la Russie autorisant les exp\u00e9ditions de c\u00e9r\u00e9ales, les perturbations caus\u00e9es par la guerre ayant fortement pes\u00e9 sur les prix alimentaires mondiaux.<\/p>\n<p>Lors de ses quatre visites en Ukraine depuis 2022, M.\u00a0Toombs a vu des fermes rendues inutilisables et des villes coup\u00e9es en deux par les mines terrestres. \u00abD\u2019immenses \u00e9tendues de terres ne sont plus accessibles en toute s\u00e9curit\u00e9. Les routes et les municipalit\u00e9s sont s\u00e9par\u00e9es\u00bb, a-t-il not\u00e9. <\/p>\n<p>Une analyse r\u00e9alis\u00e9e l\u2019automne dernier par l\u2019Institut Tony Blair pour le changement global, en partenariat avec le minist\u00e8re ukrainien de l\u2019\u00c9conomie, indiquait que la contamination par les mines terrestres co\u00fbtait \u00e0 l\u2019Ukraine 11,2\u00a0milliards\u00a0$ par an, soit environ 5,6\u00a0% du PIB du pays avant l\u2019invasion.<\/p>\n<p><b>Un effet boule de neige<\/b><\/p>\n<p>L\u2019expert en mines craint que la situation ne s\u2019aggrave \u00e0 mesure que le financement du d\u00e9minage diminue et que de nouvelles mines terrestres, moins ch\u00e8res, arrivent sur le march\u00e9.<\/p>\n<p>Il a d\u00e9clar\u00e9 que les pays qui quittent le trait\u00e9 pourraient \u00abcommencer \u00e0 fabriquer eux-m\u00eames de nouveaux types de mines antipersonnel\u00bb, ajoutant que le Trait\u00e9 d\u2019Ottawa est \u00abl\u2019un des trait\u00e9s les plus r\u00e9ussis\u00bb \u00e0 avoir \u00e9t\u00e9 largement adopt\u00e9.<\/p>\n<p>\u00abQuiconque envisage de se retirer devrait vraiment r\u00e9fl\u00e9chir aux impacts \u00e0 long terme, plut\u00f4t qu\u2019aux avantages \u00e0 court terme qu\u2019il estime pouvoir en tirer\u00bb, a-t-il soutenu.<\/p>\n<p>L\u2019Ukraine a fait part de son intention de se retirer du Trait\u00e9 d\u2019Ottawa, m\u00eame si les signataires ne sont techniquement pas autoris\u00e9s \u00e0 le faire en cas de conflit arm\u00e9. L\u2019ambassade d\u2019Ukraine \u00e0 Ottawa a dit ne pas pouvoir commenter tant que son ambassadeur n\u2019est pas remplac\u00e9.<\/p>\n<p>Affaires mondiales Canada a indiqu\u00e9 en juin \u00eatre conscient que les pays europ\u00e9ens prenaient des \u00abd\u00e9cisions difficiles et complexes\u00bb au sujet du trait\u00e9. Le minist\u00e8re a ajout\u00e9 que la d\u00e9fense du Trait\u00e9 d\u2019Ottawa \u00e9tait \u00abune priorit\u00e9 essentielle pour le Canada\u00bb.<\/p>\n<p>L\u2019association Humanit\u00e9 et inclusion, anciennement nomm\u00e9e Handicap international, est un membre fondateur de la Campagne internationale pour l\u2019interdiction des mines terrestres. Anne Delorme, directrice g\u00e9n\u00e9rale d\u2019Humanit\u00e9 et inclusion Canada, a d\u00e9clar\u00e9 que le gouvernement f\u00e9d\u00e9ral devait redoubler d\u2019efforts pour d\u00e9fendre le Trait\u00e9 d\u2019Ottawa.<\/p>\n<p>\u00abLe droit international a \u00e9t\u00e9 d\u00e9velopp\u00e9 (\u2026) pour prot\u00e9ger les civils et ce qu\u2019on voit aujourd\u2019hui, c\u2019est un effritement de ce droit international\u00bb, a-t-elle d\u00e9plor\u00e9.<\/p>\n<p>\u00abQue ce soit le trait\u00e9 d\u2019Ottawa ou plus largement le respect du droit international, le Canada a une responsabilit\u00e9 d\u2019agir et de renouveler son leadership pour assurer qu\u2019on ne recule pas encore plus, a insist\u00e9 a directrice d\u2019Humanit\u00e9 et inclusions, surtout alors qu\u2019on est dans une p\u00e9riode dans le monde o\u00f9 il y a 120\u00a0conflits qui \u0153uvrent.\u00bb <\/p>\n<p>Elle pr\u00e9vient \u00e9galement que des pays qui sont actuellement en conflit observent ce que font le Canada et d\u2019autres pays pour la protection des civils et que \u00abs\u2019ils voient que les gens peuvent agir, que les pays peuvent agir en impunit\u00e9, ils vont agir en cons\u00e9quence\u00bb.<\/p>\n<p>Mme\u00a0Delorme a d\u00e9clar\u00e9 que le Canada pouvait reconna\u00eetre la menace pos\u00e9e par la Russie tout en plaidant contre les mines terrestres, en faisant valoir que le d\u00e9mant\u00e8lement du trait\u00e9 rendrait plus probable la prolif\u00e9ration d\u2019autres armes \u00e0 autorisation restreinte, comme les armes \u00e0 sous-munitions, les armes chimiques et les bombes atomiques.<\/p>\n<p>Elle a \u00e9galement d\u00e9clar\u00e9 qu\u2019il \u00e9tait illogique que ces pays insistent sur le fait qu\u2019ils respecteront le droit international humanitaire alors que les mines terrestres sont \u00abde nature aveugle\u00bb.<\/p>\n<p>\u00abIl n\u2019existe absolument aucune donn\u00e9e ni recherche d\u00e9montrant l\u2019utilit\u00e9 des mines terrestres en Ukraine\u00bb, a-t-elle rappel\u00e9.<\/p>\n<p>Mme\u00a0Delorme a soulign\u00e9 que la ministre des Affaires \u00e9trang\u00e8res, Anita Anand, a inscrit la s\u00e9curit\u00e9 des civils parmi ses principales priorit\u00e9s depuis son entr\u00e9e en fonction en mai.<\/p>\n<p>Elle a affirm\u00e9 que le Canada devrait assurer la pr\u00e9sidence tournante d\u2019un an du trait\u00e9 lorsqu\u2019il atteindra ses 30\u00a0ans en 2027, et convoquer un sommet pour rallier des soutiens.<\/p>\n<p>Adam Chapnick, professeur au Coll\u00e8ge militaire royal, a indiqu\u00e9 que le Canada, en tant que pays peu peupl\u00e9 et dot\u00e9 de capacit\u00e9s militaires modestes, s\u2019appuie sur des accords internationaux comme le Trait\u00e9 d\u2019Ottawa.<\/p>\n<p>\u00abLe trait\u00e9 refl\u00e9tait un certain optimisme quant \u00e0 la capacit\u00e9 du monde \u00e0 coop\u00e9rer pour soutenir des intentions morales raisonnables\u00bb, a soulign\u00e9 M.\u00a0Chapnick, qui a \u00e9tudi\u00e9 l\u2019\u00e9volution de la politique \u00e9trang\u00e8re du Canada au fil des d\u00e9cennies. <\/p>\n<p>Il a d\u00e9clar\u00e9 que si les Canadiens peuvent \u00eatre fiers des r\u00e9alisations du trait\u00e9 en 25\u00a0ans, il n\u2019est pas certain qu\u2019il tiendra encore longtemps, compte tenu de la fa\u00e7on dont l\u2019invasion russe a boulevers\u00e9 l\u2019ordre international fond\u00e9 sur des r\u00e8gles.<\/p>\n<p>\u00abIl est difficile de d\u00e9fendre cet argument avec autant de force aujourd\u2019hui\u00bb, a-t-il dit.<\/p>\n","protected":false},"excerpt":{"rendered":"OTTAWA \u2014 Un expert qui a d\u00e9samorc\u00e9 des bombes dans certaines des r\u00e9gions les plus dangereuses du monde&hellip;\n","protected":false},"author":2,"featured_media":328270,"comment_status":"","ping_status":"","sticky":false,"template":"","format":"standard","meta":{"footnotes":""},"categories":[1586],"tags":[11,1777,674,1011,27,20106,4576,16175,15225,12,25],"class_list":{"0":"post-328269","1":"post","2":"type-post","3":"status-publish","4":"format-standard","5":"has-post-thumbnail","7":"category-europe","8":"tag-actualites","9":"tag-eu","10":"tag-europe","11":"tag-fr","12":"tag-france","13":"tag-https-lactualite-com-sujet-justice","14":"tag-https-lactualite-com-sujet-politique","15":"tag-https-lactualite-com-sujet-science-et-technologie","16":"tag-https-lactualite-com-sujet-social","17":"tag-news","18":"tag-republique-francaise"},"share_on_mastodon":{"url":"https:\/\/pubeurope.com\/@fr\/115052827357606232","error":""},"_links":{"self":[{"href":"https:\/\/www.europesays.com\/fr\/wp-json\/wp\/v2\/posts\/328269","targetHints":{"allow":["GET"]}}],"collection":[{"href":"https:\/\/www.europesays.com\/fr\/wp-json\/wp\/v2\/posts"}],"about":[{"href":"https:\/\/www.europesays.com\/fr\/wp-json\/wp\/v2\/types\/post"}],"author":[{"embeddable":true,"href":"https:\/\/www.europesays.com\/fr\/wp-json\/wp\/v2\/users\/2"}],"replies":[{"embeddable":true,"href":"https:\/\/www.europesays.com\/fr\/wp-json\/wp\/v2\/comments?post=328269"}],"version-history":[{"count":0,"href":"https:\/\/www.europesays.com\/fr\/wp-json\/wp\/v2\/posts\/328269\/revisions"}],"wp:featuredmedia":[{"embeddable":true,"href":"https:\/\/www.europesays.com\/fr\/wp-json\/wp\/v2\/media\/328270"}],"wp:attachment":[{"href":"https:\/\/www.europesays.com\/fr\/wp-json\/wp\/v2\/media?parent=328269"}],"wp:term":[{"taxonomy":"category","embeddable":true,"href":"https:\/\/www.europesays.com\/fr\/wp-json\/wp\/v2\/categories?post=328269"},{"taxonomy":"post_tag","embeddable":true,"href":"https:\/\/www.europesays.com\/fr\/wp-json\/wp\/v2\/tags?post=328269"}],"curies":[{"name":"wp","href":"https:\/\/api.w.org\/{rel}","templated":true}]}}