{"id":328283,"date":"2025-08-19T01:35:09","date_gmt":"2025-08-19T01:35:09","guid":{"rendered":"https:\/\/www.europesays.com\/fr\/328283\/"},"modified":"2025-08-19T01:35:09","modified_gmt":"2025-08-19T01:35:09","slug":"le-programme-tv-du-week-end-3","status":"publish","type":"post","link":"https:\/\/www.europesays.com\/fr\/328283\/","title":{"rendered":"le programme TV du week-end"},"content":{"rendered":"<p>\t\t\t<strong class=\"post-excerpt\"><\/p>\n<p itemprop=\"description\">Retrouvez le programme complet du Grand Prix de Hongrie MotoGP 2025, de retour apr\u00e8s plus de 30 ans d&rsquo;absence au calendrier, avec les horaires TV du week-end sur le nouveau circuit de Balaton Park.<\/p>\n<p><\/strong>\t\t <\/p>\n<p class=\"p1\">Apr\u00e8s une<strong> tr\u00eave estivale<\/strong> bienvenue pour tous les acteur du paddock, le <a href=\"https:\/\/www.sportauto.fr\/motogp\/motogp-la-technique-insolite-pour-consommer-moins-dessence-437122.html#item=1\" target=\"_blank\" rel=\"noopener\"><strong>MotoGP<\/strong><\/a> a entam\u00e9 la <strong>deuxi\u00e8me partie de sa campagne 202<\/strong>5 avec le Grand Prix d&rsquo;Autriche. Dans la foul\u00e9e du <strong>Red Bull Ring<\/strong>, le mondial du deux roues prend la direction de la <strong>Hongrie<\/strong> pour la <strong>14\u00e8me  manche de son <a href=\"https:\/\/www.sportauto.fr\/mondial-de-paris\/motogp-calendrier-mondial-2026-dates-circuits-435975.html#item=1\" target=\"_blank\" rel=\"noopener\">calendrier.<\/a><\/strong><\/p>\n<p>   \t\t\t GP de Hongrie MotoGP 2025 : de retour apr\u00e8s trois d\u00e9cennies <\/p>\n<p>La<strong> Hongrie<\/strong> a la cote dans les sports m\u00e9caniques ! Alors que le <strong>Hungaroring<\/strong> a fait peau neuve et prolong\u00e9 son bail avec la <strong>Formule 1,<\/strong> le pays s&rsquo;est dot\u00e9 d&rsquo;une deuxi\u00e8me piste d&rsquo;envergure international, le <strong>Balaton Park.<\/strong><br \/>Inaugur\u00e9e en 2023, cette piste de <strong>4,115 km<\/strong> a l&rsquo;honneur d&rsquo;accueillir le<strong>\u00a0MotoGP<\/strong>, une <strong><a href=\"https:\/\/www.sportauto.fr\/motogp\/motogp-hongrie-retour-calendrier-2025-balaton-park-420615.html\" target=\"_blank\" rel=\"noopener\">premi\u00e8re en terre hongroise depuis plus de 30 ans.<\/a>\u00a0<\/strong>Le <strong>lac Balaton,<\/strong> le <strong>plus grand d&rsquo;Europe centrale<\/strong>, constituera une toile de fond \u00e9poustouflante et donnera aux visiteurs l&rsquo;occasion de profiter d&rsquo;un \u00e9v\u00e9nement sportif de premier ordre dans une<strong> destination spectaculaire.<br \/><\/strong>L&rsquo;\u00e9lite du deux roues avait visit\u00e9 le pays d&rsquo;abord <strong>en 1990<\/strong> avant de revenir pour un deuxi\u00e8me Grand Prix en 1992. Depuis lors, la nation a \u00e9galement c\u00e9l\u00e9br\u00e9 les<strong> succ\u00e8s du h\u00e9ros local G\u00e1bor Tal m\u00e1csi, <\/strong>devenu le premier Hongrois \u00e0 devenir <strong>Champion du Monde <\/strong>en remportant la couronne 125 cc en 2007.<br \/>Dans la foul\u00e9e du <strong>Grand Prix d&rsquo;Autriche<\/strong>, Marc Marquez a frapp\u00e9 tr\u00e8s fort en <strong>s&rsquo;imposant pour la premi\u00e8re fois sur le Red Bull Ring.<\/strong> L&rsquo;Espagnol, d\u00e9j\u00e0 dominateur de la pr\u00e9sente campagne, augmente encore son avantage sur <strong>Alex M\u00e1rquez\u00a0<\/strong>au classement provisoire du mondial. A la veille de la manche hongroise, les frangins sont d\u00e9sormais s\u00e9par\u00e9s pa<strong>r 142 unit\u00e9s<\/strong> ! Troisi\u00e8me, <strong>Pecco Bagnaia\u00a0<\/strong>accuse \u00e9galement le coup avec <strong>197 points de retard<\/strong>\u00a0sur multiple Champion du monde ib\u00e9rique.<\/p>\n<p> GP de Hongrie MotoGP 2025 : le programme TV complet du week-end <\/p>\n<p>Retrouvez ci-dessous le <strong>programme complet<\/strong> du<strong> Grand Prix de Hongrie <a href=\"https:\/\/www.sportauto.fr\/motogp\/motogp-essence-carburant-non-fossile-2027-436401.html#item=1\" target=\"_blank\" rel=\"noopener\">MotoGP<\/a> 2025<\/strong>. Toutes les s\u00e9ances du week-end seront diffus\u00e9es sur les cha\u00eenes du groupe <strong>Canal+,<\/strong>\u00a0de m\u00eame que le<strong> Sprint MotoGP<\/strong>, les courses du dimanche en<strong> Moto2<\/strong> et<strong> Moto3<\/strong>, ainsi que\u00a0le <strong>Grand Prix de MotoGP. <\/strong>Cette <strong>14\u00e8me manche de la saison<\/strong> sera \u00e9galement retransmise sur <strong>RTBF Auvio\u00a0<\/strong>pour les t\u00e9l\u00e9spectateurs en <strong>Belgique.<\/strong><\/p>\n<p> Vendredi 22 ao\u00fbt 2025 <\/p>\n<ul>\n<li>08h30 &#8211; 08h45 : Essais Libres 1 MotoE<\/li>\n<li>09h00 &#8211; 09h35 : Essais Libres 1 Moto3<\/li>\n<li>09h50 &#8211; 10h30 : Essais Libres 1 Moto2<\/li>\n<li><strong>10h45 \u2013 11h30 : Essais Libres 1 MotoGP<\/strong><\/li>\n<li>12h35 &#8211; 12h50 :\u00a0Essais Libres 2 MotoE<\/li>\n<li>13h15 &#8211; 13h50 : Essais Moto3<\/li>\n<li>14h05 &#8211; 14h45 : Essais Moto2<\/li>\n<li><strong>15h00 \u2013 16h00 : Essais MotoGP<\/strong><\/li>\n<li>17h10 &#8211; 17h20 :\u00a0Qualifications 1 MotoE<\/li>\n<li>17h20 &#8211; 17h30 : Qualifications 2 MotoE<\/li>\n<\/ul>\n<p> Samedi 23 ao\u00fbt 2025 <\/p>\n<ul>\n<li>08h40 \u2013 09h10 : Essais Libres 2 Moto3<\/li>\n<li>09h25 \u2013 09h55 : Essais Libres 2 Moto2<\/li>\n<li><strong>10h10 \u2013 10h40 : Essais Libres 2 MotoGP<\/strong><\/li>\n<li><strong>10h50 \u2013 11h05 : Qualifications 1 MotoGP<\/strong><\/li>\n<li><strong>11h15 \u2013 11h30 : Qualifications 2 MotoGP<\/strong><\/li>\n<li>12h15 : Course 1 MotoE (7 tours)<\/li>\n<li class=\"li1\">12h50 &#8211; 13h05 : Qualifications 1 Moto3<\/li>\n<li class=\"li1\">13h15 &#8211; 13h30 : Qualifications 2 Moto3<\/li>\n<li class=\"li1\">13h45 &#8211; 14h00 :\u00a0Qualifications 1 Moto2<\/li>\n<li class=\"li1\">14h10 &#8211; 14h25 :\u00a0Qualifications 2 Moto2<\/li>\n<li class=\"li1\"><strong>15h00 : Sprint MotoGP (13 tours)<\/strong><\/li>\n<li>17h00 : Course 2 MotoE (7 tours)<\/li>\n<\/ul>\n<p> Dimanche 24 ao\u00fbt 2025 <\/p>\n<ul>\n<li><strong>09h40 \u2013 09h50 : Warm-up MotoGP<\/strong><\/li>\n<li>11h00 : Course Moto3 (20 tours)<\/li>\n<li>12h15 : Course Moto2 (23 tours)<\/li>\n<li><strong>14h00 : Grand Prix de Hongrie MotoGP (28 tours)<\/strong><\/li>\n<\/ul>\n","protected":false},"excerpt":{"rendered":"Retrouvez le programme complet du Grand Prix de Hongrie MotoGP 2025, de retour apr\u00e8s plus de 30 ans&hellip;\n","protected":false},"author":2,"featured_media":328284,"comment_status":"","ping_status":"","sticky":false,"template":"","format":"standard","meta":{"footnotes":""},"categories":[1413],"tags":[1011,27,1638,1457,1456,60],"class_list":{"0":"post-328283","1":"post","2":"type-post","3":"status-publish","4":"format-standard","5":"has-post-thumbnail","7":"category-moto","8":"tag-fr","9":"tag-france","10":"tag-has_diapo","11":"tag-moto","12":"tag-motocycle","13":"tag-sports"},"share_on_mastodon":{"url":"https:\/\/pubeurope.com\/@fr\/115052866642670223","error":""},"_links":{"self":[{"href":"https:\/\/www.europesays.com\/fr\/wp-json\/wp\/v2\/posts\/328283","targetHints":{"allow":["GET"]}}],"collection":[{"href":"https:\/\/www.europesays.com\/fr\/wp-json\/wp\/v2\/posts"}],"about":[{"href":"https:\/\/www.europesays.com\/fr\/wp-json\/wp\/v2\/types\/post"}],"author":[{"embeddable":true,"href":"https:\/\/www.europesays.com\/fr\/wp-json\/wp\/v2\/users\/2"}],"replies":[{"embeddable":true,"href":"https:\/\/www.europesays.com\/fr\/wp-json\/wp\/v2\/comments?post=328283"}],"version-history":[{"count":0,"href":"https:\/\/www.europesays.com\/fr\/wp-json\/wp\/v2\/posts\/328283\/revisions"}],"wp:featuredmedia":[{"embeddable":true,"href":"https:\/\/www.europesays.com\/fr\/wp-json\/wp\/v2\/media\/328284"}],"wp:attachment":[{"href":"https:\/\/www.europesays.com\/fr\/wp-json\/wp\/v2\/media?parent=328283"}],"wp:term":[{"taxonomy":"category","embeddable":true,"href":"https:\/\/www.europesays.com\/fr\/wp-json\/wp\/v2\/categories?post=328283"},{"taxonomy":"post_tag","embeddable":true,"href":"https:\/\/www.europesays.com\/fr\/wp-json\/wp\/v2\/tags?post=328283"}],"curies":[{"name":"wp","href":"https:\/\/api.w.org\/{rel}","templated":true}]}}