{"id":328287,"date":"2025-08-19T01:37:13","date_gmt":"2025-08-19T01:37:13","guid":{"rendered":"https:\/\/www.europesays.com\/fr\/328287\/"},"modified":"2025-08-19T01:37:13","modified_gmt":"2025-08-19T01:37:13","slug":"carte-etape-4-tour-de-guyane-2025-entre-sinnamary-et-saint-laurent-parcours-horaires-de-passage-des-coureurs","status":"publish","type":"post","link":"https:\/\/www.europesays.com\/fr\/328287\/","title":{"rendered":"CARTE. \u00c9tape 4 &#8211; Tour de Guyane 2025 entre Sinnamary et Saint-Laurent : parcours, horaires de passage des coureurs"},"content":{"rendered":"<p>D\u00e9j\u00e0 la quatri\u00e8me \u00e9tape du tour cycliste de Guyane 2025. Ce mardi 19 ao\u00fbt, on reste \u00e0 l\u2019ouest de la Guyane pour 145 km : Sinnamary \/ Saut Sabbat \/ Saint-Laurent du Maroni.<\/p>\n<p>Pour cette quatri\u00e8me journ\u00e9e de comp\u00e9tition, les coureurs vont s&rsquo;\u00e9lancer \u00e0 9h15 face \u00e0 la mairie de Sinnamary et devraient arriver vers 12h40 \u00e0 l&rsquo;h\u00f4tel de ville de Saint-Laurent du Maroni.<\/p>\n<p>Dans le peloton, le maillot jaune sera port\u00e9 par Benjamin Bousquet du V\u00e9lo Club du Maroni, tr\u00e8s fier de porter la tenue de leader dans son fief.<\/p>\n<p>                                    <img class=\"a-article__image lazy libre\" width=\"800\" height=\"450\" data-src=\"https:\/\/www.europesays.com\/fr\/wp-content\/uploads\/2025\/08\/etape-4-sinnamary-saint-laurent-689be529a496f375220741.png\" style=\"--img-placeholder: url('\/assets\/img\/placeholders\/article-800-450.svg');\" alt=\"\" aria-hidden=\"true\"\/><\/p>\n<p>                Etape 4 du Tour de Guyane : Sinnamary &#8211; Saint-Laurent du Maroni<br \/>\n                     \u2022<br \/>\n                            \u00a9Comit\u00e9 R\u00e9gional de Cyclisme de Guyane<\/p>\n<p>O\u00f9 apercevoir les coureurs :\u00a0<\/p>\n<ul>\n<li>Carrefour de la route de Saint-Elie<\/li>\n<li>Mairie d&rsquo;Iracoubo<\/li>\n<li>Pont de l&rsquo;Acarouany<\/li>\n<li>Carrefour Margot<\/li>\n<li>Giratoire Gaston Monnerville<\/li>\n<li>Mairie de Saint-Laurent du Maroni<\/li>\n<\/ul>\n<ol\/>\n","protected":false},"excerpt":{"rendered":"D\u00e9j\u00e0 la quatri\u00e8me \u00e9tape du tour cycliste de Guyane 2025. Ce mardi 19 ao\u00fbt, on reste \u00e0 l\u2019ouest&hellip;\n","protected":false},"author":2,"featured_media":328288,"comment_status":"","ping_status":"","sticky":false,"template":"","format":"standard","meta":{"footnotes":""},"categories":[1411],"tags":[1154,207,1011,27,60],"class_list":{"0":"post-328287","1":"post","2":"type-post","3":"status-publish","4":"format-standard","5":"has-post-thumbnail","7":"category-cyclisme","8":"tag-cycling","9":"tag-cyclisme","10":"tag-fr","11":"tag-france","12":"tag-sports"},"share_on_mastodon":{"url":"https:\/\/pubeurope.com\/@fr\/115052874606530754","error":""},"_links":{"self":[{"href":"https:\/\/www.europesays.com\/fr\/wp-json\/wp\/v2\/posts\/328287","targetHints":{"allow":["GET"]}}],"collection":[{"href":"https:\/\/www.europesays.com\/fr\/wp-json\/wp\/v2\/posts"}],"about":[{"href":"https:\/\/www.europesays.com\/fr\/wp-json\/wp\/v2\/types\/post"}],"author":[{"embeddable":true,"href":"https:\/\/www.europesays.com\/fr\/wp-json\/wp\/v2\/users\/2"}],"replies":[{"embeddable":true,"href":"https:\/\/www.europesays.com\/fr\/wp-json\/wp\/v2\/comments?post=328287"}],"version-history":[{"count":0,"href":"https:\/\/www.europesays.com\/fr\/wp-json\/wp\/v2\/posts\/328287\/revisions"}],"wp:featuredmedia":[{"embeddable":true,"href":"https:\/\/www.europesays.com\/fr\/wp-json\/wp\/v2\/media\/328288"}],"wp:attachment":[{"href":"https:\/\/www.europesays.com\/fr\/wp-json\/wp\/v2\/media?parent=328287"}],"wp:term":[{"taxonomy":"category","embeddable":true,"href":"https:\/\/www.europesays.com\/fr\/wp-json\/wp\/v2\/categories?post=328287"},{"taxonomy":"post_tag","embeddable":true,"href":"https:\/\/www.europesays.com\/fr\/wp-json\/wp\/v2\/tags?post=328287"}],"curies":[{"name":"wp","href":"https:\/\/api.w.org\/{rel}","templated":true}]}}