{"id":328289,"date":"2025-08-19T01:38:09","date_gmt":"2025-08-19T01:38:09","guid":{"rendered":"https:\/\/www.europesays.com\/fr\/328289\/"},"modified":"2025-08-19T01:38:09","modified_gmt":"2025-08-19T01:38:09","slug":"ichem-ferrah-va-etre-prolonge-et-prete","status":"publish","type":"post","link":"https:\/\/www.europesays.com\/fr\/328289\/","title":{"rendered":"Ichem Ferrah va \u00eatre prolong\u00e9 et pr\u00eat\u00e9"},"content":{"rendered":"<p>Le LOSC pr\u00e9pare l\u2019avenir avec l\u2019un de ses jeunes talents. Le milieu offensif <a href=\"https:\/\/www.footmercato.net\/joueur\/ichem-ferrah\/\" rel=\"nofollow noopener\" target=\"_blank\">Ichem Ferrah<\/a> (19 ans, 1m71), pur produit de la formation nordiste arriv\u00e9 en 2018 en provenance de Neuville-en-Ferrain, va prolonger son contrat avec son club formateur. N\u00e9 \u00e0 Tourcoing, le gaucher avait d\u00e9j\u00e0 franchi toutes les \u00e9tapes sous le maillot lillois, signant son premier contrat professionnel en 2023 et connaissant ses d\u00e9buts avec l\u2019\u00e9quipe premi\u00e8re la m\u00eame saison, aussi bien en Ligue 1 face \u00e0 Metz qu\u2019en Coupe d\u2019Europe contre Sturm Graz.<\/p>\n<p>            La suite apr\u00e8s cette publicit\u00e9<\/p>\n<p>Pour poursuivre sa progression, Ferrah sera dans la foul\u00e9e pr\u00eat\u00e9 au <a href=\"https:\/\/www.footmercato.net\/club\/sc-cambuur-leeuwarden\/\" rel=\"nofollow noopener\" target=\"_blank\">Cambuur<\/a> FC, pensionnaire de deuxi\u00e8me division n\u00e9erlandaise. Auteur d\u2019une saison solide en National avec Rouen (26 matchs, 3 buts, 2 passes d\u00e9cisives), il s\u2019appr\u00eate d\u00e9sormais \u00e0 d\u00e9couvrir un nouveau championnat. Une \u00e9tape cruciale pour poursuivre sa progression, emmagasiner de l\u2019exp\u00e9rience et revenir renforc\u00e9 au LOSC.<\/p>\n<p>\n    Pub. le 18\/08\/2025 22:34<br \/>\n            &#8211; MAJ le 19\/08\/2025 03:32\n    <\/p>\n","protected":false},"excerpt":{"rendered":"Le LOSC pr\u00e9pare l\u2019avenir avec l\u2019un de ses jeunes talents. Le milieu offensif Ichem Ferrah (19 ans, 1m71),&hellip;\n","protected":false},"author":2,"featured_media":328290,"comment_status":"","ping_status":"","sticky":false,"template":"","format":"standard","meta":{"footnotes":""},"categories":[1410],"tags":[63,1011,27,60],"class_list":{"0":"post-328289","1":"post","2":"type-post","3":"status-publish","4":"format-standard","5":"has-post-thumbnail","7":"category-football","8":"tag-football","9":"tag-fr","10":"tag-france","11":"tag-sports"},"share_on_mastodon":{"url":"https:\/\/pubeurope.com\/@fr\/115052878500593708","error":""},"_links":{"self":[{"href":"https:\/\/www.europesays.com\/fr\/wp-json\/wp\/v2\/posts\/328289","targetHints":{"allow":["GET"]}}],"collection":[{"href":"https:\/\/www.europesays.com\/fr\/wp-json\/wp\/v2\/posts"}],"about":[{"href":"https:\/\/www.europesays.com\/fr\/wp-json\/wp\/v2\/types\/post"}],"author":[{"embeddable":true,"href":"https:\/\/www.europesays.com\/fr\/wp-json\/wp\/v2\/users\/2"}],"replies":[{"embeddable":true,"href":"https:\/\/www.europesays.com\/fr\/wp-json\/wp\/v2\/comments?post=328289"}],"version-history":[{"count":0,"href":"https:\/\/www.europesays.com\/fr\/wp-json\/wp\/v2\/posts\/328289\/revisions"}],"wp:featuredmedia":[{"embeddable":true,"href":"https:\/\/www.europesays.com\/fr\/wp-json\/wp\/v2\/media\/328290"}],"wp:attachment":[{"href":"https:\/\/www.europesays.com\/fr\/wp-json\/wp\/v2\/media?parent=328289"}],"wp:term":[{"taxonomy":"category","embeddable":true,"href":"https:\/\/www.europesays.com\/fr\/wp-json\/wp\/v2\/categories?post=328289"},{"taxonomy":"post_tag","embeddable":true,"href":"https:\/\/www.europesays.com\/fr\/wp-json\/wp\/v2\/tags?post=328289"}],"curies":[{"name":"wp","href":"https:\/\/api.w.org\/{rel}","templated":true}]}}