{"id":328291,"date":"2025-08-19T01:39:25","date_gmt":"2025-08-19T01:39:25","guid":{"rendered":"https:\/\/www.europesays.com\/fr\/328291\/"},"modified":"2025-08-19T01:39:25","modified_gmt":"2025-08-19T01:39:25","slug":"anne-roumanoff-fiere-de-sa-fille-alice-vaillant-qui-sest-fait-un-nom-dans-le-milieu-de-la-mode","status":"publish","type":"post","link":"https:\/\/www.europesays.com\/fr\/328291\/","title":{"rendered":"Anne Roumanoff fi\u00e8re de sa fille Alice Vaillant qui s&rsquo;est fait un nom dans le milieu de la mode"},"content":{"rendered":"<p>Anne Roumanoff est actuellement en tourn\u00e9e avec son nouveau spectacle, intitul\u00e9 L&rsquo;exp\u00e9rience de la vie. Pour l&rsquo;occasion, l&rsquo;humoriste \u00e9tait invit\u00e9e dans le Club de l&rsquo;\u00e9t\u00e9 \u00e0 l&rsquo;antenne d&rsquo;Europe 1, ce lundi 18 ao\u00fbt. Et la maman de 59 ans a notamment fait quelques confidences sur sa fille Alice Vaillant, qui la rend super fi\u00e8re ! <\/p>\n<p>Une maman tr\u00e8s fi\u00e8re de sa fille !<a href=\"https:\/\/www.programme-tv.net\/news\/people\/382642-c-est-tres-genant-anne-roumanoff-evoque-ce-qui-la-met-mal-a-l-aise-dans-le-fait-d-etre-draguee\/\" data-api-deeplink=\"teleloisirs:\/\/news\/382642\" target=\"_blank\" rel=\"noopener\"> Anne Roumanoff<\/a> est l&rsquo;heureuse maman de deux filles, Alice et Marie, qu&rsquo;elle a eu avec son ex-mari et producteur, <a href=\"https:\/\/www.programme-tv.net\/news\/people\/382590-anne-roumanoff-en-deuil-elle-annonce-la-mort-de-son-ex-mari-et-pere-de-ses-filles-philippe-vaillant\/\" data-api-deeplink=\"teleloisirs:\/\/news\/382590\" target=\"_blank\" rel=\"noopener\">Philippe Vaillant, d\u00e9c\u00e9d\u00e9 le mercredi 2 juillet dernier<\/a>. Une triste annonce qu&rsquo;elle avait elle-m\u00eame faite sur ses r\u00e9seaux sociaux. Actuellement en tourn\u00e9e avec son nouveau spectacle, intitul\u00e9 L&rsquo;exp\u00e9rience de la vie, l&rsquo;humoriste \u00e9tait invit\u00e9e dans le Club de l&rsquo;\u00e9t\u00e9 \u00e0 l&rsquo;antenne d&rsquo;Europe 1, ce lundi 18 ao\u00fbt. Et la maman de 59 ans a notamment fait quelques confidences sur sa fille <a href=\"https:\/\/www.programme-tv.net\/news\/people\/278011-anne-roumanoff-prime-video-qui-est-philippe-vaillant-le-pere-de-ses-filles-alice-et-marie\/\" data-api-deeplink=\"teleloisirs:\/\/news\/278011\" target=\"_blank\" rel=\"noopener\">Alice Vaillant<\/a>, qui s&rsquo;est fait un nom dans le milieu de la mode !<\/p>\n<p>Anne Roumanoff fi\u00e8re de sa fille Alice Vaillant qui a habill\u00e9 de grandes personnalit\u00e9s : \u00ab\u00a0Elle a vu ses v\u00eatements sur Rihanna, sur Kylie Jenner&#8230;\u00a0\u00bb<\/p>\n<p>Si vous ne le saviez pas encore, Alice Vaillant a cr\u00e9\u00e9 sa propre marque de v\u00eatements en 2019 qui s&rsquo;appelle : Vaillant Studio. Et la fille d&rsquo;Anne Roumanoff a habill\u00e9 des personnalit\u00e9s connues de tous comme <a href=\"https:\/\/www.programme-tv.net\/biographie\/276733-jenner-kylie\/\" data-link-people=\"2a1170bd-1887-4b22-979e-c1de36077000\" target=\"_blank\" rel=\"noopener\">Kylie Jenner<\/a>, Rihanna, <a href=\"https:\/\/www.programme-tv.net\/biographie\/354250-hadid-bella\/\" data-link-people=\"25eb1d56-3874-4fc4-a0e7-85e7b23d1643\" target=\"_blank\" rel=\"noopener\">Bella Hadid<\/a>, <a href=\"https:\/\/www.programme-tv.net\/biographie\/366744-kunakey-tina\/\" data-link-people=\"267ff4a1-399c-4bb6-b7e6-9dbb1f4b6cfa\" target=\"_blank\" rel=\"noopener\">Tina Kunakey<\/a> ou encore r\u00e9cemment <a href=\"https:\/\/www.programme-tv.net\/biographie\/112990-gaga-lady\/\" data-link-people=\"82995693-b91e-45f1-88bd-82a98a4c6e2f\" target=\"_blank\" rel=\"noopener\">Lady Gaga<\/a>. En 2022, la jeune femme a \u00e9galement \u00e9t\u00e9 d\u00e9sign\u00e9e par le magazine Vogue comme l\u2019une des cr\u00e9atrices \u00e0 suivre. \u00ab\u00a0Vous \u00eates tr\u00e8s fi\u00e8re \u00e9galement de ce que fait Alice dans la vie. Elle s&rsquo;est lanc\u00e9e, elle a fait une \u00e9cole de mode, une \u00e9cole de stylisme, et puis elle a cr\u00e9\u00e9 sa propre bo\u00eete, ce qui est quand m\u00eame culott\u00e9 un peu dans ces temps un peu difficiles \u00e9conomiques. Et \u00e7a marche plut\u00f4t tr\u00e8s bien\u00a0\u00bb,<b> <\/b>a soulign\u00e9 Roland Perez au micro d&rsquo;Europe 1. Apr\u00e8s avoir rappel\u00e9 le nom de la c\u00e9l\u00e8bre marque de sa fille, <a href=\"https:\/\/www.programme-tv.net\/news\/people\/382161-je-vais-menerver-anne-roumanoff-explique-pourquoi-elle-ne-souhaite-pas-participer-aux-traitres-l-emission-de-m6\/\" data-api-deeplink=\"teleloisirs:\/\/news\/382161\" target=\"_blank\" rel=\"noopener\">Anne Roumanoff <\/a>a expliqu\u00e9 que cette derni\u00e8re a eu la chance d&rsquo;habiller de grandes personnalit\u00e9s apr\u00e8s avoir \u00e9t\u00e9 contact\u00e9e via les r\u00e9seaux sociaux. \u00ab\u00a0En fait, c&rsquo;est par Instagram, elle a eu plein de demandes spontan\u00e9es. <b>Elle a vu ses v\u00eatements sur Rihanna, sur Kylie Jenner, sur <\/b><a href=\"https:\/\/www.programme-tv.net\/biographie\/369595-nakamura-aya\/\" data-link-people=\"f3d8201c-1b29-422a-bf1f-e56478309adc\" target=\"_blank\" rel=\"noopener\"><b>Aya Nakamura<\/b><\/a><b>, Ang\u00e8le. <\/b>Mais c&rsquo;est des demandes qui arrivent\u2026 C&rsquo;est myst\u00e9rieux, c&rsquo;est le myst\u00e8re d&rsquo;Instagram\u00a0\u00bb,<b> <\/b>a racont\u00e9 l&rsquo;humoriste.<b> <\/b><\/p>\n<p>                        Anne Roumanoff \u00e9voque les conseils modes de sa fille Alice Vaillant : \u00ab\u00a0Je les \u00e9coute pas\u00a0\u00bb<\/p>\n<p>Lors de cet entretien, <a href=\"https:\/\/www.programme-tv.net\/news\/people\/382642-c-est-tres-genant-anne-roumanoff-evoque-ce-qui-la-met-mal-a-l-aise-dans-le-fait-d-etre-draguee\/\" data-api-deeplink=\"teleloisirs:\/\/news\/382642\" target=\"_blank\" rel=\"noopener\">Anne Roumanoff<\/a> a \u00e9galement confi\u00e9 que sa fille lui donnait des conseils modes\u2026 Qu&rsquo;elle ne suit pas vraiment. <b>\u00ab\u00a0Elle me donne des conseils, mais elle dit que je les \u00e9coute pas.<\/b> \u00c0 un moment, elle me dit que le rouge \u00e9tait plus \u00e0 la mode, donc j&rsquo;ai arr\u00eat\u00e9 le rouge, apr\u00e8s elle me dit que le rouge est redevenu \u00e0 la mode\u00a0\u00bb, a-t-elle d\u00e9clar\u00e9 avant d&rsquo;expliquer qu&rsquo;elle ne lui a jamais cr\u00e9\u00e9 de tenues : \u00ab\u00a0Non, elle a pas le temps, elle est tr\u00e8s occup\u00e9e\u00a0\u00bb. <\/p>\n","protected":false},"excerpt":{"rendered":"Anne Roumanoff est actuellement en tourn\u00e9e avec son nouveau spectacle, intitul\u00e9 L&rsquo;exp\u00e9rience de la vie. Pour l&rsquo;occasion, l&rsquo;humoriste&hellip;\n","protected":false},"author":2,"featured_media":328292,"comment_status":"","ping_status":"","sticky":false,"template":"","format":"standard","meta":{"footnotes":""},"categories":[1359],"tags":[35415,244,58,59,1011,27,973,1421],"class_list":{"0":"post-328291","1":"post","2":"type-post","3":"status-publish","4":"format-standard","5":"has-post-thumbnail","7":"category-people","8":"tag-anne-roumanoff","9":"tag-commentaire","10":"tag-divertissement","11":"tag-entertainment","12":"tag-fr","13":"tag-france","14":"tag-people","15":"tag-zap"},"share_on_mastodon":{"url":"https:\/\/pubeurope.com\/@fr\/115052882339521421","error":""},"_links":{"self":[{"href":"https:\/\/www.europesays.com\/fr\/wp-json\/wp\/v2\/posts\/328291","targetHints":{"allow":["GET"]}}],"collection":[{"href":"https:\/\/www.europesays.com\/fr\/wp-json\/wp\/v2\/posts"}],"about":[{"href":"https:\/\/www.europesays.com\/fr\/wp-json\/wp\/v2\/types\/post"}],"author":[{"embeddable":true,"href":"https:\/\/www.europesays.com\/fr\/wp-json\/wp\/v2\/users\/2"}],"replies":[{"embeddable":true,"href":"https:\/\/www.europesays.com\/fr\/wp-json\/wp\/v2\/comments?post=328291"}],"version-history":[{"count":0,"href":"https:\/\/www.europesays.com\/fr\/wp-json\/wp\/v2\/posts\/328291\/revisions"}],"wp:featuredmedia":[{"embeddable":true,"href":"https:\/\/www.europesays.com\/fr\/wp-json\/wp\/v2\/media\/328292"}],"wp:attachment":[{"href":"https:\/\/www.europesays.com\/fr\/wp-json\/wp\/v2\/media?parent=328291"}],"wp:term":[{"taxonomy":"category","embeddable":true,"href":"https:\/\/www.europesays.com\/fr\/wp-json\/wp\/v2\/categories?post=328291"},{"taxonomy":"post_tag","embeddable":true,"href":"https:\/\/www.europesays.com\/fr\/wp-json\/wp\/v2\/tags?post=328291"}],"curies":[{"name":"wp","href":"https:\/\/api.w.org\/{rel}","templated":true}]}}