{"id":328295,"date":"2025-08-19T01:42:15","date_gmt":"2025-08-19T01:42:15","guid":{"rendered":"https:\/\/www.europesays.com\/fr\/328295\/"},"modified":"2025-08-19T01:42:15","modified_gmt":"2025-08-19T01:42:15","slug":"6-mois-apres-la-fin-de-tpmp-nouvelle-vie-a-10-000-kilometres-pour-ce-chroniqueur-je-voulais-ouvrir-un-bar-de-plage-mais","status":"publish","type":"post","link":"https:\/\/www.europesays.com\/fr\/328295\/","title":{"rendered":"6 mois apr\u00e8s la fin de TPMP, nouvelle vie \u00e0 10 000 kilom\u00e8tres pour ce chroniqueur : \u00ab\u00a0Je voulais ouvrir un bar de plage mais&#8230;\u00a0\u00bb"},"content":{"rendered":"<p>            <img loading=\"lazy\" decoding=\"async\" src=\"https:\/\/www.europesays.com\/fr\/wp-content\/uploads\/2025\/04\/67-60dc2d2db82b7-35x35-1.jpg\" class=\"author-article-picture\" width=\"35\" height=\"35\"\/><\/p>\n<p>                Par<br \/>\n                                    <a class=\"author-article-bio-link\" href=\"https:\/\/www.purepeople.com\/auteur\/hiba-semali_a67\" rel=\"nofollow noopener\" target=\"_blank\">Hiba Semali<\/a><br \/>\n                                                    | R\u00e9dactrice<\/p>\n<p>\n                Rattach\u00e9e \u00e0 la rubrique t\u00e9l\u00e9, Hiba Semali se consacre au petit \u00e9cran. The Voice, Koh-Lanta, Top Chef, Secret Story, Star Academy ou encore Les Marseillais n&rsquo;ont aucun secret pour elle.\n            <\/p>\n<p>\n    Apr\u00e8s la fin de C8 puis de \u00ab\u00a0Touche pas \u00e0 mon poste\u00a0\u00bb, les membres de l&rsquo;\u00e9quipe de Cyril Hanouna ont chacun pris des chemins diff\u00e9rents. C&rsquo;est le cas de cet ex-chroniqueur qui a quitt\u00e9 la France pour s&rsquo;installer \u00e0 l&rsquo;autre bout du monde.\n<\/p>\n<p>                            <img loading=\"lazy\" decoding=\"async\" class=\"player-thumbnail\" src=\"https:\/\/www.europesays.com\/fr\/wp-content\/uploads\/2025\/08\/3848df9fae21b79a-580x326-2.jpg\" width=\"580\" height=\"326\"\/><\/p>\n<p>                    6 mois apr\u00e8s la fin de TPMP, nouvelle vie \u00e0 10 000 kilom\u00e8tres pour ce chroniqueur : \u00ab\u00a0Je voulais ouvrir un bar de plage mais&#8230;\u00a0\u00bb<\/p>\n<p>La suite apr\u00e8s la publicit\u00e9<\/p>\n<p><a href=\"https:\/\/www.purepeople.com\/article\/fin-de-c8-touche-pas-a-mon-poste-revient-ce-lundi-mais-sans-une-chroniqueuse-emblematique-qui-est-remplacee_a535160\/1\" rel=\"nofollow noopener\" target=\"_blank\">Touche pas \u00e0 mon poste, c&rsquo;est officiellement termin\u00e9<\/a>. Mais <a href=\"https:\/\/www.purepeople.com\/people\/cyril-hanouna_p1700\" rel=\"nofollow noopener\" target=\"_blank\">Cyril Hanouna<\/a> n&rsquo;a pas dit son dernier mot. D\u00e8s le 1er septembre \u00e0 18h45, il prendra les commandes de <a href=\"https:\/\/www.purepeople.com\/article\/cyril-hanouna-bientot-sur-w9-le-nom-de-son-emission-annonce-touche-pas-a-mon-poste-enterre_a537980\/1\" rel=\"nofollow noopener\" target=\"_blank\">sa nouvelle \u00e9mission baptis\u00e9e TBT9, \u00e0 savoir Tout beau tout 9<\/a>, sur W9. Et alors que la bande de chroniqueurs qui l&rsquo;accompagneront commence \u00e0 se dessiner, une chose est s\u00fbre, l&rsquo;un des historiques de TPMP ne sera pas de la partie ! Sur les r\u00e9seaux sociaux, il s&rsquo;explique.<\/p>\n<p><a href=\"https:\/\/www.purepeople.com\/people\/valerie-benaim_p1833\" rel=\"nofollow noopener\" target=\"_blank\">Val\u00e9rie Bena\u00efm<\/a>, <a href=\"https:\/\/www.purepeople.com\/people\/geraldine-maillet_p268715\" rel=\"nofollow noopener\" target=\"_blank\">G\u00e9raldine Maillet<\/a> et Raymond, entre autres, suivent Cyril Hanouna au sein du groupe M6. Mais pas de <a href=\"https:\/\/www.purepeople.com\/people\/jean-michel-maire_p124781\" rel=\"nofollow noopener\" target=\"_blank\"><strong>Jean-Michel Maire<\/strong><\/a> dans TBT9, c&rsquo;est act\u00e9. Le principal int\u00e9ress\u00e9 confirme lui-m\u00eame son absence du nouveau programme \u00e0 venir. \u00ab\u00a0Non, je n&rsquo;y serai pas\u00a0\u00bb, annonce-t-il sur Instagram. Et de poursuivre quant aux raisons de ce choix : \u00ab\u00a0<strong>Parce que je suis \u00e0 10 000 kilom\u00e8tres, c&rsquo;est un peu compliqu\u00e9<\/strong>.\u00a0\u00bb Plus encore, le journaliste de 63 ans ajoute : \u00ab\u00a0J&rsquo;avais termin\u00e9 la premi\u00e8re aventure TPMP et je ne me voyais pas repartir dans un nouveau projet et \u00eatre oblig\u00e9, vu mon \u00e2ge, de d\u00e9barquer du paquebot en plein oc\u00e9an. Je me suis dit que \u00e7a ne me correspondait pas. J&rsquo;ai fait une aventure du d\u00e9but \u00e0 la fin, c&rsquo;\u00e9tait top. Et maintenant, une autre commence sous les tropiques.\u00a0\u00bb \u00a0Loin des yeux mais pr\u00e8s du coeur ! Jean-Michel Maire ne participera pas \u00e0 l&rsquo;\u00e9mission mais il suivra avec attention les aventures de ses camarades depuis sa t\u00e9l\u00e9vision.\u00a0<\/p>\n<p>Jean-Michel Maire : 6 mois apr\u00e8s la fin de Touche pas \u00e0 mon poste, il vit sa meilleure vie en Tha\u00eflande<\/p>\n<p>Et c&rsquo;est depuis son canap\u00e9 \u00e0 l&rsquo;autre bout du monde qu&rsquo;il d\u00e9couvrira les premi\u00e8res images de Tout beau tout 9. En effet, <a href=\"https:\/\/www.purepeople.com\/article\/tpmp-deja-de-retour-un-chroniqueur-historique-se-prepare-a-changer-de-vie-a-plus-de-9000-km-de-la-france_a535253\/1\" rel=\"nofollow noopener\" target=\"_blank\">Jean-Michel Maire a quitt\u00e9 la France pour une nouvelle vie en Asie<\/a> ! \u00ab\u00a0Bient\u00f4t 3 mois que je suis arriv\u00e9 en Tha\u00eflande, ce pays incroyable\u00a0\u00bb, indique-t-il. Mais alors plusieurs semaines apr\u00e8s son installation, o\u00f9 en est-il ? \u00ab\u00a0Au d\u00e9part, je voulais ouvrir un bar de plage, je l&rsquo;avais dit d&rsquo;ailleurs dans TPMP, rappelle-t-il. Et puis, en fait, je me suis dit que je n&rsquo;ai pas forc\u00e9ment les comp\u00e9tences pour. A part taper le carton avec les clients, je ne suis pas s\u00fbr que j&rsquo;aurais fait beaucoup de recette&#8230;\u00a0\u00bb Alors, Jean-Michel Maire s&rsquo;est dirig\u00e9 vers un autre milieu qu&rsquo;il connait bien mieux : \u00ab\u00a0Donc <strong>j&rsquo;aimerais lancer un autre projet qui verra le jour \u00e0 la rentr\u00e9e<\/strong> et qui aura un lien avec la communication, les m\u00e9dias, la t\u00e9l\u00e9vision et le coaching. Je vous en dirai plus bient\u00f4t.\u00a0\u00bb A suivre prochainement !<\/p>\n","protected":false},"excerpt":{"rendered":"Par Hiba Semali | R\u00e9dactrice Rattach\u00e9e \u00e0 la rubrique t\u00e9l\u00e9, Hiba Semali se consacre au petit \u00e9cran. The&hellip;\n","protected":false},"author":2,"featured_media":328296,"comment_status":"","ping_status":"","sticky":false,"template":"","format":"standard","meta":{"footnotes":""},"categories":[1356],"tags":[58,59,1011,27,252,1364],"class_list":{"0":"post-328295","1":"post","2":"type-post","3":"status-publish","4":"format-standard","5":"has-post-thumbnail","7":"category-television","8":"tag-divertissement","9":"tag-entertainment","10":"tag-fr","11":"tag-france","12":"tag-television","13":"tag-tv"},"share_on_mastodon":{"url":"https:\/\/pubeurope.com\/@fr\/115052894356263064","error":""},"_links":{"self":[{"href":"https:\/\/www.europesays.com\/fr\/wp-json\/wp\/v2\/posts\/328295","targetHints":{"allow":["GET"]}}],"collection":[{"href":"https:\/\/www.europesays.com\/fr\/wp-json\/wp\/v2\/posts"}],"about":[{"href":"https:\/\/www.europesays.com\/fr\/wp-json\/wp\/v2\/types\/post"}],"author":[{"embeddable":true,"href":"https:\/\/www.europesays.com\/fr\/wp-json\/wp\/v2\/users\/2"}],"replies":[{"embeddable":true,"href":"https:\/\/www.europesays.com\/fr\/wp-json\/wp\/v2\/comments?post=328295"}],"version-history":[{"count":0,"href":"https:\/\/www.europesays.com\/fr\/wp-json\/wp\/v2\/posts\/328295\/revisions"}],"wp:featuredmedia":[{"embeddable":true,"href":"https:\/\/www.europesays.com\/fr\/wp-json\/wp\/v2\/media\/328296"}],"wp:attachment":[{"href":"https:\/\/www.europesays.com\/fr\/wp-json\/wp\/v2\/media?parent=328295"}],"wp:term":[{"taxonomy":"category","embeddable":true,"href":"https:\/\/www.europesays.com\/fr\/wp-json\/wp\/v2\/categories?post=328295"},{"taxonomy":"post_tag","embeddable":true,"href":"https:\/\/www.europesays.com\/fr\/wp-json\/wp\/v2\/tags?post=328295"}],"curies":[{"name":"wp","href":"https:\/\/api.w.org\/{rel}","templated":true}]}}