{"id":328297,"date":"2025-08-19T01:43:10","date_gmt":"2025-08-19T01:43:10","guid":{"rendered":"https:\/\/www.europesays.com\/fr\/328297\/"},"modified":"2025-08-19T01:43:10","modified_gmt":"2025-08-19T01:43:10","slug":"laura-pausini-perd-lhomme-qui-a-change-sa-vie","status":"publish","type":"post","link":"https:\/\/www.europesays.com\/fr\/328297\/","title":{"rendered":"Laura Pausini perd \u00ab\u00a0l&rsquo;homme qui a chang\u00e9 sa vie\u00a0\u00bb"},"content":{"rendered":"<p><img decoding=\"async\" src=\"https:\/\/www.europesays.com\/fr\/wp-content\/uploads\/2025\/08\/photo_1755522588.jpg\" class=\"textcenter img-content\" loading=\"lazy\"\/>Bestimage<br \/>\n<br \/>\nNos confr\u00e8res de <a href=\"https:\/\/www.20minutes.fr\/arts-stars\/television\/4168338-20250818-pippo-baudo-michel-drucker-italien-mort\" target=\"_blank\" class=\"spip_out\" rel=\"nofollow noopener\">20 Minutes<\/a> en parlent comme du \u00ab Michel Drucker italien \u00bb. L&rsquo;Italie est actuellement en deuil apr\u00e8s la mort du pr\u00e9sentateur Pippo Baudo. L\u00e9gende de la t\u00e9l\u00e9vision transalpine, l&rsquo;animateur s&rsquo;est \u00e9teint \u00e0 89 ans dans un h\u00f4pital de Rome, sans que les causes de son d\u00e9c\u00e8s ne soient r\u00e9v\u00e9l\u00e9es. Au cours de ses 70 ans de carri\u00e8re, Pippo Baudo a pr\u00e9sent\u00e9 un grand nombre de divertissements qui ont marqu\u00e9 des g\u00e9n\u00e9rations de t\u00e9l\u00e9spectateurs italiens et a aussi anim\u00e9 le Festival de Sanremo \u00e0 treize reprises entre 1968 et 2008. Un v\u00e9ritable record ! Un peu comme Michel Drucker avec C\u00e9line Dion en France, le pr\u00e9sentateur italien, en sa qualit\u00e9 de directeur artistique de Sanremo, a fait \u00e9merger quelques-uns des visages phares de la pop locale, dont Eros Ramazzotti ou encore Laura Pausini.<\/p>\n<p>Le player Dailymotion est en train de se charger&#8230;<\/p>\n<p>\u00ab\u00a0Tu as chang\u00e9 ma vie\u00a0\u00bb<br \/>\nEn 1993, la jeune Laura Pausini, alors \u00e2g\u00e9e de 18 ans, remporte le prix du Meilleur espoir au Festival de Sanremo avec sa chanson <a href=\"https:\/\/www.chartsinfrance.net\/actualite\/news-129526.html\" target=\"_blank\" class=\"spip_out\" rel=\"nofollow noopener\">\u00ab\u00a0La solitudine\u00a0\u00bb<\/a>, qui se transforme alors en immense tube dans toute l&rsquo;Europe. Depuis devenue l&rsquo;une des ambassadrices de la musique italienne aux quatre coins du globe, la chanteuse rend donc aujourd&rsquo;hui hommage \u00e0 celui qui a v\u00e9ritablement lanc\u00e9 sa carri\u00e8re il y a 32 ans. \u00ab Je ne peux pas croire que j&rsquo;\u00e9cris ce message \u00bb d\u00e9bute-t-elle dans une triple publication partag\u00e9e sur Instagram : \u00ab Il y a des hommes qui, dans cette vie et sur cette terre, ont laiss\u00e9 une trace ind\u00e9l\u00e9bile par leur talent et leur g\u00e9nie. L&rsquo;un d&rsquo;entre eux est devenu il y a 32 ans, l&rsquo;homme qui a chang\u00e9 ma vie, en me choisissant \u00e0 seulement 18 ans parmi les nouvelles voix de Sanremo 1993. Et depuis ce moment il ne m&rsquo;a jamais quitt\u00e9, jamais \u00bb. <\/p>\n<p>L&rsquo;interpr\u00e8te de \u00ab\u00a0Se Fue\u00a0\u00bb estime m\u00eame Pippo Baudo comme \u00ab un membre de [sa] famille \u00bb. \u00ab Le chagrin que je vis ce soir est profond et inexplicable \u00bb poursuit-elle, inconsolable mais reconnaissante envers celui qui a fait basculer son destin :\u00ab Pippo Merci. Pour chaque fois o\u00f9 tu me souriais, o\u00f9 tu me donnais un conseil, o\u00f9 tu as chang\u00e9 ma vie. Merci. Je le dis de la part de votre \u00e9l\u00e8ve, de votre ami et de votre fan. Ce fut un honneur et un privil\u00e8ge de vous conna\u00eetre et de vous saluer dans ce nouveau voyage de votre vie vers la lumi\u00e8re. (&#8230; ) Au revoir \u00e0 mon deuxi\u00e8me papa. Bon voyage, Pippo. Je t&rsquo;aime \u00bb.<\/p>\n<blockquote class=\"instagram-media\" data-instgrm-permalink=\"https:\/\/www.instagram.com\/p\/DNbZYY9Maee\/?utm_source=ig_embed&amp;utm_campaign=loading\" data-instgrm-version=\"14\" style=\" background:#FFF; border:0; border-radius:3px; box-shadow:0 0 1px 0 rgba(0,0,0,0.5),0 1px 10px 0 rgba(0,0,0,0.15); margin: 1px; max-width:540px; min-width:326px; padding:0; width:99.375%; width:-webkit-calc(100% - 2px); width:calc(100% - 2px);\"\/>\n<p>Le chanteur Eros Ramazzotti, qui a remport\u00e9 le concours de Sanremo en 1984, ajoute \u00e0 son tour : \u00ab Vous ne m&rsquo;avez pas \u00e9lev\u00e9 \u00e0 la maison mais sur la sc\u00e8ne de la vie. Avec votre voix rassurante, avec votre regard attentif et votre main s\u00fbre, vous avez \u00e9t\u00e9 un guide, un enseignant et un confident \u00bb. M\u00eame Amanda Lear a salu\u00e9 la m\u00e9moire du pr\u00e9sentateur embl\u00e9matique : \u00ab Merci Pippo, le premier \u00e0 m&rsquo;avoir convi\u00e9e \u00e0 la t\u00e9l\u00e9vision italienne \u00bb.<\/p>\n<p><script async src=\"\/\/www.instagram.com\/embed.js\"><\/script><\/p>\n","protected":false},"excerpt":{"rendered":"Bestimage Nos confr\u00e8res de 20 Minutes en parlent comme du \u00ab Michel Drucker italien \u00bb. L&rsquo;Italie est actuellement&hellip;\n","protected":false},"author":2,"featured_media":328298,"comment_status":"","ping_status":"","sticky":false,"template":"","format":"standard","meta":{"footnotes":""},"categories":[1355],"tags":[58,59,1011,27,1361,873],"class_list":{"0":"post-328297","1":"post","2":"type-post","3":"status-publish","4":"format-standard","5":"has-post-thumbnail","7":"category-musique","8":"tag-divertissement","9":"tag-entertainment","10":"tag-fr","11":"tag-france","12":"tag-music","13":"tag-musique"},"share_on_mastodon":{"url":"https:\/\/pubeurope.com\/@fr\/115052898358677653","error":""},"_links":{"self":[{"href":"https:\/\/www.europesays.com\/fr\/wp-json\/wp\/v2\/posts\/328297","targetHints":{"allow":["GET"]}}],"collection":[{"href":"https:\/\/www.europesays.com\/fr\/wp-json\/wp\/v2\/posts"}],"about":[{"href":"https:\/\/www.europesays.com\/fr\/wp-json\/wp\/v2\/types\/post"}],"author":[{"embeddable":true,"href":"https:\/\/www.europesays.com\/fr\/wp-json\/wp\/v2\/users\/2"}],"replies":[{"embeddable":true,"href":"https:\/\/www.europesays.com\/fr\/wp-json\/wp\/v2\/comments?post=328297"}],"version-history":[{"count":0,"href":"https:\/\/www.europesays.com\/fr\/wp-json\/wp\/v2\/posts\/328297\/revisions"}],"wp:featuredmedia":[{"embeddable":true,"href":"https:\/\/www.europesays.com\/fr\/wp-json\/wp\/v2\/media\/328298"}],"wp:attachment":[{"href":"https:\/\/www.europesays.com\/fr\/wp-json\/wp\/v2\/media?parent=328297"}],"wp:term":[{"taxonomy":"category","embeddable":true,"href":"https:\/\/www.europesays.com\/fr\/wp-json\/wp\/v2\/categories?post=328297"},{"taxonomy":"post_tag","embeddable":true,"href":"https:\/\/www.europesays.com\/fr\/wp-json\/wp\/v2\/tags?post=328297"}],"curies":[{"name":"wp","href":"https:\/\/api.w.org\/{rel}","templated":true}]}}