{"id":328301,"date":"2025-08-19T01:45:20","date_gmt":"2025-08-19T01:45:20","guid":{"rendered":"https:\/\/www.europesays.com\/fr\/328301\/"},"modified":"2025-08-19T01:45:20","modified_gmt":"2025-08-19T01:45:20","slug":"mangez-vous-trop-de-proteines-attention-les-scientifiques-assurent-quen-consommer-trop-est-mauvais-pour-la-sante","status":"publish","type":"post","link":"https:\/\/www.europesays.com\/fr\/328301\/","title":{"rendered":"Mangez-vous trop de prot\u00e9ines ? Attention, les scientifiques assurent qu\u2019en consommer trop est mauvais pour la sant\u00e9 !"},"content":{"rendered":"<p> <img decoding=\"async\" fetchpriority=\"high\" src=\"https:\/\/www.europesays.com\/fr\/wp-content\/uploads\/2025\/08\/proteines-en-consommer-trop-est-mauvais-pour-la-sante-1755422517076_1024.jpg\"  width=\"768\" height=\"432\" alt=\"Les \u0153ufs, une tr\u00e8s bonne source de prot\u00e9ines\" title=\"Les \u0153ufs, une tr\u00e8s bonne source de prot\u00e9ines\" data-image=\"6wkldwm49u7e\"\/>Les \u0153ufs, une tr\u00e8s bonne source de prot\u00e9ines   <img decoding=\"async\" fetchpriority=\"high\" src=\"https:\/\/www.europesays.com\/fr\/wp-content\/uploads\/2025\/05\/cindy-neves.jpg\" alt=\"Cindy Neves\" width=\"40\" height=\"40\"\/>    <a class=\"nombre text-hv\" href=\"https:\/\/www.tameteo.com\/auteur\/cindy-neves\/\" title=\"Cindy Neves\" rel=\"nofollow noopener\" target=\"_blank\">Cindy Neves<\/a>       18\/08\/2025 12:02   4 min   <\/p>\n<p>Des <strong>prot\u00e9ines<\/strong>, mais pas trop. Tout est, comme toujours, une question d\u2019\u00e9quilibre. L\u2019importance des prot\u00e9ines dans l\u2019alimentation quotidienne n\u2019est plus \u00e0 prouver. Des <strong>\u0153ufs <\/strong>au poulet, en passant par le <strong>saumon<\/strong>, elles sont vari\u00e9es et il s\u2019agit habituellement de la star du plat. En l\u2019accompagnant de <strong>l\u00e9gumes<\/strong>, tels que des haricots verts ou des brocolis, et de f\u00e9culents, comme des <strong>p\u00e2tes <\/strong>ou du riz, vous obtenez le plat \u00e9quilibr\u00e9 par excellence.<\/p>\n<p>Mais alors, peut-on manger trop de prot\u00e9ines ?<\/p>\n<p>La r\u00e9ponse est oui. En 2018, des <strong>chercheurs <\/strong><a href=\"https:\/\/www.tameteo.com\/meteo-Europe-Finlande-1-1-99.html\" data-mrf-recirculation=\"cuerpo_intext\" rel=\"nofollow noopener\" target=\"_blank\">finlandais <\/a>ont suivi 2500 participants de sexe masculin, dans une tranche d\u2019\u00e2ge situ\u00e9e entre 42 et 60 ans. Au total, le suivi a dur\u00e9 22 ans, avec un rapport hebdomadaire. Ce ne sont pas moins de 334 cas d&rsquo;<strong>insuffisance cardiaque<\/strong> qui ont \u00e9t\u00e9 relev\u00e9s. La faute \u00e0 un <strong>apport en prot\u00e9ines<\/strong> bien trop important. Mais le rapport des <strong>scientifiques <\/strong>ne s\u2019arr\u00eate pas l\u00e0.<\/p>\n<p>Les prot\u00e9ines animales augmentent le risque de maladie cardiovasculaires<\/p>\n<p>Ces derniers mettent \u00e9galement en avant le fait que les <strong>prot\u00e9ines v\u00e9g\u00e9tales<\/strong>, comme les <strong>pois chiches<\/strong> ou encore, les <strong>lentilles<\/strong>, \u00e9taient bien meilleures pour la sant\u00e9, puisqu\u2019elles repr\u00e9sentent un rapport risque d\u2019insuffisance cardiaque moins \u00e9lev\u00e9 que les prot\u00e9ines animales (1,17 contre 1,43). L\u2019id\u00e9al reste donc d\u2019opter pour un subtil m\u00e9lange des deux et de les int\u00e9grer dans une <strong>alimentation <\/strong>\u00e9quilibr\u00e9e au quotidien.<\/p>\n<p><a class=\"imagen \" href=\"https:\/\/www.tameteo.com\/actualites\/actualite\/la-ville-submergee-de-cuba-intrigue-depuis-25-ans-et-reste-sans-explication-officielle-histoire.html\" title=\"La ville submerg\u00e9e de Cuba intrigue depuis 25 ans et reste sans explication officielle\" rel=\"nofollow noopener\" target=\"_blank\"><img loading=\"lazy\" decoding=\"async\" fetchpriority=\"low\" class=\"lazy img-body non-editable\" src=\"https:\/\/www.europesays.com\/fr\/wp-content\/uploads\/2025\/08\/cidade-submersa-em-cuba-intriga-ha-25-anos-e-segue-sem-explicacoes-oficiais-1754751379446_320.jpg\"  width=\"320\" height=\"225\" alt=\"La ville submerg\u00e9e de Cuba intrigue depuis 25 ans et reste sans explication officielle\"\/><\/a><\/p>\n<p>En effet, il ne s\u2019agit pas de bannir d\u00e9finitivement les <strong>prot\u00e9ines<\/strong>. Ne vous m\u00e9prenez pas ! Les prot\u00e9ines sont source d\u2019acides amin\u00e9s et sont absolument indispensables pour votre <strong>syst\u00e8me immunitaire<\/strong>, votre peau et m\u00eame vos muscles ! Ce n\u2019est pas pour rien que les athl\u00e8tes ne font jamais l\u2019impasse sur les prot\u00e9ines. Ils en consomment notamment sous forme liquide, gr\u00e2ce \u00e0 la whey, une poudre<strong> prot\u00e9ine de lactos\u00e9rum<\/strong> \u00e0 m\u00e9langer avec de l\u2019eau.<\/p>\n<p><img loading=\"lazy\" decoding=\"async\" fetchpriority=\"low\" class=\"lazy \" src=\"https:\/\/www.europesays.com\/fr\/wp-content\/uploads\/2025\/08\/proteines-en-consommer-trop-est-mauvais-pour-la-sante-1755422555233_1024.jpg\"  width=\"768\" height=\"432\" alt=\"Le pois chiche, la star des prot\u00e9ines v\u00e9g\u00e9tales\" title=\"Le pois chiche, la star des prot\u00e9ines v\u00e9g\u00e9tales\" data-image=\"w5wnqufm4gup\"\/>Le pois chiche, la star des prot\u00e9ines v\u00e9g\u00e9tales<\/p>\n<p>Seulement voil\u00e0, trop de prot\u00e9ines, ce n\u2019est pas tr\u00e8s bon non plus. En f\u00e9vrier 2024, les <strong>scientifiques <\/strong>de l\u2019universit\u00e9 de Pittsburgh, aux <a href=\"https:\/\/www.tameteo.com\/meteo-Amerique+du+Nord-Etats+Unis-1-3-58.html\" data-mrf-recirculation=\"cuerpo_intext\" rel=\"nofollow noopener\" target=\"_blank\">Etats-Unis<\/a>, ont publi\u00e9 une \u00e9tude dans la revue Nature. Cette derni\u00e8re r\u00e9v\u00e8le qu\u2019un apport de plus de 20 % en prot\u00e9ines dans l\u2019alimentation g\u00e9n\u00e9rale peut augmenter les risques de <strong>crise cardiaque<\/strong> ou encore, d\u2019AVC. Et ce type de <strong>maladie <\/strong>n\u2019est pas le seul \u00e0 prendre en compte.<\/p>\n<p><a class=\"imagen \" href=\"https:\/\/www.tameteo.com\/actualites\/loisirs\/la-foret-geante-de-fougeres-qui-semble-tout-droit-sortie-d-un-film-un-itineraire-rafraichissant-pour-aout-loisirs-tourisme.html\" title=\"La for\u00eat g\u00e9ante de foug\u00e8res qui semble tout droit sortie d\u2019un film : un itin\u00e9raire rafra\u00eechissant pour ao\u00fbt\" rel=\"nofollow noopener\" target=\"_blank\"><img loading=\"lazy\" decoding=\"async\" fetchpriority=\"low\" class=\"lazy img-body non-editable\" src=\"https:\/\/www.europesays.com\/fr\/wp-content\/uploads\/2025\/08\/bosque-de-los-tilos-helechos-gigantes-y-rutas-unicas-en-la-palma-1754903998014_320.jpeg\"  width=\"320\" height=\"225\" alt=\"La for\u00eat g\u00e9ante de foug\u00e8res qui semble tout droit sortie d\u2019un film : un itin\u00e9raire rafra\u00eechissant pour ao\u00fbt\"\/><\/a><\/p>\n<p>En juin dernier, la revue Clinical Journal of the American Society of Nephrology publie une \u00e9tude soulignant le risque sp\u00e9cifique pour les <strong>reins <\/strong>et les personnes atteintes d\u2019une <strong>maladie r\u00e9nale chronique<\/strong>. Enfin, les personnes ayant des probl\u00e8mes au niveau du <strong>foie <\/strong>sont \u00e9galement plus \u00e0 risque, puisque cet organe ayant pour fonction de d\u00e9truire les acides amin\u00e9s apport\u00e9s par les prot\u00e9ines, il peut s\u2019endommager apr\u00e8s une <strong>surcharge en prot\u00e9ines<\/strong>. En somme, les prot\u00e9ines sont bel et bien essentielles, mais mieux vaut varier les plaisirs entre les prot\u00e9ines animales et v\u00e9g\u00e9tales, et en <strong>consommer avec mod\u00e9ration.<\/strong><\/p>\n<p>R\u00e9f\u00e9rence de l\u2019article : <\/p>\n<p><a href=\"https:\/\/www.santemagazine.fr\/actualites\/actualites-alimentation\/selon-une-etude-manger-trop-de-proteines-peut-entrainer-une-accumulation-de-plaque-dans-les-arteres-1056583\" rel=\"nofollow noopener\" target=\"_blank\">Selon une \u00e9tude, manger trop de prot\u00e9ines peut \u00eatre nocif pour la sant\u00e9 cardiaque <\/a><\/p>\n<p><a href=\"https:\/\/www.science-et-vie.com\/corps-et-sante\/vous-mangez-peut-etre-trop-de-proteines-sans-le-savoir-et-cela-pourrait-gravement-nuire-a-votre-coeur-208234.html\" rel=\"nofollow noopener\" target=\"_blank\">Vous mangez peut-\u00eatre trop de prot\u00e9ines sans le savoir, et cela pourrait gravement nuire \u00e0 votre c\u0153ur <\/a><\/p>\n","protected":false},"excerpt":{"rendered":"Les \u0153ufs, une tr\u00e8s bonne source de prot\u00e9ines Cindy Neves 18\/08\/2025 12:02 4 min Des prot\u00e9ines, mais pas&hellip;\n","protected":false},"author":2,"featured_media":328302,"comment_status":"","ping_status":"","sticky":false,"template":"","format":"standard","meta":{"footnotes":""},"categories":[10],"tags":[258,1011,27,72,10754,71],"class_list":{"0":"post-328301","1":"post","2":"type-post","3":"status-publish","4":"format-standard","5":"has-post-thumbnail","7":"category-sante","8":"tag-alimentation","9":"tag-fr","10":"tag-france","11":"tag-health","12":"tag-proteine","13":"tag-sante"},"share_on_mastodon":{"url":"https:\/\/pubeurope.com\/@fr\/115052906492227735","error":""},"_links":{"self":[{"href":"https:\/\/www.europesays.com\/fr\/wp-json\/wp\/v2\/posts\/328301","targetHints":{"allow":["GET"]}}],"collection":[{"href":"https:\/\/www.europesays.com\/fr\/wp-json\/wp\/v2\/posts"}],"about":[{"href":"https:\/\/www.europesays.com\/fr\/wp-json\/wp\/v2\/types\/post"}],"author":[{"embeddable":true,"href":"https:\/\/www.europesays.com\/fr\/wp-json\/wp\/v2\/users\/2"}],"replies":[{"embeddable":true,"href":"https:\/\/www.europesays.com\/fr\/wp-json\/wp\/v2\/comments?post=328301"}],"version-history":[{"count":0,"href":"https:\/\/www.europesays.com\/fr\/wp-json\/wp\/v2\/posts\/328301\/revisions"}],"wp:featuredmedia":[{"embeddable":true,"href":"https:\/\/www.europesays.com\/fr\/wp-json\/wp\/v2\/media\/328302"}],"wp:attachment":[{"href":"https:\/\/www.europesays.com\/fr\/wp-json\/wp\/v2\/media?parent=328301"}],"wp:term":[{"taxonomy":"category","embeddable":true,"href":"https:\/\/www.europesays.com\/fr\/wp-json\/wp\/v2\/categories?post=328301"},{"taxonomy":"post_tag","embeddable":true,"href":"https:\/\/www.europesays.com\/fr\/wp-json\/wp\/v2\/tags?post=328301"}],"curies":[{"name":"wp","href":"https:\/\/api.w.org\/{rel}","templated":true}]}}