{"id":328305,"date":"2025-08-19T01:47:14","date_gmt":"2025-08-19T01:47:14","guid":{"rendered":"https:\/\/www.europesays.com\/fr\/328305\/"},"modified":"2025-08-19T01:47:14","modified_gmt":"2025-08-19T01:47:14","slug":"le-streamer-connu-pour-ses-defis-extremes-est-decede-a-lage-de-46-ans","status":"publish","type":"post","link":"https:\/\/www.europesays.com\/fr\/328305\/","title":{"rendered":"le streamer, connu pour ses d\u00e9fis extr\u00eames, est d\u00e9c\u00e9d\u00e9 \u00e0 l&rsquo;\u00e2ge de 46 ans"},"content":{"rendered":"<p>Une bien triste nouvelle pour ses abonn\u00e9s.\u00a0Le streameur Jeanpormanove est mort \u00e0 l&rsquo;\u00e2ge de 46 ans, a appris <a href=\"https:\/\/www.bfmtv.com\/tech\/actualites\/reseaux-sociaux\/le-streameur-jeanpormanove-retrouve-mort-a-l-age-de-46-ans_AN-202508180403.html\" target=\"_blank\" rel=\"noopener\">BFM Nice C\u00f4te d&rsquo;Azur.<\/a><\/p>\n<p>D\u00e9couvert seul et inanim\u00e9 chez lui, dans son lit<\/p>\n<p>Suivi par un demi-million d&rsquo;abonn\u00e9s sur des plates-formes comme <a href=\"https:\/\/www.laprovence.com\/article\/societe\/279511160773215\/fin-de-tiktok-aux-etats-unis-messages-dadieu-des-utilisateurs-alternatives-que-va-t-il-se-passer-dimanche\" target=\"_blank\" rel=\"noopener\">TikTok <\/a>ou Twitch, \u00ab\u00a0JP\u00a0\u00bb, de son vrai nom Rapha\u00ebl Graven, qui avait \u00e9galement b\u00e2ti une communaut\u00e9 massive de gamers sur le site Kick, est d\u00e9c\u00e9d\u00e9 dans la nuit de dimanche \u00e0 lundi \u00e0 Contes, pr\u00e8s de Nice. C&rsquo;est son entourage qui a confirm\u00e9 la nouvelle sur les r\u00e9seaux sociaux. \u00ab\u00a0Je vous demande \u00e0 tous de respecter sa m\u00e9moire et de ne pas partager la vid\u00e9o de son dernier souffle dans son sommeil\u00a0\u00bb, a post\u00e9 l&rsquo;influenceur Naruto (Owen).<\/p>\n<p>Certains internautes mentionnent une fin de live brutale sur\u00a0la plateforme Kick, alors qu&rsquo;il venait de passer \u00ab\u00a0dix jours et nuits de torture\u00a0\u00bb, notamment avec des violences physiques \u00ab\u00a0extr\u00eames\u00a0\u00bb, une \u00ab\u00a0privation de sommeil\u00a0\u00bb, de \u00ab\u00a0l&rsquo;ingurgitation de produits toxiques\u00a0\u00bb, rapportent nos confr\u00e8res de BFMTV.<\/p>\n<p>Dans un extrait que l&rsquo;on peut voir sur les r\u00e9seaux sociaux, on voit un autre <a href=\"https:\/\/www.laprovence.com\/article\/region\/7239148693953\/streamer-vedette-amoureux-du-sport-rencontre-avec-domingo-de-passage-a-aubagne\" target=\"_blank\" rel=\"noopener\">streamer<\/a>, pr\u00e9sent lors du \u00ab\u00a0dernier live\u00a0\u00bb, couper rapidement le flux apr\u00e8s avoir essay\u00e9 de r\u00e9veiller Jeanpormanove.<\/p>\n<p>Connu pour ses d\u00e9fis extr\u00eames, le quadrag\u00e9naire avait migr\u00e9 sur la plateforme Kick avec d&rsquo;autres streamers, qui ne r\u00e9glemente pas son contenu et aurait particip\u00e9 \u00e0 un live \u00ab\u00a0tr\u00e8s \u00e9prouvant\u00a0\u00bb ces derniers jours.<\/p>\n<p>Des signalements avaient men\u00e9 au placement en garde \u00e0 vue de deux de ses complices en janvier 2025, \u00ab\u00a0Naruto\u00a0\u00bb et \u00ab\u00a0Safine\u00a0\u00bb (pr\u00e9sents sur les extraits de ce dernier live), soup\u00e7onn\u00e9s d&rsquo;avoir humili\u00e9 et violent\u00e9 des personnes vuln\u00e9rables. Une enqu\u00eate pr\u00e9liminaire avait \u00e9t\u00e9 ouverte depuis le 16 d\u00e9cembre 2024.\u00a0<\/p>\n","protected":false},"excerpt":{"rendered":"Une bien triste nouvelle pour ses abonn\u00e9s.\u00a0Le streameur Jeanpormanove est mort \u00e0 l&rsquo;\u00e2ge de 46 ans, a appris&hellip;\n","protected":false},"author":2,"featured_media":328306,"comment_status":"","ping_status":"","sticky":false,"template":"","format":"standard","meta":{"footnotes":""},"categories":[8],"tags":[17,1102,19697,58,59,274,1011,27,13392,18,46535,471,2407,30036],"class_list":{"0":"post-328305","1":"post","2":"type-post","3":"status-publish","4":"format-standard","5":"has-post-thumbnail","7":"category-divertissement","8":"tag-17","9":"tag-breakingnews","10":"tag-connu","11":"tag-divertissement","12":"tag-entertainment","13":"tag-faits-divers-justice","14":"tag-fr","15":"tag-france","16":"tag-jean","17":"tag-mort","18":"tag-pormanove","19":"tag-pour","20":"tag-ses","21":"tag-streamer"},"share_on_mastodon":{"url":"https:\/\/pubeurope.com\/@fr\/115052913874616790","error":""},"_links":{"self":[{"href":"https:\/\/www.europesays.com\/fr\/wp-json\/wp\/v2\/posts\/328305","targetHints":{"allow":["GET"]}}],"collection":[{"href":"https:\/\/www.europesays.com\/fr\/wp-json\/wp\/v2\/posts"}],"about":[{"href":"https:\/\/www.europesays.com\/fr\/wp-json\/wp\/v2\/types\/post"}],"author":[{"embeddable":true,"href":"https:\/\/www.europesays.com\/fr\/wp-json\/wp\/v2\/users\/2"}],"replies":[{"embeddable":true,"href":"https:\/\/www.europesays.com\/fr\/wp-json\/wp\/v2\/comments?post=328305"}],"version-history":[{"count":0,"href":"https:\/\/www.europesays.com\/fr\/wp-json\/wp\/v2\/posts\/328305\/revisions"}],"wp:featuredmedia":[{"embeddable":true,"href":"https:\/\/www.europesays.com\/fr\/wp-json\/wp\/v2\/media\/328306"}],"wp:attachment":[{"href":"https:\/\/www.europesays.com\/fr\/wp-json\/wp\/v2\/media?parent=328305"}],"wp:term":[{"taxonomy":"category","embeddable":true,"href":"https:\/\/www.europesays.com\/fr\/wp-json\/wp\/v2\/categories?post=328305"},{"taxonomy":"post_tag","embeddable":true,"href":"https:\/\/www.europesays.com\/fr\/wp-json\/wp\/v2\/tags?post=328305"}],"curies":[{"name":"wp","href":"https:\/\/api.w.org\/{rel}","templated":true}]}}