{"id":328312,"date":"2025-08-19T01:51:13","date_gmt":"2025-08-19T01:51:13","guid":{"rendered":"https:\/\/www.europesays.com\/fr\/328312\/"},"modified":"2025-08-19T01:51:13","modified_gmt":"2025-08-19T01:51:13","slug":"comment-expliquer-la-mort-par-noyade-de-trois-enfants-autistes-en-une-semaine-liberation","status":"publish","type":"post","link":"https:\/\/www.europesays.com\/fr\/328312\/","title":{"rendered":"comment expliquer la mort par noyade de trois enfants autistes en une semaine \u2013 Lib\u00e9ration"},"content":{"rendered":"<p class=\"sc-ksZaOG ehjQrN text-element\">Une s\u00e9rie noire. Depuis une semaine, trois enfants atteints de troubles du spectre autistique (TSA) ont perdu la vie en se noyant lors de sorties. Lundi 11 ao\u00fbt, c\u2019est un jeune gar\u00e7on de 11 ans qui a ainsi perdu la vie au parc interd\u00e9partemental des sports de Choisy-le-Roi (Val-de-Marne). Quatre jours plus tard, un gar\u00e7on de 7 ans en colonie de vacances dans l\u2019Allier est mort dans un plan d\u2019eau non am\u00e9nag\u00e9 pour la baignade. <a href=\"https:\/\/www.liberation.fr\/societe\/une-jeune-fille-autiste-meurt-noyee-dans-une-base-de-loisir-de-seine-et-marne-la-troisieme-en-une-semaine-20250818_6MDMBVWG55DCFBA6NU7IZXC2PQ\/\" target=\"_blank\" rel=\"noreferrer nofollow noopener\" title=\"https:\/\/www.liberation.fr\/societe\/une-jeune-fille-autiste-meurt-noyee-dans-une-base-de-loisir-de-seine-et-marne-la-troisieme-en-une-semaine-20250818_6MDMBVWG55DCFBA6NU7IZXC2PQ\/\">Dimanche, une jeune fille de 11 ans est retrouv\u00e9e morte noy\u00e9e<\/a> dans une base de loisirs \u00e0 La Grande-Paroisse (Seine-et-Marne), lors d\u2019une sortie avec un centre de loisirs. A chaque fois, les enfants ont \u00e9chapp\u00e9 \u00e0 la surveillance des encadrants ou des ma\u00eetres-nageurs. Pour les deux premiers accidents, des enqu\u00eates pour homicide involontaire ont \u00e9t\u00e9 ouvertes.<\/p>\n<p class=\"sc-ksZaOG ehjQrN text-element\">Ces drames s\u2019inscrivent dans un contexte <a href=\"https:\/\/www.liberation.fr\/societe\/pres-de-200-morts-par-noyade-en-moins-de-deux-mois-les-autorites-appellent-a-respecter-les-interdictions-20250801_VML7MOW4NNFWZPYULLAZ6O34SU\/\" target=\"_blank\" rel=\"noreferrer nofollow noopener\" title=\"https:\/\/www.liberation.fr\/societe\/pre&lt;\/p&gt;&lt;\/div&gt;&lt;\/article&gt;&lt;\/div&gt;&lt;div data-fusion-lazy-id=\" f0f8vgvlad832fw=\"\"><\/p>\n","protected":false},"excerpt":{"rendered":"Une s\u00e9rie noire. Depuis une semaine, trois enfants atteints de troubles du spectre autistique (TSA) ont perdu la&hellip;\n","protected":false},"author":2,"featured_media":328313,"comment_status":"","ping_status":"","sticky":false,"template":"","format":"standard","meta":{"footnotes":""},"categories":[4],"tags":[11,8187,1011,27,36089,12,25],"class_list":{"0":"post-328312","1":"post","2":"type-post","3":"status-publish","4":"format-standard","5":"has-post-thumbnail","7":"category-france","8":"tag-actualites","9":"tag-autisme","10":"tag-fr","11":"tag-france","12":"tag-handicap-bilan-2010","13":"tag-news","14":"tag-republique-francaise"},"share_on_mastodon":{"url":"https:\/\/pubeurope.com\/@fr\/115052929657242107","error":""},"_links":{"self":[{"href":"https:\/\/www.europesays.com\/fr\/wp-json\/wp\/v2\/posts\/328312","targetHints":{"allow":["GET"]}}],"collection":[{"href":"https:\/\/www.europesays.com\/fr\/wp-json\/wp\/v2\/posts"}],"about":[{"href":"https:\/\/www.europesays.com\/fr\/wp-json\/wp\/v2\/types\/post"}],"author":[{"embeddable":true,"href":"https:\/\/www.europesays.com\/fr\/wp-json\/wp\/v2\/users\/2"}],"replies":[{"embeddable":true,"href":"https:\/\/www.europesays.com\/fr\/wp-json\/wp\/v2\/comments?post=328312"}],"version-history":[{"count":0,"href":"https:\/\/www.europesays.com\/fr\/wp-json\/wp\/v2\/posts\/328312\/revisions"}],"wp:featuredmedia":[{"embeddable":true,"href":"https:\/\/www.europesays.com\/fr\/wp-json\/wp\/v2\/media\/328313"}],"wp:attachment":[{"href":"https:\/\/www.europesays.com\/fr\/wp-json\/wp\/v2\/media?parent=328312"}],"wp:term":[{"taxonomy":"category","embeddable":true,"href":"https:\/\/www.europesays.com\/fr\/wp-json\/wp\/v2\/categories?post=328312"},{"taxonomy":"post_tag","embeddable":true,"href":"https:\/\/www.europesays.com\/fr\/wp-json\/wp\/v2\/tags?post=328312"}],"curies":[{"name":"wp","href":"https:\/\/api.w.org\/{rel}","templated":true}]}}