{"id":328316,"date":"2025-08-19T01:54:21","date_gmt":"2025-08-19T01:54:21","guid":{"rendered":"https:\/\/www.europesays.com\/fr\/328316\/"},"modified":"2025-08-19T01:54:21","modified_gmt":"2025-08-19T01:54:21","slug":"des-orages-violents-annonces-voici-a-quoi-sattendre","status":"publish","type":"post","link":"https:\/\/www.europesays.com\/fr\/328316\/","title":{"rendered":"des orages violents annonc\u00e9s, voici \u00e0 quoi s&rsquo;attendre"},"content":{"rendered":"<p>            Par<br \/>\n        <strong><br \/>\n            <a href=\"https:\/\/actu.fr\/auteur\/mathias-souteyrat\" title=\"Consulter tous les articles de Mathias Souteyrat\" rel=\"nofollow noopener\" target=\"_blank\">Mathias Souteyrat<\/a><br \/>\n        <\/strong><\/p>\n<p>        Publi\u00e9 le<\/p>\n<p>            18 ao\u00fbt 2025 \u00e0 11h36        <\/p>\n<p>M\u00e9t\u00e9o France place la <a href=\"https:\/\/actu.fr\/auvergne-rhone-alpes\/loire_42\" rel=\"nofollow noopener\" target=\"_blank\">Loire<\/a>, comme l\u2019ensemble des d\u00e9partements du sud de la France, en alerte jaune aux <a href=\"https:\/\/actu.fr\/meteo\/retour-des-orages-forts-cette-semaine-en-france-voici-les-departements-deja-en-vigilance-ce-lundi_63044457.html\" rel=\"nofollow noopener\" target=\"_blank\">orages<\/a> ce mardi 19\u00a0ao\u00fbt de midi \u00e0 18\u00a0heures.<\/p>\n<p class=\" wall-content\">Selon l\u2019agence m\u00e9t\u00e9o fran\u00e7aise, apr\u00e8s une nuit de lundi \u00e0 mardi encore tr\u00e8s chaude sur le pourtour m\u00e9diterran\u00e9en, fin de l\u2019\u00e9pisode caniculaire sur l\u2019ensemble du pays mardi apr\u00e8s-midi. D\u00e9gradation orageuse localement marqu\u00e9e sur la moiti\u00e9 sud.<\/p>\n<p>Des passages pluvio-orageux sur la Loire<\/p>\n<p class=\" wall-content\">D\u2019apr\u00e8s Keraunos, observatoire fran\u00e7ais des orages et tornades, les orages se multiplieront en journ\u00e9e <strong>sur un grand quart sud-est du pays<\/strong>. Ils seront parfois forts entre Occitanie, Auvergne et Alpes.<\/p>\n<p><a class=\"jo-module-caroussel__img-container\" href=\"https:\/\/static.actu.fr\/uploads\/2025\/08\/prevision-orages-tornades-probabilite-orage-j1-8.png\" title=\"Agrandir la photo Mardi, les orages seront parfois forts entre Occitanie, Auvergne et Alpes. (\u00a9 Carte Keraunos)\" data-idx=\"1\" rel=\"nofollow noopener\" target=\"_blank\"><br \/>\n    <img decoding=\"async\" class=\"jo-module-caroussel__img\" loading=\"lazy\" src=\"https:\/\/www.europesays.com\/fr\/wp-content\/uploads\/2025\/08\/prevision-orages-tornades-probabilite-orage-j1-8-640x427.png\" alt=\"Mardi, les orages seront parfois forts entre Occitanie, Auvergne et Alpes. (\u00a9 Carte Keraunos)\" width=\"640\" height=\"427\"\/><\/a><\/p>\n<p class=\" wall-content\">Voici les pr\u00e9visions selon M\u00e9t\u00e9o Loire, sp\u00e9cialiste m\u00e9t\u00e9o du d\u00e9partement.<\/p>\n<p class=\" wall-content\">Ce mardi, d\u00e9gradation du temps. \u00ab\u2009Tout au long de la journ\u00e9e, un temps instable dominera avec un ciel couvert et des passages pluvio-orageux possibles.\u2009\u00bb<\/p>\n<p>Aggravation possible du niveau de vigilance dans certains d\u00e9partements<\/p>\n<p>Selon M\u00e9t\u00e9o France, un \u00e9pisode pluvio-orageux se met en place du Sud-Ouest au Centre-Est ainsi qu&rsquo;aux r\u00e9gions m\u00e9diterran\u00e9ennes. Les cumuls de pluie attendus pourront localement \u00eatre importants en peu de temps. Une aggravation de la vigilance n&rsquo;est pas exclue sur certains d\u00e9partements, en particulier sur le Gard et l&rsquo;H\u00e9rault.<\/p>\n<p>Votre r\u00e9gion, votre actu !<\/p>\n<p>Recevez chaque jour les infos qui comptent pour vous.<\/p>\n<p>\t<a href=\"https:\/\/actu.fr\/newsletter\" class=\"ac-btn ac-btn--corner ac-btn--medium ac-btn--blue800\" rel=\"nofollow noopener\" target=\"_blank\">S&rsquo;incrire<\/a><\/p>\n<p class=\" wall-content\">Le vent sera variable soufflant entre 15 et 30\u00a0km\/h.<\/p>\n<p>30 \u00e0 40 mm de pr\u00e9cipitations possibles<\/p>\n<p class=\" wall-content\">D\u2019apr\u00e8s la pr\u00e9fecture lig\u00e9rienne, une forte perturbation pluvio-orageuse est attendue, avec 30 \u00e0 40 mm de pr\u00e9cipitations possibles, des rafales de vent pouvant atteindre 80 km\/h localement et <strong>de la gr\u00eale ponctuelle.<\/strong><\/p>\n<p>Des orages aussi mercredi<\/p>\n<p class=\" wall-content\">Selon Keraunos, ce mercredi, le cut-off transitera sur les r\u00e9gions du sud.<\/p>\n<p><a class=\"jo-module-caroussel__img-container\" href=\"https:\/\/static.actu.fr\/uploads\/2025\/08\/prevision-orages-tornades-probabilite-orage-j2-5.png\" title=\"Agrandir la photo Mercredi, un temps orageux concernera les trois quarts sud du pays, avec une activit\u00e9 plus marqu\u00e9e entre sud de la vall\u00e9e du Rh\u00f4ne, sud des Alpes et Corse. (\u00a9 Carte Keraunos)\" data-idx=\"1\" rel=\"nofollow noopener\" target=\"_blank\"><br \/>\n    <img decoding=\"async\" class=\"jo-module-caroussel__img\" loading=\"lazy\" src=\"https:\/\/www.europesays.com\/fr\/wp-content\/uploads\/2025\/08\/prevision-orages-tornades-probabilite-orage-j2-5-640x427.png\" alt=\"Mercredi, un temps orageux concernera les trois quarts sud du pays, avec une activit\u00e9 plus marqu\u00e9e entre sud de la vall\u00e9e du Rh\u00f4ne, sud des Alpes et Corse. (\u00a9 Carte Keraunos)\" width=\"640\" height=\"427\"\/><\/a><\/p>\n<p class=\" wall-content\">\u00ab\u2009Dans ce contexte, un temps orageux concernera les trois quarts sud du pays, avec une activit\u00e9 plus marqu\u00e9e entre sud de la vall\u00e9e du Rh\u00f4ne, sud des Alpes et Corse.\u2009\u00bb<\/p>\n<p class=\" wall-content\">Personnalisez votre actualit\u00e9 en ajoutant vos villes et m\u00e9dias en favori avec <a href=\"https:\/\/moncompte.actu.fr\" title=\"D\u00e9couvez Mon Actu\" rel=\"nofollow noopener\" data-trk=\"{&quot;cta&quot;:{&quot;action&quot;:&quot;https:\\\/\\\/moncompte.actu.fr&quot;,&quot;category&quot;:&quot;mon compte&quot;,&quot;from&quot;:&quot;article footer&quot;,&quot;name&quot;:&quot;Mon actu&quot;,&quot;type&quot;:&quot;cta&quot;}}\" target=\"_blank\">Mon Actu<\/a>.<\/p>\n","protected":false},"excerpt":{"rendered":"Par Mathias Souteyrat Publi\u00e9 le 18 ao\u00fbt 2025 \u00e0 11h36 M\u00e9t\u00e9o France place la Loire, comme l\u2019ensemble des&hellip;\n","protected":false},"author":2,"featured_media":328317,"comment_status":"","ping_status":"","sticky":false,"template":"","format":"standard","meta":{"footnotes":""},"categories":[9653],"tags":[1111,11,2430,1777,674,1011,27,2487,2357,12,4594,25,4001],"class_list":{"0":"post-328316","1":"post","2":"type-post","3":"status-publish","4":"format-standard","5":"has-post-thumbnail","7":"category-saint-etienne","8":"tag-actu","9":"tag-actualites","10":"tag-auvergne-rhone-alpes","11":"tag-eu","12":"tag-europe","13":"tag-fr","14":"tag-france","15":"tag-meteo","16":"tag-meteo-france","17":"tag-news","18":"tag-orages","19":"tag-republique-francaise","20":"tag-saint-etienne"},"share_on_mastodon":{"url":"https:\/\/pubeurope.com\/@fr\/115052941804666693","error":""},"_links":{"self":[{"href":"https:\/\/www.europesays.com\/fr\/wp-json\/wp\/v2\/posts\/328316","targetHints":{"allow":["GET"]}}],"collection":[{"href":"https:\/\/www.europesays.com\/fr\/wp-json\/wp\/v2\/posts"}],"about":[{"href":"https:\/\/www.europesays.com\/fr\/wp-json\/wp\/v2\/types\/post"}],"author":[{"embeddable":true,"href":"https:\/\/www.europesays.com\/fr\/wp-json\/wp\/v2\/users\/2"}],"replies":[{"embeddable":true,"href":"https:\/\/www.europesays.com\/fr\/wp-json\/wp\/v2\/comments?post=328316"}],"version-history":[{"count":0,"href":"https:\/\/www.europesays.com\/fr\/wp-json\/wp\/v2\/posts\/328316\/revisions"}],"wp:featuredmedia":[{"embeddable":true,"href":"https:\/\/www.europesays.com\/fr\/wp-json\/wp\/v2\/media\/328317"}],"wp:attachment":[{"href":"https:\/\/www.europesays.com\/fr\/wp-json\/wp\/v2\/media?parent=328316"}],"wp:term":[{"taxonomy":"category","embeddable":true,"href":"https:\/\/www.europesays.com\/fr\/wp-json\/wp\/v2\/categories?post=328316"},{"taxonomy":"post_tag","embeddable":true,"href":"https:\/\/www.europesays.com\/fr\/wp-json\/wp\/v2\/tags?post=328316"}],"curies":[{"name":"wp","href":"https:\/\/api.w.org\/{rel}","templated":true}]}}