{"id":328318,"date":"2025-08-19T01:58:14","date_gmt":"2025-08-19T01:58:14","guid":{"rendered":"https:\/\/www.europesays.com\/fr\/328318\/"},"modified":"2025-08-19T01:58:14","modified_gmt":"2025-08-19T01:58:14","slug":"travaux-de-nuit-fermetures-dautoroutes-du-18-au-22-aout-en-provence","status":"publish","type":"post","link":"https:\/\/www.europesays.com\/fr\/328318\/","title":{"rendered":"Travaux de nuit\u00a0: fermetures d&rsquo;autoroutes du 18 au 22 ao\u00fbt en Provence"},"content":{"rendered":"<p> <img decoding=\"async\" src=\"https:\/\/www.europesays.com\/fr\/wp-content\/uploads\/2025\/08\/1200x680_sc_698578-uje3r0kyso-whr.jpg\" alt=\"illustration agrandir l'image\" style=\"--_image-preview:url('data:image\/jpeg;base64,\/9j\/2wBDACgcHiMeGSgjISMtKygwPGRBPDc3PHtYXUlkkYCZlo+AjIqgtObDoKrarYqMyP\/L2u71\/\/\/\/m8H\/\/\/\/6\/+b9\/\/j\/2wBDASstLTw1PHZBQXb4pYyl+Pj4+Pj4+Pj4+Pj4+Pj4+Pj4+Pj4+Pj4+Pj4+Pj4+Pj4+Pj4+Pj4+Pj4+Pj4+Pj4+Pj\/wAARCAAXACoDASIAAhEBAxEB\/8QAGAAAAwEBAAAAAAAAAAAAAAAAAAIDBAH\/xAAXEAEBAQEAAAAAAAAAAAAAAAAAAgER\/8QAFgEBAQEAAAAAAAAAAAAAAAAAAwIB\/8QAFREBAQAAAAAAAAAAAAAAAAAAAAH\/2gAMAwEAAhEDEQA\/AM06tOs8avI6SK9JTvSVqY2pWmpRCRFELyAmqhiVoDI2pbpQCDr\/2Q==');\" loading=\"eager\" fetchpriority=\"high\" aria-hidden=\"true\" class=\"svelte-1pnmlwx rounded\" onload=\"this.__e=event\" onerror=\"this.__e=event\"\/> Panneau travaux \u00a9 Radio France &#8211; C\u00e9dric Fr\u00e9mi     <\/p>\n<p class=\"g-ici-body-regular-3 info svelte-1c4u67c\">Publi\u00e9 le lundi 18 ao\u00fbt 2025 \u00e0 15:42 <\/p>\n<ul class=\"SocialNetworks svelte-bt5901\">\n<li class=\"svelte-bt5901\"><\/li>\n<li class=\"svelte-bt5901\"><\/li>\n<li class=\"svelte-bt5901\"><\/li>\n<li class=\"svelte-bt5901\"><\/li>\n<li class=\"svelte-bt5901\"><\/li>\n<\/ul>\n<p class=\"standfirst g-ici-body-bold-1 svelte-983d72\">ICI Provence (ex-France Bleu) est la seule radio \u00e0 vous proposer la liste compl\u00e8te des chantiers de nuit sur nos autoroutes. En plus des points chaque quart d&rsquo;heure de 16h \u00e0 19h, consultez le planning pr\u00e9visionnel des travaux \u00e0 Marseille, \u00e0 Toulon et en Provence, pour la semaine du 18 ao\u00fbt.<\/p>\n<p> Nuit du lundi 18 au mardi 19 ao\u00fbt 2025<\/p>\n<ul>\n<li><strong>Sur l&rsquo;A50 en provenance de Marseille<\/strong>\u00a0: fermeture de la sortie <strong>La Penne-sur-Huveaune<\/strong>, de 21h \u00e0 6h.<\/li>\n<li><strong>A Toulon<\/strong>\u00a0: fermeture du tunnel dans les 2 sens, de 21h \u00e0 6h.<\/li>\n<li><strong>Sur l&rsquo;A57 en provenance de Toulon<\/strong>\u00a0: fermeture de la bretelle de sortie Sainte-Musse\/La Valette-Centre, de 21h \u00e0 6h.<\/li>\n<li><strong>En direction de Toulon<\/strong>\u00a0: fermeture de l&rsquo;<strong>A57<\/strong> entre l&rsquo;A570 et Sainte-Musse\/La Valette-Centre, de 21h \u00e0 6h.<\/li>\n<\/ul>\n<p>Nuit du mardi 19 au mercredi 20 ao\u00fbt 2025<\/p>\n<ul>\n<li><strong>A Toulon en direction de Marseille<\/strong>\u00a0: fermeture de l&rsquo;<strong>A57<\/strong> entre La Valette-Nord et la fin du <strong>tunnel<\/strong> de Toulon, de 21h \u00e0 6h.<\/li>\n<\/ul>\n<p>Nuit du mercredi 2O au jeudi 21 ao\u00fbt 2025<\/p>\n<ul>\n<li><strong>A Toulon en direction de Nice<\/strong>\u00a0: fermeture du <strong>tunnel<\/strong> et de l&rsquo;<strong>A57<\/strong> jusqu&rsquo;\u00e0 La Valette-Sud, de 21h \u00e0 6h.<\/li>\n<\/ul>\n<p>Nuit du jeudi 21 au vendredi 22 ao\u00fbt 205<\/p>\n<ul>\n<li><strong>A Toulon en direction de Nice<\/strong>\u00a0: fermeture du <strong>tunnel<\/strong>, de l&rsquo;acc\u00e8s \u00e0 l&rsquo;A57 depuis le centre-ville et de l&rsquo;<strong>A57<\/strong> entre Sainte-Musse et l&rsquo;A570, de 21h \u00e0 6h.<\/li>\n<\/ul>\n<ul class=\"SocialNetworks svelte-bt5901\">\n<li class=\"svelte-bt5901\"><\/li>\n<li class=\"svelte-bt5901\"><\/li>\n<li class=\"svelte-bt5901\"><\/li>\n<li class=\"svelte-bt5901\"><\/li>\n<li class=\"svelte-bt5901\"><\/li>\n<\/ul>\n","protected":false},"excerpt":{"rendered":"Panneau travaux \u00a9 Radio France &#8211; C\u00e9dric Fr\u00e9mi Publi\u00e9 le lundi 18 ao\u00fbt 2025 \u00e0 15:42 ICI Provence&hellip;\n","protected":false},"author":2,"featured_media":328319,"comment_status":"","ping_status":"","sticky":false,"template":"","format":"standard","meta":{"footnotes":""},"categories":[9619],"tags":[1111,11,1777,674,1011,27,12,882,25,2310],"class_list":{"0":"post-328318","1":"post","2":"type-post","3":"status-publish","4":"format-standard","5":"has-post-thumbnail","7":"category-toulon","8":"tag-actu","9":"tag-actualites","10":"tag-eu","11":"tag-europe","12":"tag-fr","13":"tag-france","14":"tag-news","15":"tag-provence-alpes-cote-dazur","16":"tag-republique-francaise","17":"tag-toulon"},"share_on_mastodon":{"url":"https:\/\/pubeurope.com\/@fr\/115052957151687916","error":""},"_links":{"self":[{"href":"https:\/\/www.europesays.com\/fr\/wp-json\/wp\/v2\/posts\/328318","targetHints":{"allow":["GET"]}}],"collection":[{"href":"https:\/\/www.europesays.com\/fr\/wp-json\/wp\/v2\/posts"}],"about":[{"href":"https:\/\/www.europesays.com\/fr\/wp-json\/wp\/v2\/types\/post"}],"author":[{"embeddable":true,"href":"https:\/\/www.europesays.com\/fr\/wp-json\/wp\/v2\/users\/2"}],"replies":[{"embeddable":true,"href":"https:\/\/www.europesays.com\/fr\/wp-json\/wp\/v2\/comments?post=328318"}],"version-history":[{"count":0,"href":"https:\/\/www.europesays.com\/fr\/wp-json\/wp\/v2\/posts\/328318\/revisions"}],"wp:featuredmedia":[{"embeddable":true,"href":"https:\/\/www.europesays.com\/fr\/wp-json\/wp\/v2\/media\/328319"}],"wp:attachment":[{"href":"https:\/\/www.europesays.com\/fr\/wp-json\/wp\/v2\/media?parent=328318"}],"wp:term":[{"taxonomy":"category","embeddable":true,"href":"https:\/\/www.europesays.com\/fr\/wp-json\/wp\/v2\/categories?post=328318"},{"taxonomy":"post_tag","embeddable":true,"href":"https:\/\/www.europesays.com\/fr\/wp-json\/wp\/v2\/tags?post=328318"}],"curies":[{"name":"wp","href":"https:\/\/api.w.org\/{rel}","templated":true}]}}