{"id":328320,"date":"2025-08-19T01:59:11","date_gmt":"2025-08-19T01:59:11","guid":{"rendered":"https:\/\/www.europesays.com\/fr\/328320\/"},"modified":"2025-08-19T01:59:11","modified_gmt":"2025-08-19T01:59:11","slug":"des-epiciers-de-nuit-condamnes-a-montpellier-le-cri-dalarme-de-la-spa-deux-nouvelles-prisons-lessentiel-de-lactu-en-region","status":"publish","type":"post","link":"https:\/\/www.europesays.com\/fr\/328320\/","title":{"rendered":"Des \u00e9piciers de nuit condamn\u00e9s \u00e0 Montpellier, le cri d\u2019alarme de la SPA, deux nouvelles prisons\u2026 l\u2019essentiel de l\u2019actu en r\u00e9gion"},"content":{"rendered":"<p>\n                                                                Chaque soir \u00e0 20\u00a0h\u00a030, retrouvez les 5 informations r\u00e9gionales de la journ\u00e9e qu\u2019il ne fallait pas rater.\n                            <\/p>\n<p>Deux nouvelles prisons dans le Gard<\/p>\n<p><strong>#N\u00ceMES \u2013<\/strong> L\u2019extension de la maison d\u2019arr\u00eat de N\u00eemes sera la premi\u00e8re \u00e9tape en termes de cr\u00e9ation de places suppl\u00e9mentaires pour les d\u00e9tenus dans le Gard. \u00c0 N\u00eemes, o\u00f9 la surpopulation carc\u00e9rale se situe autour de 256\u00a0% selon le syndicat Ufap, la cr\u00e9ation de 140 places suppl\u00e9mentaire permettra de r\u00e9soudre temporairement une partie de la probl\u00e9matique. Un deuxi\u00e8me \u00e9tablissement devrait voir le jour en 2028 sur l\u2019ancienne base Oc\u2019via, au sud de N\u00eemes. Il fait partie d\u2019un programme national de construction de nouveaux b\u00e2timents de d\u00e9tention.<\/p>\n<p>Le chiffre du jour\u00a0: 1,2\u00a0million<\/p>\n<p><strong>#B\u00c9ZIERS \u2013 <\/strong>C\u2019est le nombre de visiteurs qui ont particip\u00e9 <a href=\"https:\/\/www.midilibre.fr\/2025\/08\/17\/jai-fini-par-me-laisser-tenter-et-jai-saute-dans-le-tas-un-paquito-geant-organise-sur-les-allees-12879283.php\" target=\"_self\" rel=\"nofollow noopener\">durant cinq jours du 13 au 17\u00a0ao\u00fbt 2025<\/a> \u00e0 la Feria de B\u00e9ziers. Un record absolu de fr\u00e9quentation. \u00ab\u00a0On n\u2019a jamais eu autant de monde, indique le maire Robert M\u00e9nard. Un million deux cent mille personnes, c\u2019est plus 10\u00a0% par rapport \u00e0 l\u2019an dernier (1,025\u00a0million en 2024).\u00a0\u00bb La fr\u00e9quentation des corridas a, elle aussi, connu une embellie avec 28\u00a0744 entr\u00e9es, contre 25\u00a0500 en 2024, soit 13\u00a0% de plus.<\/p>\n<p>Des cas de gale dans une clinique<\/p>\n<p><strong>#PYR\u00c9N\u00c9ES-ORIENTALES \u2013<\/strong><strong> <\/strong>\u00ab\u00a0Depuis quinze jours, plusieurs soignants sont atteints de la gale \u00e0 M\u00e9dip\u00f4le\u00a0\u00bb, explique Soraya (pr\u00e9nom d\u2019emprunt), infirmi\u00e8re au sein de la polyclinique du groupe Elsan \u00e0 Cabestany (P-O). Selon elle, tout a commenc\u00e9 mi-juillet\u00a02025, lorsqu\u2019un patient \u00e2g\u00e9 atteint d\u2019un cancer qui pr\u00e9sente des l\u00e9sions cutan\u00e9es, est op\u00e9r\u00e9, puis plac\u00e9 en unit\u00e9 de soins continus. Il d\u00e9c\u00e8de le 18\u00a0juillet. Quelques jours plus tard, le service est inform\u00e9 que sa veuve, hospitalis\u00e9e \u00e0 la clinique Saint-Pierre, est porteuse de la gale. Une semaine plus tard, les cas de gale recens\u00e9s seraient \u00ab\u00a0une dizaine\u00a0\u00bb et les salari\u00e9s identifi\u00e9s comme cas contact ont commenc\u00e9 \u00e0 recevoir des mails de la direction. L\u2019infirmi\u00e8re, elle, estime que ces cas contact concerneraient pr\u00e8s de 200 collaborateurs et les salari\u00e9s sont inquiets pour les patients. Chiffre que conteste la direction. Les salari\u00e9s porteurs de la gale ont re\u00e7u un traitement pr\u00e9ventif et la direction a inform\u00e9 l\u2019ARS.<\/p>\n<p>Des \u00e9piciers de nuit condamn\u00e9s<\/p>\n<p><strong>#MONTPELLIER \u2013<\/strong> De f\u00e9vrier \u00e0 juin\u00a02025,<a href=\"https:\/\/www.midilibre.fr\/2025\/08\/18\/vente-illegale-de-tabacs-et-de-protoxyde-dazote-trois-tenanciers-depiceries-de-nuit-montpellieraines-condamnes-12876003.php\" target=\"_self\" rel=\"nofollow noopener\"> les policiers ont mis au jour un trafic de cigarettes<\/a> et de vente de bonbonnes de protoxyde d\u2019azote dans quatre \u00e9piceries de nuit de Montpellier. \u00ab\u00a0Une belle enqu\u00eate\u00a0\u00bb\u00a0qui a abouti, mercredi 13\u00a0ao\u00fbt 2025 \u00e0 la comparution de cinq hommes, dont trois g\u00e9rants, devant le tribunal judiciaire. Une premi\u00e8re pour ce type d\u2019infractions g\u00e9n\u00e9ralement sanctionn\u00e9es par des fermetures administratives d\u00e9cid\u00e9es par la pr\u00e9fecture. Les cinq hommes, de 20 \u00e0 33 ans, occupaient des r\u00f4les divers dans le trafic. Deux g\u00e9rants ont \u00e9t\u00e9 condamn\u00e9s \u00e0 trois ans de prison dont deux avec sursis et le troisi\u00e8me \u00e0 30 mois dont 24 avec sursis et interdiction de g\u00e9rer un commerce.<\/p>\n<p>Animaux abandonn\u00e9s\u00a0: le cri d\u2019alerte de la SPA<\/p>\n<p><strong>#H\u00c9RAULT \u2013<\/strong> \u00ab\u00a0Le refuge est satur\u00e9, on a actuellement environ 150 chiens et autant plac\u00e9s en fourri\u00e8re \u00e0 c\u00f4t\u00e9.\u00a0\u00bb Sous la chaleur de plomb et le manque de places, les petits pensionnaires attendent qu\u2019une personne veuille bien les adopter. \u00c0 la<a href=\"https:\/\/spa-montpellier.org\/\" target=\"_self\" rel=\"nofollow noopener\"> SPA de Montpellier<\/a>, la liste des arrivants s\u2019allonge pendant que les d\u00e9parts, eux, sont rares. Dominique Ramadier, l\u2019une des 300 b\u00e9n\u00e9voles, est tr\u00e8s inqui\u00e8te\u00a0: \u00ab\u00a0Nous avons lanc\u00e9 un appel aux dons car nous ne nous en sortons plus. Le co\u00fbt d\u2019entretien pour nourrir et soigner les animaux explose.\u00a0\u00bb Malheureusement, la tendance \u00e0 abandonner son chien l\u2019\u00e9t\u00e9 est loin de s\u2019essouffler. Mais attention, ici, on n\u2019adopte pas \u00e0 la l\u00e9g\u00e8re\u00a0: \u00ab\u00a0On ne brade pas les chiens\u00a0\u00bb, explique-t-elle.<\/p>\n","protected":false},"excerpt":{"rendered":"Chaque soir \u00e0 20\u00a0h\u00a030, retrouvez les 5 informations r\u00e9gionales de la journ\u00e9e qu\u2019il ne fallait pas rater. Deux&hellip;\n","protected":false},"author":2,"featured_media":328321,"comment_status":"","ping_status":"","sticky":false,"template":"","format":"standard","meta":{"footnotes":""},"categories":[9599],"tags":[1111,11,1777,674,1011,27,2208,12,2680,25],"class_list":{"0":"post-328320","1":"post","2":"type-post","3":"status-publish","4":"format-standard","5":"has-post-thumbnail","7":"category-montpellier","8":"tag-actu","9":"tag-actualites","10":"tag-eu","11":"tag-europe","12":"tag-fr","13":"tag-france","14":"tag-montpellier","15":"tag-news","16":"tag-occitanie","17":"tag-republique-francaise"},"share_on_mastodon":{"url":"https:\/\/pubeurope.com\/@fr\/115052961032024251","error":""},"_links":{"self":[{"href":"https:\/\/www.europesays.com\/fr\/wp-json\/wp\/v2\/posts\/328320","targetHints":{"allow":["GET"]}}],"collection":[{"href":"https:\/\/www.europesays.com\/fr\/wp-json\/wp\/v2\/posts"}],"about":[{"href":"https:\/\/www.europesays.com\/fr\/wp-json\/wp\/v2\/types\/post"}],"author":[{"embeddable":true,"href":"https:\/\/www.europesays.com\/fr\/wp-json\/wp\/v2\/users\/2"}],"replies":[{"embeddable":true,"href":"https:\/\/www.europesays.com\/fr\/wp-json\/wp\/v2\/comments?post=328320"}],"version-history":[{"count":0,"href":"https:\/\/www.europesays.com\/fr\/wp-json\/wp\/v2\/posts\/328320\/revisions"}],"wp:featuredmedia":[{"embeddable":true,"href":"https:\/\/www.europesays.com\/fr\/wp-json\/wp\/v2\/media\/328321"}],"wp:attachment":[{"href":"https:\/\/www.europesays.com\/fr\/wp-json\/wp\/v2\/media?parent=328320"}],"wp:term":[{"taxonomy":"category","embeddable":true,"href":"https:\/\/www.europesays.com\/fr\/wp-json\/wp\/v2\/categories?post=328320"},{"taxonomy":"post_tag","embeddable":true,"href":"https:\/\/www.europesays.com\/fr\/wp-json\/wp\/v2\/tags?post=328320"}],"curies":[{"name":"wp","href":"https:\/\/api.w.org\/{rel}","templated":true}]}}