{"id":328324,"date":"2025-08-19T02:05:18","date_gmt":"2025-08-19T02:05:18","guid":{"rendered":"https:\/\/www.europesays.com\/fr\/328324\/"},"modified":"2025-08-19T02:05:18","modified_gmt":"2025-08-19T02:05:18","slug":"stade-lavallois-les-tango-veulent-confirmer-face-a-grenoble-sport","status":"publish","type":"post","link":"https:\/\/www.europesays.com\/fr\/328324\/","title":{"rendered":"Stade lavallois. Les Tango veulent confirmer face \u00e0 Grenoble . Sport"},"content":{"rendered":"<tr wp_automatic_readability=\"4.88\">\n<td valign=\"middle\" align=\"center\" class=\"col-logo\" wp_automatic_readability=\"5\">\n    <img decoding=\"async\" src=\"https:\/\/maville.com\/design\/images\/logo-of-monetise.svg?version=20130627\" alt=\"logo Ouest-France\" height=\"66\"\/><\/p>\n<p>Contenu r\u00e9serv\u00e9 aux abonn\u00e9s<\/p>\n<\/td>\n<td class=\"col-titre\">\n\t\t\tVendredi 15 ao\u00fbt 2025 06:54<br \/>\n\t\t\t<a class=\"icon-bulle sizeL count\" href=\"#ancreAvis\"><br \/>\n\t&#8230;<br \/>\n<\/a><\/td>\n<\/tr>\n<p>\t\t<a class=\"mavillebox2 elmt-photo\" href=\"https:\/\/maville.com\/photosmvi\/2025\/08\/15\/P35406848D6935785G.jpg\" title=\" Malik Tchokount\u00e9 a inscrit un doubl\u00e9 face \u00e0 l\u2019ASSE.  \u00a9  Vincent Michel \/ Ouest-France  &lt;!--TAG-BLC credit--&gt;\" rel=\"galerie_actu noopener\" target=\"_blank\"><br \/>\n\t<img decoding=\"async\" src=\"https:\/\/www.europesays.com\/fr\/wp-content\/uploads\/2025\/08\/P35406848D6935785G_crop_640-330_.jpg\" alt=\"photo  malik tchokount\u00e9 a inscrit un doubl\u00e9 face \u00e0 l\u2019asse.  \u00a9  vincent michel \/ ouest-france \"\/><br \/>\n\t1<br \/>\n<\/a><\/p>\n<p class=\"elmt-legende\"> Malik Tchokount\u00e9 a inscrit un doubl\u00e9 face \u00e0 l\u2019ASSE.  \u00a9  Vincent Michel \/ Ouest-France  <\/p>\n<p>\t\tVendredi 15\u00a0ao\u00fbt (20\u00a0h), les Tango se d\u00e9placeront au stade des Alpes pour affronter les Is\u00e9rois de Grenoble. Apr\u00e8s un premier match convaincant, il faut d\u00e9sormais confirmer, face \u00e0 une \u00e9quipe du calibre du Stade lavallois.Ligue 2. Grenoble &#8211; Stade lavallois, vendredi (20\u00a0h). Les Tango se d\u00e9placent aujourd\u2019hui pour leur deuxi\u00e8me match de championnat. Apr\u00e8s un point face \u00e0 l\u2019ASSE, l\u2019heure est \u00e0 la confirmation.<\/p>\n<p><b>Cet article est r\u00e9serv\u00e9 aux abonn\u00e9s<\/b><\/p>\n<p>Pour un acc\u00e8s imm\u00e9diat, abonnez-vous<\/p>\n<p><b>1\u00e8re semaine offerte<\/b><\/p>\n<p>\t\t Anna BEHAR. \u00a0\u00a0<br \/>\n\t\tOuest-France<\/p>\n<p>Retrouvez d&rsquo;autres actus sur la commune de :<\/p>\n<p>\t\t&#13;<\/p>\n","protected":false},"excerpt":{"rendered":"Contenu r\u00e9serv\u00e9 aux abonn\u00e9s Vendredi 15 ao\u00fbt 2025 06:54 &#8230; 1 Malik Tchokount\u00e9 a inscrit un doubl\u00e9 face&hellip;\n","protected":false},"author":2,"featured_media":328325,"comment_status":"","ping_status":"","sticky":false,"template":"","format":"standard","meta":{"footnotes":""},"categories":[9566],"tags":[1111,11,2430,3809,1465,1777,674,63,1011,27,2731,1792,1922,2693,12,25,479,517,1470],"class_list":{"0":"post-328324","1":"post","2":"type-post","3":"status-publish","4":"format-standard","5":"has-post-thumbnail","7":"category-grenoble","8":"tag-actu","9":"tag-actualites","10":"tag-auvergne-rhone-alpes","11":"tag-ball","12":"tag-basket","13":"tag-eu","14":"tag-europe","15":"tag-football","16":"tag-fr","17":"tag-france","18":"tag-grenoble","19":"tag-handball","20":"tag-info","21":"tag-laval","22":"tag-news","23":"tag-republique-francaise","24":"tag-rugby","25":"tag-sport","26":"tag-volley"},"share_on_mastodon":{"url":"https:\/\/pubeurope.com\/@fr\/115052984826860104","error":""},"_links":{"self":[{"href":"https:\/\/www.europesays.com\/fr\/wp-json\/wp\/v2\/posts\/328324","targetHints":{"allow":["GET"]}}],"collection":[{"href":"https:\/\/www.europesays.com\/fr\/wp-json\/wp\/v2\/posts"}],"about":[{"href":"https:\/\/www.europesays.com\/fr\/wp-json\/wp\/v2\/types\/post"}],"author":[{"embeddable":true,"href":"https:\/\/www.europesays.com\/fr\/wp-json\/wp\/v2\/users\/2"}],"replies":[{"embeddable":true,"href":"https:\/\/www.europesays.com\/fr\/wp-json\/wp\/v2\/comments?post=328324"}],"version-history":[{"count":0,"href":"https:\/\/www.europesays.com\/fr\/wp-json\/wp\/v2\/posts\/328324\/revisions"}],"wp:featuredmedia":[{"embeddable":true,"href":"https:\/\/www.europesays.com\/fr\/wp-json\/wp\/v2\/media\/328325"}],"wp:attachment":[{"href":"https:\/\/www.europesays.com\/fr\/wp-json\/wp\/v2\/media?parent=328324"}],"wp:term":[{"taxonomy":"category","embeddable":true,"href":"https:\/\/www.europesays.com\/fr\/wp-json\/wp\/v2\/categories?post=328324"},{"taxonomy":"post_tag","embeddable":true,"href":"https:\/\/www.europesays.com\/fr\/wp-json\/wp\/v2\/tags?post=328324"}],"curies":[{"name":"wp","href":"https:\/\/api.w.org\/{rel}","templated":true}]}}