{"id":328326,"date":"2025-08-19T02:06:24","date_gmt":"2025-08-19T02:06:24","guid":{"rendered":"https:\/\/www.europesays.com\/fr\/328326\/"},"modified":"2025-08-19T02:06:24","modified_gmt":"2025-08-19T02:06:24","slug":"a-rennes-philippe-cognee-detruit-pour-mieux-retransformer-ses-portraits","status":"publish","type":"post","link":"https:\/\/www.europesays.com\/fr\/328326\/","title":{"rendered":"\u00c0\u00a0Rennes, Philippe Cogn\u00e9e \u00ab\u00a0d\u00e9truit pour mieux retransformer\u00a0\u00bb ses portraits"},"content":{"rendered":"<p><strong>\u00ab\u00a0L\u2019excitation, c\u2019est d\u2019aller jusqu\u2019au bout, quitte \u00e0 tout d\u00e9truire pour mieux retransformer et retravailler le petit d\u00e9tail qui fera la diff\u00e9rence\u00a0!\u00a0\u00bb<\/strong> Jusqu\u2019au 13\u00a0septembre 2025, Philippe Cogn\u00e9e pr\u00e9sente ses encaustiques (peintures pr\u00e9par\u00e9es \u00e0 base de cire) \u00e0 <a href=\"https:\/\/www.oniris.art\/exhibitions\/88-philippe-cognee-portraits-exposition-personnelle\/\" target=\"_blank\" rel=\"noopener\">la galerie Oniris<\/a> \u00e0 Rennes (Ille-et-Vilaine).<\/p>\n<p>\t<img decoding=\"async\" src=\"https:\/\/www.europesays.com\/fr\/wp-content\/uploads\/2025\/08\/P35409073D6937142G_px_640_.jpg\" alt=\"photo philippe cogn\u00e9e r\u00e9alise des portraits \u00e0 l\u2019encaustique, c\u2019est-\u00e0-dire avec des peintures pr\u00e9par\u00e9es \u00e0 base de cire.  \u00a9  ouest-france\" width=\"640\" title=\" Philippe Cogn\u00e9e r\u00e9alise des portraits \u00e0 l\u2019encaustique, c\u2019est-\u00e0-dire avec des peintures pr\u00e9par\u00e9es \u00e0 base de cire.   Ouest-France \"\/><\/p>\n<p class=\"elmt-legende\"> Philippe Cogn\u00e9e r\u00e9alise des portraits \u00e0 l\u2019encaustique, c\u2019est-\u00e0-dire avec des peintures pr\u00e9par\u00e9es \u00e0 base de cire.   Ouest-France <\/p>\n<p>\u00ab\u00a0Susciter la fascination\u00a0\u00bb<\/p>\n<p><strong>\u00ab\u00a0Je pars d\u2019autoportraits sur lesquels je repasse un bon nombre de fois. Je peins en chauffant mes pigments de couleur m\u00e9lang\u00e9s \u00e0 de la cire d\u2019abeille. Je joue avec le feu en repassant jusqu\u2019\u00e0 ce que l\u2019image premi\u00e8re disparaisse\u00a0\u00bb<\/strong>, d\u00e9crit l\u2019artiste nantais. En choisissant l\u2019encaustique, il parvient \u00e0 obtenir le myst\u00e8re qu\u2019il recherche dans ses \u0153uvres. <strong>\u00ab\u00a0Elles doivent susciter la fascination. On ne doit pas compl\u00e8tement d\u00e9couvrir l\u2019image qui s\u2019y cache\u00a0\u00bb<\/strong>, estime le peintre. Un objectif pas toujours facile \u00e0 atteindre. <strong>\u00ab\u00a0Parfois, je travaille pendant deux\u00a0mois et je rate\u00a0\u00bb<\/strong>, sourit Philippe Cogn\u00e9e, en se rappelant<strong> \u00ab\u00a0le nombre de toiles jet\u00e9es\u00a0\u00bb<\/strong>.<\/p>\n<p>\u00ab\u00a0Attraper le regard\u00a0\u00bb<\/p>\n<p>Avec un tel processus de travail, comment savoir \u00e0 quel moment s\u2019arr\u00eater\u00a0? <strong>\u00ab\u00a0Je ne sais pas<\/strong>, glisse honn\u00eatement l\u2019artiste. <strong>C\u2019est comme marcher sur une falaise\u00a0: il faut aller au bord de la limite sans tomber\u2026\u00a0\u00bb<\/strong><\/p>\n<p>Sur l\u2019autoportrait choisi, il attire l\u2019attention sur l\u2019\u0153il\u00a0: <strong>\u00ab\u00a0Je l\u2019ai laiss\u00e9 tel quel car il attrape le regard. Il est tr\u00e8s pr\u00e9cis alors qu\u2019autour de l\u2019oreille, on trouve une flaque de mati\u00e8re. Ce qui m\u2019int\u00e9resse, c\u2019est d\u2019\u00e9chapper \u00e0 la repr\u00e9sentation et d\u2019\u00eatre dans l\u2019incarnation.\u00a0\u00bb<\/strong><\/p>\n<p>Car, comme au Couvent des Jacobins avec l\u2019exposition Les Yeux dans les yeux, la galerie Oniris a repris la th\u00e9matique du portrait. <strong>\u00ab\u00a0Cela fait plus de huit ans que nous travaillons avec Philippe<strong>,<\/strong> <\/strong>raconte Florent Paumelle, directeur du lieu.<strong> D\u00e8s que je lui en ai parl\u00e9, il m\u2019a directement dit qu\u2019il \u00e9tait aussi capable de se concentrer sur du portrait\u00a0!\u00a0\u00bb<\/strong><\/p>\n<p>\u00ab\u00a0L\u2019encaustique au B\u00e9nin\u00a0\u00bb<\/p>\n<p>Une mission remplie par l\u2019artiste de 68\u00a0ans, qui ma\u00eetrise l\u2019encaustique depuis son plus jeune \u00e2ge. <strong>\u00ab\u00a0De mes 5 \u00e0 17\u00a0ans, j\u2019ai v\u00e9cu au B\u00e9nin. J\u2019y ai appris l\u2019encaustique. Je voyais ces tissus sur lesquels la cire emp\u00eachait les couleurs d\u2019attaquer. J\u2019ai donc appris <a href=\"https:\/\/quimper.maville.com\/bretagne\/finistere\/quimperle\/pays-de-quimperle-le-batik-l-art-de-creer-pour-se-rapprocher-6600331\" target=\"_blank\" rel=\"noopener\">le batik<\/a> <\/strong>(teinture r\u00e9sistante \u00e0 la cire appliqu\u00e9e sur l\u2019ensemble du tissu)<strong> puis, \u00e0 mon arriv\u00e9e aux Beaux-Arts, j\u2019ai retravaill\u00e9 \u00e7a\u00a0\u00bb<\/strong>, retrace Philippe Cogn\u00e9e.<\/p>\n<p>Sur toile, le r\u00e9sultat fonctionne parfaitement\u00a0: les premiers spectateurs sont fascin\u00e9s. Les surcouches viennent appuyer les \u00e9motions et les regards des peintures de l\u2019artiste. Pari gagn\u00e9\u00a0!<\/p>\n<p>\u00a0<\/p>\n","protected":false},"excerpt":{"rendered":"\u00ab\u00a0L\u2019excitation, c\u2019est d\u2019aller jusqu\u2019au bout, quitte \u00e0 tout d\u00e9truire pour mieux retransformer et retravailler le petit d\u00e9tail qui&hellip;\n","protected":false},"author":2,"featured_media":328327,"comment_status":"","ping_status":"","sticky":false,"template":"","format":"standard","meta":{"footnotes":""},"categories":[2821],"tags":[1111,11,829,46537,7787,1777,674,1011,27,32557,12,6284,4853,584,25,46538],"class_list":{"0":"post-328326","1":"post","2":"type-post","3":"status-publish","4":"format-standard","5":"has-post-thumbnail","7":"category-rennes","8":"tag-actu","9":"tag-actualites","10":"tag-bretagne","11":"tag-cognee","12":"tag-detruit","13":"tag-eu","14":"tag-europe","15":"tag-fr","16":"tag-france","17":"tag-mieux","18":"tag-news","19":"tag-philippe","20":"tag-portraits","21":"tag-rennes","22":"tag-republique-francaise","23":"tag-retransformer"},"share_on_mastodon":{"url":"https:\/\/pubeurope.com\/@fr\/115052988668569365","error":""},"_links":{"self":[{"href":"https:\/\/www.europesays.com\/fr\/wp-json\/wp\/v2\/posts\/328326","targetHints":{"allow":["GET"]}}],"collection":[{"href":"https:\/\/www.europesays.com\/fr\/wp-json\/wp\/v2\/posts"}],"about":[{"href":"https:\/\/www.europesays.com\/fr\/wp-json\/wp\/v2\/types\/post"}],"author":[{"embeddable":true,"href":"https:\/\/www.europesays.com\/fr\/wp-json\/wp\/v2\/users\/2"}],"replies":[{"embeddable":true,"href":"https:\/\/www.europesays.com\/fr\/wp-json\/wp\/v2\/comments?post=328326"}],"version-history":[{"count":0,"href":"https:\/\/www.europesays.com\/fr\/wp-json\/wp\/v2\/posts\/328326\/revisions"}],"wp:featuredmedia":[{"embeddable":true,"href":"https:\/\/www.europesays.com\/fr\/wp-json\/wp\/v2\/media\/328327"}],"wp:attachment":[{"href":"https:\/\/www.europesays.com\/fr\/wp-json\/wp\/v2\/media?parent=328326"}],"wp:term":[{"taxonomy":"category","embeddable":true,"href":"https:\/\/www.europesays.com\/fr\/wp-json\/wp\/v2\/categories?post=328326"},{"taxonomy":"post_tag","embeddable":true,"href":"https:\/\/www.europesays.com\/fr\/wp-json\/wp\/v2\/tags?post=328326"}],"curies":[{"name":"wp","href":"https:\/\/api.w.org\/{rel}","templated":true}]}}