{"id":328334,"date":"2025-08-19T02:11:10","date_gmt":"2025-08-19T02:11:10","guid":{"rendered":"https:\/\/www.europesays.com\/fr\/328334\/"},"modified":"2025-08-19T02:11:10","modified_gmt":"2025-08-19T02:11:10","slug":"nice-signe-un-buteur-espagnol","status":"publish","type":"post","link":"https:\/\/www.europesays.com\/fr\/328334\/","title":{"rendered":"Nice signe un buteur espagnol"},"content":{"rendered":"<p><strong>L\u2019OGC Nice \u00e9tait \u00e0 la recherche d\u2019un buteur. Les Aiglons ont officialis\u00e9 ce lundi l\u2019arriv\u00e9e d\u2019un attaquant espagnol. <\/strong><\/p>\n<p>Evann Guessand parti renforcer l\u2019effectif d\u2019Aston Villa, Nice devrait trouver son rempla\u00e7ant. Les Aiglons ont activ\u00e9 plusieurs pistes. Notamment <a href=\"https:\/\/www.les-transferts.com\/rumeurs-transferts\/ogc-nice-un-attaquant-francais-de-pl-interesse-par-le-projet\/\" rel=\"nofollow noopener\" target=\"_blank\">celle de l\u2019attaquant fran\u00e7ais Odsonne Edouard<\/a> qui \u00e9volue \u00e0 Crystal Palace. Mais les discussions discussions pour le transfert du joueur de 27 ans ont \u00e9t\u00e9 bloqu\u00e9es. <\/p>\n<p>Les dirigeants de <a href=\"https:\/\/www.les-transferts.com\/club\/nice\/\" rel=\"nofollow noopener\" target=\"_blank\">Nice<\/a> sont alors pass\u00e9s \u00e0 autre chose. Ce lundi, <strong>ils ont officialis\u00e9 le recrutement de Kevin Carlos<\/strong>. Le club fran\u00e7ais <strong>a d\u00e9bours\u00e9 6 millions d\u2019euros<\/strong> et poss\u00e8de d\u00e9sormais la propri\u00e9t\u00e9 du joueur <strong>jusqu\u2019en juin 2030<\/strong>. <\/p>\n<\/p>\n<p>Inconnu du grand public, Kevin Carlos <strong>a tout de m\u00eame inscrit15 buts en 40 matchs toutes comp\u00e9titions confondues<\/strong> la saison derni\u00e8re sous les couleurs du FC B\u00e2le <\/p>\n<p>Fan inconditionnel du Bar\u00e7a, je d\u00e9bute ma carri\u00e8re de journaliste en 2015. J\u2019ai couvert la CAN 2017 au Gabon et le mondial 2022 au Qatar entre autres. Commentateur des matchs foot, j\u2019ai r\u00e9cemment pris go\u00fbt pour l\u2019EuroLeague de Basket dont mon joueur pr\u00e9f\u00e9r\u00e9 est Facundo Campazzo.<\/p>\n","protected":false},"excerpt":{"rendered":"L\u2019OGC Nice \u00e9tait \u00e0 la recherche d\u2019un buteur. Les Aiglons ont officialis\u00e9 ce lundi l\u2019arriv\u00e9e d\u2019un attaquant espagnol.&hellip;\n","protected":false},"author":2,"featured_media":328335,"comment_status":"","ping_status":"","sticky":false,"template":"","format":"standard","meta":{"footnotes":""},"categories":[2819],"tags":[1111,11,1777,674,1011,27,12,2401,882,25],"class_list":{"0":"post-328334","1":"post","2":"type-post","3":"status-publish","4":"format-standard","5":"has-post-thumbnail","7":"category-nice","8":"tag-actu","9":"tag-actualites","10":"tag-eu","11":"tag-europe","12":"tag-fr","13":"tag-france","14":"tag-news","15":"tag-nice","16":"tag-provence-alpes-cote-dazur","17":"tag-republique-francaise"},"share_on_mastodon":{"url":"https:\/\/pubeurope.com\/@fr\/115053008411700656","error":""},"_links":{"self":[{"href":"https:\/\/www.europesays.com\/fr\/wp-json\/wp\/v2\/posts\/328334","targetHints":{"allow":["GET"]}}],"collection":[{"href":"https:\/\/www.europesays.com\/fr\/wp-json\/wp\/v2\/posts"}],"about":[{"href":"https:\/\/www.europesays.com\/fr\/wp-json\/wp\/v2\/types\/post"}],"author":[{"embeddable":true,"href":"https:\/\/www.europesays.com\/fr\/wp-json\/wp\/v2\/users\/2"}],"replies":[{"embeddable":true,"href":"https:\/\/www.europesays.com\/fr\/wp-json\/wp\/v2\/comments?post=328334"}],"version-history":[{"count":0,"href":"https:\/\/www.europesays.com\/fr\/wp-json\/wp\/v2\/posts\/328334\/revisions"}],"wp:featuredmedia":[{"embeddable":true,"href":"https:\/\/www.europesays.com\/fr\/wp-json\/wp\/v2\/media\/328335"}],"wp:attachment":[{"href":"https:\/\/www.europesays.com\/fr\/wp-json\/wp\/v2\/media?parent=328334"}],"wp:term":[{"taxonomy":"category","embeddable":true,"href":"https:\/\/www.europesays.com\/fr\/wp-json\/wp\/v2\/categories?post=328334"},{"taxonomy":"post_tag","embeddable":true,"href":"https:\/\/www.europesays.com\/fr\/wp-json\/wp\/v2\/tags?post=328334"}],"curies":[{"name":"wp","href":"https:\/\/api.w.org\/{rel}","templated":true}]}}