{"id":328336,"date":"2025-08-19T02:12:17","date_gmt":"2025-08-19T02:12:17","guid":{"rendered":"https:\/\/www.europesays.com\/fr\/328336\/"},"modified":"2025-08-19T02:12:17","modified_gmt":"2025-08-19T02:12:17","slug":"recompenses-du-prix-des-arts-visuels-quatre-artistes-nantais-exposent-jusqua-fin-aout","status":"publish","type":"post","link":"https:\/\/www.europesays.com\/fr\/328336\/","title":{"rendered":"R\u00e9compens\u00e9s du prix des arts visuels, quatre artistes nantais exposent jusqu\u2019\u00e0 fin ao\u00fbt"},"content":{"rendered":"<p>Tous les ans, la Ville de Nantes d\u00e9cerne son <a href=\"https:\/\/rennes.maville.com\/actu\/actudet_-la-valeur-inestimable-du-prix-des-arts-visuels_52716-3119744_actu.Htm\" target=\"_blank\" rel=\"noopener\">prix des arts visuels<\/a>, consistant en une enveloppe de plusieurs milliers d\u2019euros, un acc\u00e8s \u00e0 un atelier de cr\u00e9ation et une exposition dans ce bel espace, d\u2019anciennes \u00e9curies r\u00e9habilit\u00e9es servant d\u2019\u00e9crin aux travaux d\u2019artistes contemporains locaux. Cette ann\u00e9e, les laur\u00e9ats se nomment Cl\u00e9lia Berthier, Meg Boury, Margaux Mo\u00ebllic et Igor Porte.<\/p>\n<p>\t<img decoding=\"async\" src=\"https:\/\/www.europesays.com\/fr\/wp-content\/uploads\/2025\/08\/P35411997D6938864G_px_640_.jpg\" alt=\"photo l\u2019espace de la galerie l\u2019atelier vaut \u00e0 lui seul le d\u00e9tour, avec ses poutres et vieilles pierres apparentes, sa toiture verri\u00e8re et ses pav\u00e9s, il est le contenant idoine \u00e0 un contenu arty contemporain.  \u00a9  ouest-france\" width=\"640\" title=\" L\u2019espace de la galerie l\u2019Atelier vaut \u00e0 lui seul le d\u00e9tour, avec ses poutres et vieilles pierres apparentes, sa toiture verri\u00e8re et ses pav\u00e9s, il est le contenant idoine \u00e0 un contenu arty contemporain.   Ouest-France \"\/><\/p>\n<p class=\"elmt-legende\"> L\u2019espace de la galerie l\u2019Atelier vaut \u00e0 lui seul le d\u00e9tour, avec ses poutres et vieilles pierres apparentes, sa toiture verri\u00e8re et ses pav\u00e9s, il est le contenant idoine \u00e0 un contenu arty contemporain.   Ouest-France <\/p>\n<p>Entre d\u00e9routement, nourriture spirituelle et questionnement autour des notions de m\u00e9moire et d\u2019identit\u00e9, Histoires de rien, temp\u00eate de tout est une \u00a0exposition refuge qui invite \u00e0 r\u00e9inventer ensemble l\u2019intimit\u00e9 de nos \u00e9cosyst\u00e8mes\u00a0\u00bb. Alliant sculpture culinaire, performance, installation, th\u00e9\u00e2tre d\u2019objet et son, c\u2019est une c\u00e9l\u00e9bration de l\u2019intime.<\/p>\n<p>Des performances musicales fin ao\u00fbt<\/p>\n<p>Focalis\u00e9e autour de l\u2019objet, la sc\u00e9nographie appelle \u00e0 renouveler notre regard sur ce qui nous entoure. Que ce soit l\u2019appareil \u00e0 fabriquer du pop-corn, ing\u00e9nieusement greff\u00e9 au chauffage in situ, intitul\u00e9 Feu doux sign\u00e9 C\u00e9lia Berthier, ou sa porte en p\u00e2te \u00e0 pain baptis\u00e9e Love me dough, on est un peu d\u00e9concert\u00e9 par les \u0153uvres mises en sc\u00e8ne ici, dans le cadre du parcours du <a href=\"https:\/\/nantes.maville.com\/actu\/actudet_-le-voyage-a-nantes-et-son-theme-de-l-etrange-va-faire-vibrer-la-ville-tout-l-ete-_8-6875123_actu.Htm\" target=\"_blank\" rel=\"noopener\">Voyage \u00e0 Nantes 2025<\/a>.<\/p>\n<p>Majoritairement f\u00e9minine, la production regorge de figures arch\u00e9typales avec des r\u00e9f\u00e9rences ici \u00e0 Marilyn Monroe, aper\u00e7ue dans le collage en volume intitul\u00e9 H\u00e9ro\u00efnes Hill de Margaux Mo\u00ebllic, ou encore l\u00e0 avec une maisonnette, symbole de l\u2019int\u00e9riorit\u00e9\u00a0: Une chambre \u00e0 soi.<\/p>\n<p>Meg Boury donne \u00e0 voir des malles de d\u00e9guisement alliant pop culture et patrimoine vend\u00e9en, et des autoportraits autod\u00e9risoires. Quant \u00e0 Igor Porte, il s\u2019ing\u00e9nie \u00e0 surprendre le spectateur avec son oasis sonore et mobile, jungle d\u00e9cal\u00e9e dans cet environnement de pierre, fer et verre. Une visite guid\u00e9e est assur\u00e9e sur place, o\u00f9 l\u2019entr\u00e9e est libre. Des performances musicales sont pr\u00e9vues le 23 et le 30\u00a0ao\u00fbt \u00e0 18\u00a0h.<\/p>\n<p><strong>Du mardi au dimanche,<\/strong> de 12\u00a0h \u00e0 19\u00a0h, galerie l\u2019Atelier, 1, rue de Chateaubriand \u00e0 Nantes.<\/p>\n<p>\u00a0<\/p>\n","protected":false},"excerpt":{"rendered":"Tous les ans, la Ville de Nantes d\u00e9cerne son prix des arts visuels, consistant en une enveloppe de&hellip;\n","protected":false},"author":2,"featured_media":328337,"comment_status":"","ping_status":"","sticky":false,"template":"","format":"standard","meta":{"footnotes":""},"categories":[2818],"tags":[1111,11,2863,2937,1348,1777,674,11541,5729,1011,27,2867,4715,766,12,2636,2141,7535,25,46539],"class_list":{"0":"post-328336","1":"post","2":"type-post","3":"status-publish","4":"format-standard","5":"has-post-thumbnail","7":"category-nantes","8":"tag-actu","9":"tag-actualites","10":"tag-aout","11":"tag-artistes","12":"tag-arts","13":"tag-eu","14":"tag-europe","15":"tag-exposent","16":"tag-fin","17":"tag-fr","18":"tag-france","19":"tag-jusqu","20":"tag-nantais","21":"tag-nantes","22":"tag-news","23":"tag-pays-de-la-loire","24":"tag-prix","25":"tag-recompenses","26":"tag-republique-francaise","27":"tag-visuels"},"share_on_mastodon":{"url":"https:\/\/pubeurope.com\/@fr\/115053012201220705","error":""},"_links":{"self":[{"href":"https:\/\/www.europesays.com\/fr\/wp-json\/wp\/v2\/posts\/328336","targetHints":{"allow":["GET"]}}],"collection":[{"href":"https:\/\/www.europesays.com\/fr\/wp-json\/wp\/v2\/posts"}],"about":[{"href":"https:\/\/www.europesays.com\/fr\/wp-json\/wp\/v2\/types\/post"}],"author":[{"embeddable":true,"href":"https:\/\/www.europesays.com\/fr\/wp-json\/wp\/v2\/users\/2"}],"replies":[{"embeddable":true,"href":"https:\/\/www.europesays.com\/fr\/wp-json\/wp\/v2\/comments?post=328336"}],"version-history":[{"count":0,"href":"https:\/\/www.europesays.com\/fr\/wp-json\/wp\/v2\/posts\/328336\/revisions"}],"wp:featuredmedia":[{"embeddable":true,"href":"https:\/\/www.europesays.com\/fr\/wp-json\/wp\/v2\/media\/328337"}],"wp:attachment":[{"href":"https:\/\/www.europesays.com\/fr\/wp-json\/wp\/v2\/media?parent=328336"}],"wp:term":[{"taxonomy":"category","embeddable":true,"href":"https:\/\/www.europesays.com\/fr\/wp-json\/wp\/v2\/categories?post=328336"},{"taxonomy":"post_tag","embeddable":true,"href":"https:\/\/www.europesays.com\/fr\/wp-json\/wp\/v2\/tags?post=328336"}],"curies":[{"name":"wp","href":"https:\/\/api.w.org\/{rel}","templated":true}]}}