{"id":328340,"date":"2025-08-19T02:15:29","date_gmt":"2025-08-19T02:15:29","guid":{"rendered":"https:\/\/www.europesays.com\/fr\/328340\/"},"modified":"2025-08-19T02:15:29","modified_gmt":"2025-08-19T02:15:29","slug":"guillaume-drechsler-on-attend-plus-des-girondins-de-bordeaux-partout-mais-surtout-dans-le-secteur-offensif","status":"publish","type":"post","link":"https:\/\/www.europesays.com\/fr\/328340\/","title":{"rendered":"Guillaume Drechsler : \u00ab\u00a0On attend plus des Girondins de Bordeaux, partout, mais surtout dans le secteur offensif\u00a0\u00bb"},"content":{"rendered":"<p><img width=\"773\" height=\"380\" data-lazy-type=\"image\" src=\"https:\/\/www.europesays.com\/fr\/wp-content\/uploads\/2025\/08\/IMG_3266_OK_OK-773x380.jpg\" class=\"lazy lazy-hidden attachment-alchemists_thumbnail-lg size-alchemists_thumbnail-lg wp-post-image\" alt=\"\" decoding=\"async\" fetchpriority=\"high\"\/><\/p>\n<p>Sur TV7, le journaliste et commentateur <strong>Guillaume<br \/>\nDrechsler<\/strong>, s\u2019est exprim\u00e9 sur le match nul entre les<br \/>\nGirondins de Bordeaux et l\u2019US Avranches (0-0).<\/p>\n<blockquote>\n<p>\u00ab Il n\u2019y a pas eu d\u2019occasion tr\u00e8s franche en premi\u00e8re mi-temps<br \/>\nmis \u00e0 part cette frappe lointaine de L\u00e9 Jousselin ou celle de<br \/>\nMatthieu Villette. Malgr\u00e9 tout, il y a quand m\u00eame eu de la<br \/>\nmaitrise, bien que pas d\u2019\u00e9normes occasions. On va dire que c\u2019\u00e9tait<br \/>\nun match plut\u00f4t \u00e9quilibr\u00e9. On attend plus des Girondins de<br \/>\nBordeaux, partout, mais surtout dans le secteur offensif. Au final,<br \/>\nles Girondins de Bordeaux sont tenus en \u00e9chec. Ce fut un match<br \/>\n\u00e9quilibr\u00e9, et les bordelais ont quand m\u00eame montr\u00e9 un bien meilleur<br \/>\nvisage en seconde p\u00e9riode, mais ce ne fut pas assez pour faire<br \/>\nsauter le verrou normand \u00bb.<\/p>\n<\/blockquote>\n<p>Il souhaita cependant positiver.<\/p>\n<blockquote>\n<p>\u00ab\u00a0Apr\u00e8s, dans les intentions, c\u2019est quelque chose qu\u2019on<br \/>\nr\u00e9clamait depuis la saison derni\u00e8re, \u00e0 savoir plus de jeu et moins<br \/>\nde ballons balanc\u00e9s\u2026 Malgr\u00e9 l\u2019\u00e9tat du terrain, on a vu des<br \/>\nbordelais qui, dans leurs intentions, ont cherch\u00e9 beaucoup plus des<br \/>\nappuis dans l\u2019axe, le jeu, les mont\u00e9es des lat\u00e9raux, les c\u00f4t\u00e9s\u2026<br \/>\nS\u2019il y a bien un point positif de ce match, ce sont les intentions<br \/>\nde jeu\u00a0\u00bb.<\/p>\n<\/blockquote>\n<p style=\"text-align: right;\"><a href=\"http:\/\/girondins4ever.com\" rel=\"nofollow noopener\" target=\"_blank\">Retranscription Girondins4Ever<\/a><\/p><\/p>\n","protected":false},"excerpt":{"rendered":"Sur TV7, le journaliste et commentateur Guillaume Drechsler, s\u2019est exprim\u00e9 sur le match nul entre les Girondins de&hellip;\n","protected":false},"author":2,"featured_media":328341,"comment_status":"","ping_status":"","sticky":false,"template":"","format":"standard","meta":{"footnotes":""},"categories":[2817],"tags":[1111,11,1997,1777,674,1011,27,12,2219,25],"class_list":{"0":"post-328340","1":"post","2":"type-post","3":"status-publish","4":"format-standard","5":"has-post-thumbnail","7":"category-bordeaux","8":"tag-actu","9":"tag-actualites","10":"tag-bordeaux","11":"tag-eu","12":"tag-europe","13":"tag-fr","14":"tag-france","15":"tag-news","16":"tag-nouvelle-aquitaine","17":"tag-republique-francaise"},"share_on_mastodon":{"url":"https:\/\/pubeurope.com\/@fr\/115053023967899716","error":""},"_links":{"self":[{"href":"https:\/\/www.europesays.com\/fr\/wp-json\/wp\/v2\/posts\/328340","targetHints":{"allow":["GET"]}}],"collection":[{"href":"https:\/\/www.europesays.com\/fr\/wp-json\/wp\/v2\/posts"}],"about":[{"href":"https:\/\/www.europesays.com\/fr\/wp-json\/wp\/v2\/types\/post"}],"author":[{"embeddable":true,"href":"https:\/\/www.europesays.com\/fr\/wp-json\/wp\/v2\/users\/2"}],"replies":[{"embeddable":true,"href":"https:\/\/www.europesays.com\/fr\/wp-json\/wp\/v2\/comments?post=328340"}],"version-history":[{"count":0,"href":"https:\/\/www.europesays.com\/fr\/wp-json\/wp\/v2\/posts\/328340\/revisions"}],"wp:featuredmedia":[{"embeddable":true,"href":"https:\/\/www.europesays.com\/fr\/wp-json\/wp\/v2\/media\/328341"}],"wp:attachment":[{"href":"https:\/\/www.europesays.com\/fr\/wp-json\/wp\/v2\/media?parent=328340"}],"wp:term":[{"taxonomy":"category","embeddable":true,"href":"https:\/\/www.europesays.com\/fr\/wp-json\/wp\/v2\/categories?post=328340"},{"taxonomy":"post_tag","embeddable":true,"href":"https:\/\/www.europesays.com\/fr\/wp-json\/wp\/v2\/tags?post=328340"}],"curies":[{"name":"wp","href":"https:\/\/api.w.org\/{rel}","templated":true}]}}