{"id":328346,"date":"2025-08-19T02:20:01","date_gmt":"2025-08-19T02:20:01","guid":{"rendered":"https:\/\/www.europesays.com\/fr\/328346\/"},"modified":"2025-08-19T02:20:01","modified_gmt":"2025-08-19T02:20:01","slug":"ca-a-ete-un-moment-special-pour-moi-lemotion-de-giroud-apres-son-retour-en-ligue-1","status":"publish","type":"post","link":"https:\/\/www.europesays.com\/fr\/328346\/","title":{"rendered":"\u00ab\u00a0\u00c7a a \u00e9t\u00e9 un moment sp\u00e9cial pour moi\u00a0\u00bb, l&rsquo;\u00e9motion de Giroud apr\u00e8s son retour en Ligue 1"},"content":{"rendered":"<p class=\"mb-4 text-lg md:leading-8 break-words\">Pour son retour en Ligue 1 \u00e0 38 ans, <a href=\"https:\/\/rmcsport.bfmtv.com\/football\/olivier-giroud_DN-202108310553.html\" rel=\"nofollow noopener\" target=\"_blank\" data-ylk=\"slk:Olivier Giroud;elm:context_link;itc:0;sec:content-canvas\" class=\"link \">Olivier Giroud<\/a> a continu\u00e9 de surfer sur sa bonne forme. Apr\u00e8s trois buts en autant de matchs de pr\u00e9paration jou\u00e9s sous ses nouvelles couleurs de Lille, le meilleur buteur de l&rsquo;histoire de l&rsquo;\u00e9quipe de France a rapidement marqu\u00e9 face \u00e0 Brest ce dimanche (3-3). D\u00e8s la 11e minute, l&rsquo;attaquant, arriv\u00e9 libre de Los Angeles cet \u00e9t\u00e9, a \u00e9t\u00e9 parfaitement servi dans la profondeur par une autre recrue estival, Felix Correia, pour d\u00e9bloquer son compteur en Ligue 1.<\/p>\n<p class=\"mb-4 text-lg md:leading-8 break-words\">Interrog\u00e9 sur sa fra\u00eecheur physique tout au long de la rencontre, Olivier Giroud n&rsquo;a pas cach\u00e9 son bonheur. \u00ab\u00a0Les jambes de 20 ans je ne sais pas mais en tout cas la motivation, la d\u00e9termination et l&rsquo;\u00e9nergie sont intactes. \u00c7a a \u00e9t\u00e9 un moment sp\u00e9cial pour moi, je suis tr\u00e8s content d&rsquo;\u00eatre de retour en France dans un bon club, avec un bon staff et des bons mecs. Je prends du plaisir\u00a0\u00bb, a t-il d\u00e9clar\u00e9 au micro de Ligue 1+ apr\u00e8s la rencontre \u00e0 suspens face \u00e0 Brest (3-3).<\/p>\n<p>\u00ab\u00a0Je n&rsquo;ai jamais eu de doutes sur ma capacit\u00e9 \u00e0 encha\u00eener les matchs\u00a0\u00bb<\/p>\n<p class=\"mb-4 text-lg md:leading-8 break-words\">Pour sa premi\u00e8re en Ligue 1 avec les Dogues, Olivier Giroud a jou\u00e9 toute la rencontre, dont les huit minutes de temps additionnel en seconde mi-temps <a href=\"https:\/\/fr.news.yahoo.com\/sport\/brest-lille-gros-imbroglio-troisi%C3%A8me-151741591.html\" data-ylk=\"slk:suite \u00e0 l&#039;imbroglio sur le troisi\u00e8me but du LOSC;elm:context_link;itc:0;sec:content-canvas;outcm:mb_qualified_link;_E:mb_qualified_link;ct:story;\" class=\"link  yahoo-link\" target=\"_blank\" rel=\"noopener\">suite \u00e0 l&rsquo;imbroglio sur le troisi\u00e8me but du LOSC<\/a> (66e). \u00ab\u00a0Quand on est sur le terrain, ce n&rsquo;est jamais un cadeau empoisonn\u00e9\u00a0\u00bb, a clarifi\u00e9 l&rsquo;attaquant de 38 ans. Avant d&rsquo;ajouter : \u00ab\u00a0Le coach m&rsquo;a demand\u00e9 plusieurs fois comment je me sentais et je lui ai dit que je me sentais pr\u00eat \u00e0 aller jusqu&rsquo;au bout. J&rsquo;avais vraiment envie d&rsquo;avoir une opportunit\u00e9 pour faire gagner ce match \u00e0 la fin. C&rsquo;est frustrant de ne pas prendre les trois points aujourd&rsquo;hui apr\u00e8s avoir men\u00e9 deux fois \u00e0 l&rsquo;ext\u00e9rieur, c&rsquo;est rageant\u00a0\u00bb.<\/p>\n<p class=\"mb-4 text-lg md:leading-8 break-words\">Le champion du monde 2018 se sent parfaitement en forme pour ce d\u00e9but de saison : \u00ab\u00a0Physiquement je me sens bien, je n&rsquo;ai jamais eu de doutes sur ma capacit\u00e9 d&rsquo;enchainer les matchs\u00a0\u00bb.\u00a0 Et l&rsquo;ancien attaquant d&rsquo;Arsenal se plait \u00e0 revenir en France. \u00ab\u00a0J&rsquo;avais envie de me challenger une derni\u00e8re fois et de revenir en Ligue 1 n&rsquo;\u00e9tait pas forc\u00e9ment pr\u00e9vu il y a quelques ann\u00e9es. C&rsquo;est un r\u00e9el plaisir et retrouver le public fran\u00e7ais auquel je suis attach\u00e9\u00a0\u00bb, a rappel\u00e9 Olivier Giroud \u00e0 Ligue 1+.<\/p>\n<p class=\"mb-4 text-lg md:leading-8 break-words\">\u00ab\u00a0\u00c7a me fait vraiment plaisir. A son \u00e2ge, vouloir revenir, se mettre en danger parce que ce n&rsquo;est pas \u00e9vident, il va \u00eare attendu. On l&rsquo;avait d\u00e9j\u00e0 \u00e9tudi\u00e9 sur les matchs amicaux c&rsquo;\u00e9tait d\u00e9j\u00e0 pas mal! C&rsquo;est bien pour notre Ligue 1 d&rsquo;avoir des chefs de file comme Olivier\u00a0\u00bb, a de son c\u00f4t\u00e9 appuy\u00e9 Eric Roy, beau joueur apr\u00e8s le match nul de Brest \u00e0 domicile.<\/p>\n<p class=\"mb-4 text-lg md:leading-8 break-words\"><a href=\"https:\/\/rmcsport.bfmtv.com\/football\/clubs\/losc-lille\/brest-lille-ca-a-ete-un-moment-special-pour-moi-l-emotion-de-giroud-apres-son-retour-en-ligue-1_AV-202508170216.html#xtor=AL-68\" rel=\"nofollow noopener\" target=\"_blank\" data-ylk=\"slk:Article original publi\u00e9 sur RMC Sport;elm:context_link;itc:0;sec:content-canvas\" class=\"link \">Article original publi\u00e9 sur RMC Sport<\/a><\/p>\n","protected":false},"excerpt":{"rendered":"Pour son retour en Ligue 1 \u00e0 38 ans, Olivier Giroud a continu\u00e9 de surfer sur sa bonne&hellip;\n","protected":false},"author":2,"featured_media":328347,"comment_status":"","ping_status":"","sticky":false,"template":"","format":"standard","meta":{"footnotes":""},"categories":[2815],"tags":[1111,11,3450,46540,1777,674,46541,1011,27,811,66,1307,2267,12,5959,25,27289],"class_list":{"0":"post-328346","1":"post","2":"type-post","3":"status-publish","4":"format-standard","5":"has-post-thumbnail","7":"category-lille","8":"tag-actu","9":"tag-actualites","10":"tag-brest","11":"tag-debut-de-saison","12":"tag-eu","13":"tag-europe","14":"tag-felix-correia","15":"tag-fr","16":"tag-france","17":"tag-hauts-de-france","18":"tag-ligue-1","19":"tag-lille","20":"tag-losc","21":"tag-news","22":"tag-olivier-giroud","23":"tag-republique-francaise","24":"tag-retour-en-france"},"share_on_mastodon":{"url":"","error":""},"_links":{"self":[{"href":"https:\/\/www.europesays.com\/fr\/wp-json\/wp\/v2\/posts\/328346","targetHints":{"allow":["GET"]}}],"collection":[{"href":"https:\/\/www.europesays.com\/fr\/wp-json\/wp\/v2\/posts"}],"about":[{"href":"https:\/\/www.europesays.com\/fr\/wp-json\/wp\/v2\/types\/post"}],"author":[{"embeddable":true,"href":"https:\/\/www.europesays.com\/fr\/wp-json\/wp\/v2\/users\/2"}],"replies":[{"embeddable":true,"href":"https:\/\/www.europesays.com\/fr\/wp-json\/wp\/v2\/comments?post=328346"}],"version-history":[{"count":0,"href":"https:\/\/www.europesays.com\/fr\/wp-json\/wp\/v2\/posts\/328346\/revisions"}],"wp:featuredmedia":[{"embeddable":true,"href":"https:\/\/www.europesays.com\/fr\/wp-json\/wp\/v2\/media\/328347"}],"wp:attachment":[{"href":"https:\/\/www.europesays.com\/fr\/wp-json\/wp\/v2\/media?parent=328346"}],"wp:term":[{"taxonomy":"category","embeddable":true,"href":"https:\/\/www.europesays.com\/fr\/wp-json\/wp\/v2\/categories?post=328346"},{"taxonomy":"post_tag","embeddable":true,"href":"https:\/\/www.europesays.com\/fr\/wp-json\/wp\/v2\/tags?post=328346"}],"curies":[{"name":"wp","href":"https:\/\/api.w.org\/{rel}","templated":true}]}}