{"id":328348,"date":"2025-08-19T02:21:12","date_gmt":"2025-08-19T02:21:12","guid":{"rendered":"https:\/\/www.europesays.com\/fr\/328348\/"},"modified":"2025-08-19T02:21:12","modified_gmt":"2025-08-19T02:21:12","slug":"des-bibliotheques-ephemeres-pour-partager-des-histoires","status":"publish","type":"post","link":"https:\/\/www.europesays.com\/fr\/328348\/","title":{"rendered":"des biblioth\u00e8ques \u00e9ph\u00e9m\u00e8res pour partager des histoires"},"content":{"rendered":"\n<p>Deux femmes tra\u00eenent chacune une valise noire \u00e0 roulettes dans le parc de la Porte d\u2019Aix ce jeudi. Julie Nouvellon et Mich\u00e8le Piras sont biblioth\u00e9caires \u00e0 la \u00ab\u00a0mission hors les murs\u00a0\u00bb \u00e0 la direction des biblioth\u00e8ques de Marseille. Elles cherchent l\u2019endroit id\u00e9al pour s\u2019installer avec leurs plaids et une cinquantaine de livres dans le cadre de l\u2019animation \u00ab\u00a0Lire au parc\u00a0\u00bb de l\u2019\u00c9t\u00e9 marseillais. Elles mettent \u00e0 disposition des livres pour que le public s\u2019en empare. Selon Mich\u00e8le, il s\u2019agit de \u00ab\u00a0familiariser les enfants et leurs parents \u00e0 la lecture par la m\u00e9diation\u00a0\u00bb. Plus loin, elle explique\u00a0: \u00ab\u00a0il faut d\u00e9sacraliser le livre\u00a0\u00bb. Julie ajoute\u00a0: \u00ab\u00a0Il est important que, dans leur quotidien, les habitants aient acc\u00e8s aux livres.\u00a0\u00bb<\/p>\n<p>Le public est constitu\u00e9, dans sa grande majorit\u00e9, d\u2019enfants accompagn\u00e9s de leurs parents. Julie et Mich\u00e8le les accueillent avec bienveillance dans leur biblioth\u00e8que \u00e9ph\u00e9m\u00e8re. Elles proposent un large \u00e9ventail de livres scrupuleusement choisis\u00a0: livres-jeux, bandes dessin\u00e9es, manga, albums sans texte&#8230; Apr\u00e8s le choix du livre, deux possibilit\u00e9s\u00a0: soit l\u2019enfant lit seul, soit elles se lancent dans une lecture \u00e0 voix haute qu\u2019elles qualifient de \u00ab\u00a0v\u00e9ritable moment de partage.<\/p>\n<p>Un pas vers la lecture<\/p>\n<p>Ce jeudi matin, il n\u2019y a pas foule au parc de la Porte d\u2019Aix. Les deux biblioth\u00e9caires vont \u00e0 la rencontre des promeneurs pour les attirer vers leur biblioth\u00e8que miniature. Mounia, assistante maternelle, accompagn\u00e9e de Karaim, 3\u00a0ans, et de Noum, un\u00a0an, se pr\u00eate au jeu. Les deux enfants s\u2019assoient sur les couvertures et se font conter des histoires. Ils sont compl\u00e8tement captiv\u00e9s. Mounia s\u2019est install\u00e9e sur les plaids au milieu des enfants et elle entonne avec Julie des comptines pour le plus grand bonheur de Noum. Julie profite de l\u2019occasion pour informer l\u2019assistante maternelle du fonctionnement de la biblioth\u00e8que de l\u2019Alcazar. Noum est totalement satisfaite de l\u2019exp\u00e9rience\u00a0: \u00ab\u00a0un petit coin comme \u00e7a, cela fait du bien. Les enfants entrent, de cette mani\u00e8re, en contact avec d\u2019autres personnes\u00a0\u00bb.<\/p>\n<p>Samia, de passage \u00e0 Marseille avec ses deux enfants, tombe dans les filets des deux biblioth\u00e9caires. Si son fils de 12\u00a0ans n\u2019accroche pas avec l\u2019animation, sa fille de 8\u00a0ans, Manel, est totalement absorb\u00e9e. Au moment de partir, elle demande m\u00eame \u00e0 sa m\u00e8re d\u2019acheter le livre qu\u2019elle a d\u00e9couvert. Samia explique\u00a0: \u00ab\u00a0L\u2019initiative est louable. Je n\u2019aurais pas pu les mettre \u00e0 la lecture \u00e0 la maison\u00a0\u00bb. C\u2019est justement la transmission du plaisir de lire que recherchent Julie et Mich\u00e8le.<\/p>\n<p>Parc Bougainville: 19\u00a0ao\u00fbt de 16H30 \u00e0 18H30 et 21\u00a0ao\u00fbt de 9H30 \u00e0 11h30<\/p>\n<p>Parc de la Porte d\u2019Aix: 26\u00a0ao\u00fbt de 16H30 \u00e0 18H30 et 28\u00a0ao\u00fbt de 9H30 \u00e0 11h30<\/p>\n","protected":false},"excerpt":{"rendered":"Deux femmes tra\u00eenent chacune une valise noire \u00e0 roulettes dans le parc de la Porte d\u2019Aix ce jeudi.&hellip;\n","protected":false},"author":2,"featured_media":328349,"comment_status":"","ping_status":"","sticky":false,"template":"","format":"standard","meta":{"footnotes":""},"categories":[2814],"tags":[1111,11,36390,1777,674,1011,27,884,12,882,25],"class_list":{"0":"post-328348","1":"post","2":"type-post","3":"status-publish","4":"format-standard","5":"has-post-thumbnail","7":"category-marseille","8":"tag-actu","9":"tag-actualites","10":"tag-claire-mangeard","11":"tag-eu","12":"tag-europe","13":"tag-fr","14":"tag-france","15":"tag-marseille","16":"tag-news","17":"tag-provence-alpes-cote-dazur","18":"tag-republique-francaise"},"share_on_mastodon":{"url":"https:\/\/pubeurope.com\/@fr\/115053047548274475","error":""},"_links":{"self":[{"href":"https:\/\/www.europesays.com\/fr\/wp-json\/wp\/v2\/posts\/328348","targetHints":{"allow":["GET"]}}],"collection":[{"href":"https:\/\/www.europesays.com\/fr\/wp-json\/wp\/v2\/posts"}],"about":[{"href":"https:\/\/www.europesays.com\/fr\/wp-json\/wp\/v2\/types\/post"}],"author":[{"embeddable":true,"href":"https:\/\/www.europesays.com\/fr\/wp-json\/wp\/v2\/users\/2"}],"replies":[{"embeddable":true,"href":"https:\/\/www.europesays.com\/fr\/wp-json\/wp\/v2\/comments?post=328348"}],"version-history":[{"count":0,"href":"https:\/\/www.europesays.com\/fr\/wp-json\/wp\/v2\/posts\/328348\/revisions"}],"wp:featuredmedia":[{"embeddable":true,"href":"https:\/\/www.europesays.com\/fr\/wp-json\/wp\/v2\/media\/328349"}],"wp:attachment":[{"href":"https:\/\/www.europesays.com\/fr\/wp-json\/wp\/v2\/media?parent=328348"}],"wp:term":[{"taxonomy":"category","embeddable":true,"href":"https:\/\/www.europesays.com\/fr\/wp-json\/wp\/v2\/categories?post=328348"},{"taxonomy":"post_tag","embeddable":true,"href":"https:\/\/www.europesays.com\/fr\/wp-json\/wp\/v2\/tags?post=328348"}],"curies":[{"name":"wp","href":"https:\/\/api.w.org\/{rel}","templated":true}]}}