{"id":328356,"date":"2025-08-19T02:29:16","date_gmt":"2025-08-19T02:29:16","guid":{"rendered":"https:\/\/www.europesays.com\/fr\/328356\/"},"modified":"2025-08-19T02:29:16","modified_gmt":"2025-08-19T02:29:16","slug":"si-je-ne-meclate-pas-maintenant-je-ne-vais-jamais-meclater","status":"publish","type":"post","link":"https:\/\/www.europesays.com\/fr\/328356\/","title":{"rendered":"Si je ne m&rsquo;\u00e9clate pas maintenant, je ne vais jamais m&rsquo;\u00e9clater !"},"content":{"rendered":"<p class=\"article__intro\">\u00c0 80 ans Sheila s&rsquo;est livr\u00e9e sans d\u00e9tour quelques heures avant son concert au festival Darc de Ch\u00e2teauroux ce 18 ao\u00fbt. L&rsquo;artiste revient sur une renaissance musicale n\u00e9e de rencontres en chair et en os, loin des mondes virtuels.<\/p>\n<p>\n      L\u2019actu des r\u00e9gions\n    <\/p>\n<p>\n      Chaque jour, un tour d\u2019horizon des principales infos de toutes les r\u00e9gions.\n    <\/p>\n<p>    France T\u00e9l\u00e9visions utilise votre adresse e-mail afin de vous envoyer la newsletter \u00ab\u00a0L\u2019actu des r\u00e9gions\u00a0\u00bb. Vous pouvez vous d\u00e9sinscrire \u00e0 tout moment via le lien en bas de cette newsletter. <a target=\"_blank\" href=\"https:\/\/www.francetelevisions.fr\/groupe\/confidentialite\/politique-de-confidentialite\/politique-de-confidentialite-de-france-televisions-6503\" rel=\"nofollow noopener\">Notre politique de confidentialit\u00e9<\/a><\/p>\n<p>Elle aura fait 11 heures et demie de bus pour venir nous voir \u00e0 Ch\u00e2teauroux, sans rien perdre de son \u00e9nergie. Alors qu&rsquo;elle entame sa \u00ab\u00a0Tourn\u00e9e 8.0\u00a0\u00bb, qui compte une vingtaine de dates jusqu&rsquo;\u00e0 la fin de l&rsquo;ann\u00e9e 2025, Sheila a accord\u00e9 quelques minutes \u00e0 France 3. L&rsquo;occasion de revenir sur son rapport \u00e0 la sc\u00e8ne et au public.<\/p>\n<p><strong>Sheila :<\/strong> \u00ab\u00a0Ah bah \u00e7a n&rsquo;a rien \u00e0 voir, c&rsquo;est compl\u00e8tement&#8230; c&rsquo;est rock&rsquo;n&rsquo;roll, vraiment, pour le coup. Mais moi, ce que j&rsquo;aime dans les festivals, ce sont les b\u00e9n\u00e9voles. Les gens sont extraordinaires. Moi, je d\u00e9couvre un peu \u00e7a parce que j&rsquo;en ai fait quelques-uns, mais pas beaucoup. L\u00e0, on fait vraiment la tourn\u00e9e des festivals. Et franchement, les gens sont chaleureux, ils sont l\u00e0 pour vous faire plaisir, ils pensent \u00e0 des petits d\u00e9tails, mais qui font que, voil\u00e0, moi j&rsquo;adore. Vraiment, j&rsquo;adore.<\/p>\n<p>Mais \u00e7a va \u00eatre debout de toute fa\u00e7on, ne vous inqui\u00e9tez pas ! Moi, c&rsquo;est ma gageure avec moi-m\u00eame. Il ne faut pas qu&rsquo;ils finissent assis. Sinon, je me suis plant\u00e9e.<\/p>\n<p>Je peux vous dire qu&rsquo;ils vont finir debout. Parce que j&rsquo;ai des tubes, parce qu&rsquo;ils chantent et parce que je fais tout pour qu&rsquo;ils aient envie de danser. Donc il n&rsquo;y a pas de raison que \u00e7a ne se fasse pas. Et vous avez remarqu\u00e9 qu&rsquo;on est une g\u00e9n\u00e9ration de jeunes. Donc voil\u00e0, \u00e7a danse !<\/p>\n<p>Oui, moi j&rsquo;ai de la chance de les avoir rencontr\u00e9s. J&rsquo;ai rencontr\u00e9 Eric Azhar dans les ann\u00e9es&#8230; Je l&rsquo;ai retrouv\u00e9 en 2016, mais je le connais depuis 2009, parce qu&rsquo;on a d\u00e9j\u00e0 travaill\u00e9 ensemble. Et on s&rsquo;est retrouv\u00e9 sur la tourn\u00e9e \u00c2ge tendre en 2016. Et puis voil\u00e0, on a discut\u00e9, j&rsquo;ai \u00e9cout\u00e9 son groupe. C&rsquo;est du prog et moi, j&rsquo;adore \u00e7a, ce n&rsquo;est pas du tout un truc qui \u00e9tait dans mon univers. Mais en \u00e9coutant ce qu&rsquo;il faisait, j&rsquo;ai propos\u00e9 d&rsquo;essayer ces id\u00e9es. Je lui ai laiss\u00e9 la carte blanche. On a d\u00e9marr\u00e9 en 2017 ensemble et c&rsquo;\u00e9tait bien, et l\u00e0 on a fait deux albums. Donc tout ce qui est sur sc\u00e8ne c&rsquo;est r\u00e9alis\u00e9 par lui, comme les albums. Moi, je trouve que l&rsquo;important, par rapport \u00e0 ma vie, c&rsquo;est que \u00e7a me donne envie de chanter. C&rsquo;est tellement nouveau que moi, je m&rsquo;\u00e9clate et il a fait des versions tellement diff\u00e9rentes que quand je chante, j&rsquo;ai l&rsquo;impression de chanter autre chose. Et c&rsquo;est \u00e7a qui fait que j&rsquo;ai envie.<\/p>\n<p>Parce que je vous avoue qu&rsquo;il y a des moments, vous savez, m\u00eame si j&rsquo;adore ce que j&rsquo;ai fait, je le fais pour faire plaisir aux gens. Mais la fa\u00e7on dont il a orchestr\u00e9es ces chansons, c&rsquo;est amusant, \u00e7a fait que les gens \u00e9coutent, ils s&rsquo;\u00e9tonnent. Et les gens peuvent quand m\u00eame chanter les chansons. Ils ne sont pas paum\u00e9s et perdus.<\/p>\n<p>\u00c9videmment, Sheila avec les couettes, c&rsquo;est quand m\u00eame un peu us\u00e9, c&rsquo;est fini ! \u00c7a fait tr\u00e8s longtemps que je ne fais plus \u00e7a. J&rsquo;ai fait beaucoup de choses \u00e0 l&rsquo;\u00e9poque avec Yves Martin, mais l\u00e0 aujourd&rsquo;hui je suis vraiment dans autre chose. Je fais ce que j&rsquo;aime, parce que moi je suis une rockeuse \u00e0 la base, je ne l&rsquo;ai jamais fait, enfin je l&rsquo;ai fait avec Keith Olsen dans les ann\u00e9es 80, mais je ne l&rsquo;ai jamais fait vraiment sur sc\u00e8ne.<\/p>\n<p>Et l\u00e0, je suis avec des gens qui sont des musiciens hors pair, parce que ce ne sont pas des gamins, ce sont des routards et \u00e7a joue ! Et le fait d&rsquo;\u00eatre avec des gens comme \u00e7a, qui jouent, pour moi c&rsquo;est un bonheur. Et puis, ces gar\u00e7ons, ils sont arriv\u00e9s dans une p\u00e9riode de ma vie en 2017 o\u00f9 on pr\u00e9parait le concert \u00e0 l&rsquo;Alhambra, et c&rsquo;est la p\u00e9riode o\u00f9 mon fils a disparu. Et si tu veux, cette histoire nous a li\u00e9s dans des situations de vie intimes qui \u00e9taient compl\u00e8tement diff\u00e9rentes. Ce qui fait que \u00e7a a cr\u00e9\u00e9 entre nous une histoire qui est au-del\u00e0 de faire de la musique et de rock&rsquo;n&rsquo;roll. Ce n&rsquo;est pas la m\u00eame chose.<\/p>\n<p>Je vais vous dire ce qui est int\u00e9ressant quand m\u00eame dans la vie, c&rsquo;est de se dire que les rencontres se font quand elles doivent se faire. Peut-\u00eatre qu&rsquo;il y a 20 ans, je n&rsquo;\u00e9tais pas capable de faire \u00e7a ! Aujourd&rsquo;hui, je m&rsquo;en fous, moi, ma carri\u00e8re, elle est faite, ma vie est faite. Moi, si je ne m&rsquo;\u00e9clate pas maintenant, je ne vais jamais m&rsquo;\u00e9clater !<\/p>\n<p>Alors je me suis toujours \u00e9clat\u00e9e. Mais peut-\u00eatre qu&rsquo;aujourd&rsquo;hui, je dis des choses que je n&rsquo;aurais pas dites il y a 20 ans, parce que peut-\u00eatre je ne me sentais pas. Aujourd&rsquo;hui, je vais faire des conf\u00e9rences, par exemple, l&rsquo;ann\u00e9e prochaine ! Mais je vois, dans les relations que j&rsquo;ai avec les gens, les gens sont mal dans leur peau, ils ne savent pas quoi faire. Je pense que les gens courent, mais on ne sait pas apr\u00e8s quoi on court. On ne se parle plus, on s&rsquo;envoie des mails et on se r\u00e9pond pas, c&rsquo;est quoi cette vie ? Donc moi bien s\u00fbr, j&rsquo;aimerais \u00e0 travers mes chansons, j&rsquo;aimerais que quand ils sortent de l\u00e0 ils soient en pleine forme, parce que c&rsquo;est mon boulot ! Et j&rsquo;aimerais, apr\u00e8s l&rsquo;ann\u00e9e prochaine, leur redonner de l&rsquo;espoir. Parce que la vie c&rsquo;est de l&rsquo;espoir, si t&rsquo;y crois pas, reste chez toi.<\/p>\n<p>Je n&rsquo;ai pas d&rsquo;appr\u00e9hension parce que j&rsquo;assume ce que je fais,. J&rsquo;assume ce que je fais, j&rsquo;assume ce que je chante et ce sont mes choix. En 1970, je faisais une chanson qui s&rsquo;appelait \u00ab\u00a0Blancs, jaunes, rouges, noirs\u00a0\u00bb sur le racisme. Aujourd&rsquo;hui je vais chanter \u00ab\u00a0Rac\u00e9\u00a0\u00bb parce que j&rsquo;ai lu le livre de Rachel Khan, et que j&rsquo;ai ador\u00e9 son sujet. Et parce que, j&rsquo;estime que son sujet se doit d&rsquo;\u00eatre chant\u00e9.<\/p>\n<\/p>\n<p>Quand je chante une chanson sur Simone Weil, \u00e9videmment aujourd&rsquo;hui, avec tout ce qui se passe dans ce monde, bien s\u00fbr que pour moi, l&rsquo;antis\u00e9mitisme, c&rsquo;est juste une merde incommensurable. Quand je chante \u00ab\u00a0Et Dieu dans tout \u00e7a ?\u00a0\u00bb, c&rsquo;est moi qui parle d&rsquo;un principe, selon lequel la foi rapproche, les religions divisent.<\/p>\n<\/p>\n<p>Pour croire, on n&rsquo;a pas besoin de religieux\u00a0! Cette force, elle est en nous. \u00c0 nous de savoir la capter. Et puis, quand je me l\u00e8ve le matin, \u00e0 mon \u00e2ge, je me dis : \u00ab\u00a0Merde, c&rsquo;est beau la vie !\u00a0\u00bb Je crois qu&rsquo;aujourd&rsquo;hui, je peux me permettre de dire des choses que je n&rsquo;aurais jamais dites il y a quelques ann\u00e9es, parce que je n&rsquo;avais pas l&rsquo;exp\u00e9rience. La vie, c&rsquo;est une exp\u00e9rience. Mais ma vie peut servir aux autres. Si je peux donner \u00e7a aux gens, tant mieux !<\/p>\n<p>Et puis, vous savez ce que c&rsquo;est, la vie ? C&rsquo;est le dialogue. S&rsquo;il n&rsquo;y a plus de dialogue, il y a une esp\u00e8ce de m\u00e9chancet\u00e9, parce que l&rsquo;humain est m\u00e9chant, qui se cache derri\u00e8re des petites vannes qu&rsquo;on balance, cach\u00e9 derri\u00e8re un pr\u00eate-nom. Excusez-moi, la vie, ce n&rsquo;est pas \u00e7a. Et moi, je suis pour les r\u00e9seaux sociaux, c&rsquo;est tr\u00e8s bien. Je suis pour Internet, c&rsquo;est formidable, parce qu&rsquo;on peut savoir ce qui se passe dans le monde entier. Et si c&rsquo;est pour d\u00e9truire l&rsquo;autre, c&rsquo;est une grosse merde !<\/p>\n<p>Bien s\u00fbr, j&rsquo;ai fait un album, j&rsquo;ai des auteurs : Pierre-Yves Lebert, j&rsquo;ai Val\u00e9rie V\u00e9ga, j&rsquo;ai Amaury Salmon, j&rsquo;ai Daran qui a \u00e9crit une chanson, Eric Azhar qui a fait plein de chansons. J&rsquo;ai une tr\u00e8s belle \u00e9quipe, qui ne vit que dans l&rsquo;amour. L\u00e0, sur sc\u00e8ne on a reconstruit une \u00e9quipe de techniciens&#8230;<\/p>\n<p>Vous savez, je ne fais pas ce m\u00e9tier pour l&rsquo;argent, parce qu&rsquo;on n&rsquo;en gagne plus malheureusement, mais je fais ce m\u00e9tier pour le partage. Mais je partage sur sc\u00e8ne, avec tout ce qu&rsquo;on fait l\u00e0. C&rsquo;est une tr\u00e8s belle histoire. Moi, vous savez, c&rsquo;est un peu particulier : je n&rsquo;ai plus de famille, je suis fille unique. J&rsquo;ai perdu l&rsquo;essence de ma vie, qui \u00e9tait mon fils. Donc, j&rsquo;ai une approche de la vie qui est diff\u00e9rente. Donc, je ne suis entour\u00e9e que de gens que je sens, parce que je suis un animal, avec qui j&rsquo;ai envie de partager du temps, de la vie, de l&rsquo;amour, des rires, des pleurs. C&rsquo;est \u00e7a la vie.<\/p>\n<p>Si on oublie \u00e7a, on est des robots. On a beau nous vendre des robots, on n&rsquo;est pas des robots. La diff\u00e9rence, c&rsquo;est l&rsquo;humain et l&rsquo;humain, il pleure et il rit. Et quand on est capable d&rsquo;assumer le fait de se dire : Voil\u00e0, je suis vuln\u00e9rable, oui, mais ce n&rsquo;est pas un d\u00e9faut d&rsquo;\u00eatre vuln\u00e9rable. C&rsquo;est au contraire. L&rsquo;humain, c&rsquo;est quoi ? C&rsquo;est quelqu&rsquo;un qui a des sentiments. Il faut les exprimer, il faut arr\u00eater de se cacher derri\u00e8re un \u00e9cran, bordel de merde !\u00a0\u00bb<\/p>\n<p>Propos recueillirs \u00e0 Ch\u00e2teauroux par V. Billy et A. Gaulon<\/p>\n<p>P<\/p>\n","protected":false},"excerpt":{"rendered":"\u00c0 80 ans Sheila s&rsquo;est livr\u00e9e sans d\u00e9tour quelques heures avant son concert au festival Darc de Ch\u00e2teauroux&hellip;\n","protected":false},"author":2,"featured_media":328357,"comment_status":"","ping_status":"","sticky":false,"template":"","format":"standard","meta":{"footnotes":""},"categories":[1888],"tags":[1111,1928,11,1927,1777,674,1011,27,12,1926,626,1925,25],"class_list":{"0":"post-328356","1":"post","2":"type-post","3":"status-publish","4":"format-standard","5":"has-post-thumbnail","7":"category-paris","8":"tag-actu","9":"tag-actu-paris","10":"tag-actualites","11":"tag-actualites-paris","12":"tag-eu","13":"tag-europe","14":"tag-fr","15":"tag-france","16":"tag-news","17":"tag-news-paris","18":"tag-paris","19":"tag-paris-news","20":"tag-republique-francaise"},"share_on_mastodon":{"url":"https:\/\/pubeurope.com\/@fr\/115053079206321574","error":""},"_links":{"self":[{"href":"https:\/\/www.europesays.com\/fr\/wp-json\/wp\/v2\/posts\/328356","targetHints":{"allow":["GET"]}}],"collection":[{"href":"https:\/\/www.europesays.com\/fr\/wp-json\/wp\/v2\/posts"}],"about":[{"href":"https:\/\/www.europesays.com\/fr\/wp-json\/wp\/v2\/types\/post"}],"author":[{"embeddable":true,"href":"https:\/\/www.europesays.com\/fr\/wp-json\/wp\/v2\/users\/2"}],"replies":[{"embeddable":true,"href":"https:\/\/www.europesays.com\/fr\/wp-json\/wp\/v2\/comments?post=328356"}],"version-history":[{"count":0,"href":"https:\/\/www.europesays.com\/fr\/wp-json\/wp\/v2\/posts\/328356\/revisions"}],"wp:featuredmedia":[{"embeddable":true,"href":"https:\/\/www.europesays.com\/fr\/wp-json\/wp\/v2\/media\/328357"}],"wp:attachment":[{"href":"https:\/\/www.europesays.com\/fr\/wp-json\/wp\/v2\/media?parent=328356"}],"wp:term":[{"taxonomy":"category","embeddable":true,"href":"https:\/\/www.europesays.com\/fr\/wp-json\/wp\/v2\/categories?post=328356"},{"taxonomy":"post_tag","embeddable":true,"href":"https:\/\/www.europesays.com\/fr\/wp-json\/wp\/v2\/tags?post=328356"}],"curies":[{"name":"wp","href":"https:\/\/api.w.org\/{rel}","templated":true}]}}