{"id":328358,"date":"2025-08-19T02:30:16","date_gmt":"2025-08-19T02:30:16","guid":{"rendered":"https:\/\/www.europesays.com\/fr\/328358\/"},"modified":"2025-08-19T02:30:16","modified_gmt":"2025-08-19T02:30:16","slug":"des-salaries-dun-supermarche-aldi-enfermes-plusieurs-heures-au-sous-sol-par-des-braqueurs-2","status":"publish","type":"post","link":"https:\/\/www.europesays.com\/fr\/328358\/","title":{"rendered":"Des salari\u00e9s d\u2019un supermarch\u00e9 Aldi enferm\u00e9s plusieurs heures au sous-sol par des braqueurs"},"content":{"rendered":"<p><strong>BRAQUAGE &#8211; Deux hommes encagoul\u00e9s et arm\u00e9s de couteaux ont r\u00e9ussi \u00e0 d\u00e9rober environ 20.000 euros dimanche matin dans un supermarch\u00e9 Aldi du Xe arrondissement de Paris<\/strong><\/p>\n<p><a href=\"https:\/\/www.20minutes.fr\/dossier\/braquage?at_medium=RSS%20feed&amp;at_campaign=ynews&amp;utm_source=yahoo&amp;utm_medium=rss&amp;utm_campaign=news_feed&amp;utm_content=in_article_link\" rel=\"nofollow noopener\" target=\"_blank\" data-ylk=\"slk:Un braquage;elm:context_link;itc:0;sec:content-canvas\" class=\"link \">Un braquage<\/a> tr\u00e8s violent s\u2019est produit t\u00f4t dimanche matin dans un supermarch\u00e9 Aldi situ\u00e9 boulevard Magenta dans le Xe arrondissement de Paris. f=\u00a0\u00bbhttps:\/\/www.leparisien.fr\/faits-divers\/paris-les-employees-daldi-braquees-et-sequestrees-durant-trois-heures-dans-la-salle-des-coffres-18-08-2025-SOLELM3AOFELDCWIO4WKKRVR4A.php?ts=1755530394340&amp;at_medium=RSS%20feed&amp;at_campaign=ynews&amp;utm_source=yahoo&amp;utm_medium=rss&amp;utm_campaign=news_feed&amp;utm_content=in_article_link\u00a0\u00bb&gt;Selon Le Parisien, deux individus encagoul\u00e9s ont p\u00e9n\u00e9tr\u00e9 \u00e0 l\u2019int\u00e9rieur du magasin au moment o\u00f9 il ouvrait ses portes vers 7 heures du matin. Sous la menace de couteaux, ils ont ensuite forc\u00e9 deux employ\u00e9es \u00e0 les conduire vers le coffre-fort situ\u00e9 au sous-sol.<\/p>\n<p>Les braqueurs ont r\u00e9ussi \u00e0 d\u00e9rober le fond de caisse, estim\u00e9 \u00e0 20.000 euros, avant de ligoter les deux femmes avec du ruban adh\u00e9sif et de prendre la fuite. Ce n\u2019est que trois heures plus tard que le vigile a donn\u00e9 l\u2019alerte, surpris de voir que le magasin \u00e9tait encore ferm\u00e9.<\/p>\n<p>Choqu\u00e9es, les deux victimes ont \u00e9t\u00e9 prises en charge par les secours et transport\u00e9es \u00e0 l\u2019h\u00f4pital pour des examens. Une enqu\u00eate pour vol avec arme en bande organis\u00e9e <a href=\"https:\/\/www.20minutes.fr\/dossier\/sequestration?at_medium=RSS%20feed&amp;at_campaign=ynews&amp;utm_source=yahoo&amp;utm_medium=rss&amp;utm_campaign=news_feed&amp;utm_content=in_article_link\" rel=\"nofollow noopener\" target=\"_blank\" data-ylk=\"slk:et s\u00e9questration;elm:context_link;itc:0;sec:content-canvas\" class=\"link \">et s\u00e9questration <\/a>en bande organis\u00e9e a \u00e9t\u00e9 ouverte et confi\u00e9e \u00e0 la police judiciaire.<\/p>\n<p><a href=\"https:\/\/www.20minutes.fr\/faits_divers\/4168428-20250818-paris-salaries-supermarche-aldi-enfermes-plusieurs-heures-sous-sol-braqueurs?at_medium=RSS%20feed&amp;at_campaign=ynews&amp;utm_source=yahoo&amp;utm_medium=rss&amp;utm_campaign=news_feed&amp;utm_content=read_more_link&quot;\" rel=\"nofollow noopener\" target=\"_blank\" data-ylk=\"slk:Lire la suite sur 20minutes;elm:context_link;itc:0;sec:content-canvas\" class=\"link \">Lire la suite sur 20minutes<\/a><\/p>\n<p>\u00c0 lire aussi :<br \/><a href=\"https:\/\/www.20minutes.fr\/faits_divers\/faits-divers-marseille\/4163736-20250715-marseille-distributeur-billets-attaque-explosif-soir-14-juillet?at_medium=RSS%20feed&amp;at_campaign=ynews&amp;utm_source=yahoo&amp;utm_medium=rss&amp;utm_campaign=news_feed&amp;utm_content=related_content_link\" rel=\"nofollow noopener\" target=\"_blank\" data-ylk=\"slk:Marseille : Un distributeur de billets attaqu\u00e9 \u00e0 l\u2019explosif le soir du 14-Juillet;elm:context_link;itc:0;sec:content-canvas\" class=\"link \">Marseille : Un distributeur de billets attaqu\u00e9 \u00e0 l\u2019explosif le soir du 14-Juillet<\/a><br \/><a href=\"https:\/\/www.20minutes.fr\/monde\/4168373-20250818-operation-pink-diamond-police-dubai-retrouve-diamant-25-millions-dollars-comme-film?at_medium=RSS%20feed&amp;at_campaign=ynews&amp;utm_source=yahoo&amp;utm_medium=rss&amp;utm_campaign=news_feed&amp;utm_content=related_content_link\" rel=\"nofollow noopener\" target=\"_blank\" data-ylk=\"slk:Op\u00e9ration \u00ab pink diamond \u00bb\u2026 La police de Duba\u00ef retrouve un diamant de 25 millions de dollars comme dans un film;elm:context_link;itc:0;sec:content-canvas\" class=\"link \">Op\u00e9ration \u00ab pink diamond \u00bb\u2026 La police de Duba\u00ef retrouve un diamant de 25 millions de dollars comme dans un film<\/a><\/p>\n","protected":false},"excerpt":{"rendered":"BRAQUAGE &#8211; Deux hommes encagoul\u00e9s et arm\u00e9s de couteaux ont r\u00e9ussi \u00e0 d\u00e9rober environ 20.000 euros dimanche matin&hellip;\n","protected":false},"author":2,"featured_media":328359,"comment_status":"","ping_status":"","sticky":false,"template":"","format":"standard","meta":{"footnotes":""},"categories":[1888],"tags":[46428,1111,1928,11,1927,18631,6941,15224,1777,674,1011,27,12,1926,626,1925,25,46542],"class_list":{"0":"post-328358","1":"post","2":"type-post","3":"status-publish","4":"format-standard","5":"has-post-thumbnail","7":"category-paris","8":"tag-7-heures-du-matin","9":"tag-actu","10":"tag-actu-paris","11":"tag-actualites","12":"tag-actualites-paris","13":"tag-aldi","14":"tag-braquage","15":"tag-dimanche-matin","16":"tag-eu","17":"tag-europe","18":"tag-fr","19":"tag-france","20":"tag-news","21":"tag-news-paris","22":"tag-paris","23":"tag-paris-news","24":"tag-republique-francaise","25":"tag-xe-arrondissement-de-paris"},"share_on_mastodon":{"url":"https:\/\/pubeurope.com\/@fr\/115053082938811287","error":""},"_links":{"self":[{"href":"https:\/\/www.europesays.com\/fr\/wp-json\/wp\/v2\/posts\/328358","targetHints":{"allow":["GET"]}}],"collection":[{"href":"https:\/\/www.europesays.com\/fr\/wp-json\/wp\/v2\/posts"}],"about":[{"href":"https:\/\/www.europesays.com\/fr\/wp-json\/wp\/v2\/types\/post"}],"author":[{"embeddable":true,"href":"https:\/\/www.europesays.com\/fr\/wp-json\/wp\/v2\/users\/2"}],"replies":[{"embeddable":true,"href":"https:\/\/www.europesays.com\/fr\/wp-json\/wp\/v2\/comments?post=328358"}],"version-history":[{"count":0,"href":"https:\/\/www.europesays.com\/fr\/wp-json\/wp\/v2\/posts\/328358\/revisions"}],"wp:featuredmedia":[{"embeddable":true,"href":"https:\/\/www.europesays.com\/fr\/wp-json\/wp\/v2\/media\/328359"}],"wp:attachment":[{"href":"https:\/\/www.europesays.com\/fr\/wp-json\/wp\/v2\/media?parent=328358"}],"wp:term":[{"taxonomy":"category","embeddable":true,"href":"https:\/\/www.europesays.com\/fr\/wp-json\/wp\/v2\/categories?post=328358"},{"taxonomy":"post_tag","embeddable":true,"href":"https:\/\/www.europesays.com\/fr\/wp-json\/wp\/v2\/tags?post=328358"}],"curies":[{"name":"wp","href":"https:\/\/api.w.org\/{rel}","templated":true}]}}