{"id":328362,"date":"2025-08-19T02:32:37","date_gmt":"2025-08-19T02:32:37","guid":{"rendered":"https:\/\/www.europesays.com\/fr\/328362\/"},"modified":"2025-08-19T02:32:37","modified_gmt":"2025-08-19T02:32:37","slug":"une-passagere-seme-la-panique-sur-un-vol-air-france-paris-dakar-obligeant-lavion-a-rebrousser-chemin","status":"publish","type":"post","link":"https:\/\/www.europesays.com\/fr\/328362\/","title":{"rendered":"une passag\u00e8re s\u00e8me la panique sur un vol Air France Paris-Dakar, obligeant l\u2019avion \u00e0 rebrousser chemin"},"content":{"rendered":"<p>Immobilis\u00e9e par l\u2019\u00e9quipage avec l\u2019aide de passagers, la voyageuse, visiblement prise d\u2019une crise aigu\u00eb, a \u00e9t\u00e9 remise \u00e0 la police apr\u00e8s un atterrissage d\u2019urgence.<\/p>\n<p class=\"fig-paragraph\">Un vol Paris-<a href=\"http:\/\/www.lefigaro.fr\/international\/ce-changement-est-necessaire-a-dakar-la-france-ferme-sa-derniere-base-militaire-en-afrique-de-l-ouest-20250717\" data-fig-type=\"Article\" data-gtm-custom-categorie=\"navigation\" data-gtm-custom-action=\"crossclick\" data-gtm-custom-label=\"Contextuel\" data-gtm-event=\"customEventSPE\" data-fig-domain=\"LEFIGARO\" target=\"_blank\" rel=\"noopener\">Dakar<\/a>\u00a0qui a vir\u00e9 au cauchemar. Ce samedi 16 ao\u00fbt, un Boeing 777-300ER de la compagnie Air France, parti de l\u2019a\u00e9roport\u00a0<a href=\"http:\/\/www.lefigaro.fr\/conjoncture\/les-taxis-ont-mene-un-mouvement-statique-devant-les-aeroports-orly-et-roissy-charles-de-gaulle-ce-lundi-20250526\" data-fig-type=\"NewsFlash\" data-gtm-custom-categorie=\"navigation\" data-gtm-custom-action=\"crossclick\" data-gtm-custom-label=\"Contextuel\" data-gtm-event=\"customEventSPE\" data-fig-domain=\"LEFIGARO\" target=\"_blank\" rel=\"noopener\">Roissy-Charles-de-Gaulle<\/a>\u00a0en fin d\u2019apr\u00e8s-midi, a d\u00fb faire demi-tour en urgence apr\u00e8s qu\u2019un membre d\u2019\u00e9quipage a \u00e9t\u00e9 violemment agress\u00e9 par une passag\u00e8re au comportement aussi dangereux qu\u2019inattendu. Probablement atteinte de troubles mentaux, la femme se serait mise \u00e0 errer dans la cabine et \u00e0 pousser des cris, sans raison apparente, rapportent plusieurs\u00a0<a href=\"https:\/\/airlive.net\/emergency\/2025\/08\/17\/air-france-flight-af718-declared-an-emergency-and-returned-to-paris-due-to-situation-with-purser\/\" target=\"_blank\" rel=\"sponsored noopener\" data-gtm-custom-categorie=\"navigation\" data-gtm-custom-action=\"crossclick\" data-gtm-custom-label=\"Contextuel\" data-gtm-event=\"customEventSPE\">sites d\u2019aviation<\/a>\u00a0sp\u00e9cialis\u00e9s. Soudain, elle se serait jet\u00e9e sur le chef de cabine en hurlant\u00a0: \u00abJe veux tuer\u00bb.<\/p>\n<p class=\"fig-paragraph\">Interrog\u00e9e par Le Figaro, la compagnie tricolore confirme que \u00abl\u2019\u00e9quipage du vol AF718 du 16 ao\u00fbt 2025 effectuant la liaison entre Paris Charles de\u00a0Gaulle et Dakar a d\u00e9cid\u00e9 de revenir \u00e0 son a\u00e9roport de d\u00e9part en raison du comportement inappropri\u00e9 d\u2019une cliente, n\u00e9cessitant que celle-ci soit ma\u00eetris\u00e9e par des membres de l\u2019\u00e9quipage avec l\u2019aide de clients et prise en charge par un m\u00e9decin volontaire, passager du vol\u00bb.<\/p>\n<p>                                    <a class=\"fig-a11y-skip a11y-hidden\" href=\"#fig-a11y-skip-main-inarticle\"><br \/>\n        Passer la publicit\u00e9<br \/>\n    <\/a><\/p>\n<p class=\"fig-paragraph\">Alors que plusieurs voyageurs pr\u00eataient main-forte aux h\u00f4tesses et stewards pour ma\u00eetriser la passag\u00e8re, visiblement prise d\u2019une crise aigu\u00eb, les pilotes ont d\u00e9clar\u00e9 l\u2019\u00e9tat d\u2019urgence en \u00e9mettant le code international de d\u00e9tresse \u00absquawk 7700\u00bb, selon le site sp\u00e9cialis\u00e9\u00a0<a href=\"https:\/\/www.air-journal.fr\/2025-08-18-un-vol-en-777-dair-france-atterrit-durgence-a-paris-cdg-apres-lagression-dun-pnc-5264800.html\" target=\"_blank\" rel=\"sponsored noopener\" data-gtm-custom-categorie=\"navigation\" data-gtm-custom-action=\"crossclick\" data-gtm-custom-label=\"Contextuel\" data-gtm-event=\"customEventSPE\">Air Journal<\/a>. Un m\u00e9decin volontaire, passager du vol, a \u00e9galement \u00e9t\u00e9 sollicit\u00e9. L\u2019avion, qui volait \u00e0 32.000 pieds au-dessus de\u00a0<a href=\"http:\/\/www.lefigaro.fr\/conjoncture\/cannes-nice-bordeaux-les-elus-montent-au-creneau-contre-les-paquebots-de-croisiere-geants-20250815\" data-fig-type=\"Article\" data-gtm-custom-categorie=\"navigation\" data-gtm-custom-action=\"crossclick\" data-gtm-custom-label=\"Contextuel\" data-gtm-event=\"customEventSPE\" data-fig-domain=\"LEFIGARO\" target=\"_blank\" rel=\"noopener\">Bordeaux<\/a>, dans le sud-ouest de la France, a aussit\u00f4t mis le cap sur Paris, o\u00f9 il a atterri \u00e0 19h31.<\/p>\n<p class=\"fig-paragraph\">\u00c0 l\u2019atterrissage, la cliente a \u00e9t\u00e9 appr\u00e9hend\u00e9e par la police aux portes de l\u2019appareil et \u00abconfi\u00e9e au service m\u00e9dical de l\u2019a\u00e9roport\u00bb, pr\u00e9cise encore Air France. La compagnie ajoute que \u00able vol a pu repartir de Paris Charles de\u00a0Gaulle \u00e0 21h27 (heure locale)\u00bb. Un nouvel \u00e9quipage a \u00e9t\u00e9 mobilis\u00e9 afin d\u2019assurer la suite du trajet vers Dakar, o\u00f9 les passagers ont finalement atterri avec environ cinq heures de retard.<\/p>\n<p class=\"fig-paragraph\">Air France \u00abregrette les d\u00e9sagr\u00e9ments que cet \u00e9v\u00e8nement a pu provoquer\u00bb et rappelle que \u00abla s\u00e9curit\u00e9 de ses clients et de ses \u00e9quipages est sa priorit\u00e9 absolue\u00bb. L\u2019\u00e9pisode illustre la n\u00e9cessit\u00e9 de former le personnel navigant \u00e0 la bonne gestion des urgences m\u00e9dicales et des situations de crise. Si le chef de cabine agress\u00e9 n\u2019a pas \u00e9t\u00e9 gri\u00e8vement bless\u00e9, il est rest\u00e9 fortement choqu\u00e9. Une enqu\u00eate est en cours pour \u00e9claircir l\u2019\u00e9tat de sant\u00e9 psychique de la passag\u00e8re. Elle pourrait faire l\u2019objet \u00e0 la fois d\u2019un suivi psychiatrique, mais \u00e9galement de poursuites judiciaires.<\/p>\n","protected":false},"excerpt":{"rendered":"Immobilis\u00e9e par l\u2019\u00e9quipage avec l\u2019aide de passagers, la voyageuse, visiblement prise d\u2019une crise aigu\u00eb, a \u00e9t\u00e9 remise \u00e0&hellip;\n","protected":false},"author":2,"featured_media":328363,"comment_status":"","ping_status":"","sticky":false,"template":"","format":"standard","meta":{"footnotes":""},"categories":[1888],"tags":[11,1816,37,1777,674,1011,27,12,626,25],"class_list":{"0":"post-328362","1":"post","2":"type-post","3":"status-publish","4":"format-standard","5":"has-post-thumbnail","7":"category-paris","8":"tag-actualites","9":"tag-air-france","10":"tag-avion","11":"tag-eu","12":"tag-europe","13":"tag-fr","14":"tag-france","15":"tag-news","16":"tag-paris","17":"tag-republique-francaise"},"share_on_mastodon":{"url":"https:\/\/pubeurope.com\/@fr\/115053090755255365","error":""},"_links":{"self":[{"href":"https:\/\/www.europesays.com\/fr\/wp-json\/wp\/v2\/posts\/328362","targetHints":{"allow":["GET"]}}],"collection":[{"href":"https:\/\/www.europesays.com\/fr\/wp-json\/wp\/v2\/posts"}],"about":[{"href":"https:\/\/www.europesays.com\/fr\/wp-json\/wp\/v2\/types\/post"}],"author":[{"embeddable":true,"href":"https:\/\/www.europesays.com\/fr\/wp-json\/wp\/v2\/users\/2"}],"replies":[{"embeddable":true,"href":"https:\/\/www.europesays.com\/fr\/wp-json\/wp\/v2\/comments?post=328362"}],"version-history":[{"count":0,"href":"https:\/\/www.europesays.com\/fr\/wp-json\/wp\/v2\/posts\/328362\/revisions"}],"wp:featuredmedia":[{"embeddable":true,"href":"https:\/\/www.europesays.com\/fr\/wp-json\/wp\/v2\/media\/328363"}],"wp:attachment":[{"href":"https:\/\/www.europesays.com\/fr\/wp-json\/wp\/v2\/media?parent=328362"}],"wp:term":[{"taxonomy":"category","embeddable":true,"href":"https:\/\/www.europesays.com\/fr\/wp-json\/wp\/v2\/categories?post=328362"},{"taxonomy":"post_tag","embeddable":true,"href":"https:\/\/www.europesays.com\/fr\/wp-json\/wp\/v2\/tags?post=328362"}],"curies":[{"name":"wp","href":"https:\/\/api.w.org\/{rel}","templated":true}]}}