{"id":328364,"date":"2025-08-19T02:34:26","date_gmt":"2025-08-19T02:34:26","guid":{"rendered":"https:\/\/www.europesays.com\/fr\/328364\/"},"modified":"2025-08-19T02:34:26","modified_gmt":"2025-08-19T02:34:26","slug":"lincroyable-carte-de-loccupation-russe-dans-le-bureau-ovale-de-la-maison-blanche","status":"publish","type":"post","link":"https:\/\/www.europesays.com\/fr\/328364\/","title":{"rendered":"l\u2019incroyable carte de l\u2019occupation russe, dans le Bureau ovale de la Maison-Blanche"},"content":{"rendered":"<p>                        <a class=\"author\" href=\"https:\/\/www.parismatch.com\/auteurs\/yannick-vely\" rel=\"nofollow noopener\" target=\"_blank\">Yannick Vely<\/a><br \/>\n        18\/08\/2025 \u00e0 22:26, Mis \u00e0 jour le 18\/08\/2025 \u00e0 23:05<\/p>\n<p class=\"intro\">Ce n\u2019est pas un hasard si la photo est diffus\u00e9e par Dan Scavino, adjoint au chef de cabinet de la Maison-Blanche. On y voit Volodymyr Zelensky en pleine discussion avec Donald Trump devant une carte du territoire ukrainien et son taux d\u2019occupation par l\u2019arm\u00e9e russe.<\/p>\n<p>Ce lundi, <a href=\"https:\/\/www.parismatch.com\/actu\/international\/apres-sa-rencontre-avec-poutine-trump-accueille-zelensky-a-la-maison-blanche-255737\" rel=\"nofollow noopener\" target=\"_blank\">le pr\u00e9sident des \u00c9tats-Unis Donald Trump a accueilli le pr\u00e9sident de l\u2019Ukraine Volodymyr Zelensky \u00e0 la Maison Blanche<\/a>, avant une rencontre avec les principaux dirigeants europ\u00e9ens dont le pr\u00e9sident de la R\u00e9publique fran\u00e7aise. Apr\u00e8s la rencontre bilat\u00e9rale entre le R\u00e9publicain et le ma\u00eetre de Moscou Vladimir Poutine, en Alaska, la difficile r\u00e9solution du conflit \u00e9tait bien s\u00fbr au centre de toutes les discussions.<\/p>\n<p>Si, <a href=\"https:\/\/www.parismatch.com\/actu\/international\/a-washington-trump-et-zelensky-sechangent-des-amabilites-255744\" rel=\"nofollow noopener\" target=\"_blank\">comme le raconte notre correspondant \u00e0 Washington Olivier O\u2019Mahony<\/a>, l\u2019ambiance entre les deux hommes \u00e9tait \u00e0 la d\u00e9tente, avec\u00a0un entretien tr\u00e8s contr\u00f4l\u00e9 qui n\u2019a dur\u00e9 que 25 minutes, nul doute que la carte expos\u00e9e au sein m\u00eame du Bureau ovale fera grincer quelques dents. On y voit une carte de l\u2019Ukraine, avec les diff\u00e9rentes zones occup\u00e9es aujourd\u2019hui par l\u2019arm\u00e9e russe\u00a0: Louhansk, 99\u00a0%, Donetsk 76\u00a0%, Zaporijia 73\u00a0%, Kherson 73\u00a0%\u2026 et la Crim\u00e9e. Les \u00c9tats-Unis semblent acter la domination territoriale de l\u2019arm\u00e9e russe. Le clich\u00e9, en noir et blanc, a \u00e9t\u00e9 post\u00e9 par le chef de cabinet adjoint de Donald Trump, Dan Scavino.<\/p>\n<p>    La suite apr\u00e8s cette publicit\u00e9<\/p>\n<p>\u00ab\u00a0Merci pour la carte\u00a0\u00bb dit Zelensky<\/p>\n<p>\u00ab\u00a0Merci pour la carte, au fait, a plaisant\u00e9 Zelensky. Je me demande comment la r\u00e9cup\u00e9rer.\u00a0\u00bb \u00ab\u00a0Nous vous en procurerons une\u00a0\u00bb, a r\u00e9pliqu\u00e9 Trump avec un l\u00e9ger rictus.<\/p>\n<p>    La suite apr\u00e8s cette publicit\u00e9<\/p>\n<p>Pas de couvre-feu<\/p>\n<p>Le milliardaire r\u00e9publicain, tr\u00e8s vague sur ce qu\u2019il attend de Moscou, a dit publiquement ce qu\u2019il voulait de Kiev\u00a0: renoncer \u00e0 la Crim\u00e9e occup\u00e9e par la Russie depuis 2014 ainsi qu\u2019\u00e0 une adh\u00e9sion \u00e0 l\u2019Otan.<\/p>\n<p>Un responsable au courant d\u2019\u00e9changes t\u00e9l\u00e9phoniques samedi entre le pr\u00e9sident am\u00e9ricain et des dirigeants europ\u00e9ens a affirm\u00e9 \u00e0 l\u2019AFP que Donald Trump soutenait par ailleurs une proposition russe selon laquelle Kiev c\u00e9derait les r\u00e9gions de Donetsk et Louhansk (est), et le front serait gel\u00e9 dans celles de Kherson et Zaporijjia (sud).<\/p>\n<p>    La suite apr\u00e8s cette publicit\u00e9<\/p>\n<p>    La suite apr\u00e8s cette publicit\u00e9<\/p>\n<p>Lundi, les combats ont continu\u00e9 en Ukraine, avec des tirs de drones et de missiles.<\/p>\n","protected":false},"excerpt":{"rendered":"Yannick Vely 18\/08\/2025 \u00e0 22:26, Mis \u00e0 jour le 18\/08\/2025 \u00e0 23:05 Ce n\u2019est pas un hasard si&hellip;\n","protected":false},"author":2,"featured_media":328365,"comment_status":"","ping_status":"","sticky":false,"template":"","format":"standard","meta":{"footnotes":""},"categories":[1591],"tags":[11,1887,12,1885,1886,132],"class_list":{"0":"post-328364","1":"post","2":"type-post","3":"status-publish","4":"format-standard","5":"has-post-thumbnail","7":"category-russie","8":"tag-actualites","9":"tag-federation-de-russie","10":"tag-news","11":"tag-russia","12":"tag-russian-federation","13":"tag-russie"},"share_on_mastodon":{"url":"https:\/\/pubeurope.com\/@fr\/115053098629272720","error":""},"_links":{"self":[{"href":"https:\/\/www.europesays.com\/fr\/wp-json\/wp\/v2\/posts\/328364","targetHints":{"allow":["GET"]}}],"collection":[{"href":"https:\/\/www.europesays.com\/fr\/wp-json\/wp\/v2\/posts"}],"about":[{"href":"https:\/\/www.europesays.com\/fr\/wp-json\/wp\/v2\/types\/post"}],"author":[{"embeddable":true,"href":"https:\/\/www.europesays.com\/fr\/wp-json\/wp\/v2\/users\/2"}],"replies":[{"embeddable":true,"href":"https:\/\/www.europesays.com\/fr\/wp-json\/wp\/v2\/comments?post=328364"}],"version-history":[{"count":0,"href":"https:\/\/www.europesays.com\/fr\/wp-json\/wp\/v2\/posts\/328364\/revisions"}],"wp:featuredmedia":[{"embeddable":true,"href":"https:\/\/www.europesays.com\/fr\/wp-json\/wp\/v2\/media\/328365"}],"wp:attachment":[{"href":"https:\/\/www.europesays.com\/fr\/wp-json\/wp\/v2\/media?parent=328364"}],"wp:term":[{"taxonomy":"category","embeddable":true,"href":"https:\/\/www.europesays.com\/fr\/wp-json\/wp\/v2\/categories?post=328364"},{"taxonomy":"post_tag","embeddable":true,"href":"https:\/\/www.europesays.com\/fr\/wp-json\/wp\/v2\/tags?post=328364"}],"curies":[{"name":"wp","href":"https:\/\/api.w.org\/{rel}","templated":true}]}}