{"id":32837,"date":"2025-04-18T01:19:08","date_gmt":"2025-04-18T01:19:08","guid":{"rendered":"https:\/\/www.europesays.com\/fr\/32837\/"},"modified":"2025-04-18T01:19:08","modified_gmt":"2025-04-18T01:19:08","slug":"previsions-du-vendredi-18-avril-2025","status":"publish","type":"post","link":"https:\/\/www.europesays.com\/fr\/32837\/","title":{"rendered":"pr\u00e9visions du vendredi 18 avril 2025"},"content":{"rendered":"<p>La m\u00e9t\u00e9o de Strasbourg va progressivement se couvrir au cours de la journ\u00e9e du fait de l&rsquo;arriv\u00e9e de nuages. Il faudra pr\u00e9voir des perturbations, les Strasbourgeois se retrouveront sous des pluies \u00e9parses. Les maximales pourront atteindre 9\u00b0C tandis que les minimales seront de 4\u00b0C. Durant la matin\u00e9e, le brouillard va s&rsquo;installer \u00e0 cause de l&rsquo;humidit\u00e9. Les valeurs afficheront entre 5\u00b0C et 7\u00b0C. Un vent de sud-ouest soufflera un peu, avec 10 km\/h. Les temp\u00e9ratures seront de 8\u00b0C au plus bas et de 9\u00b0C au maximum l&rsquo;apr\u00e8s-midi. Des \u00e9claircies sont attendues : on passera une soir\u00e9e agr\u00e9able. Les valeurs s&rsquo;\u00e9chelonneront de 5 \u00e0 8\u00b0C. Une nuit claire vous attendra entre vendredi et samedi.<\/p>\n<p>Pour Strasbourg, une m\u00e9t\u00e9o plus chaude est pr\u00e9vue demain puisque le mercure va conna\u00eetre une hausse. Il va faire 10\u00b0C en moyenne. Un l\u00e9ger vent de nord-est sera ressenti par les habitants. Le temps va peu \u00e0 peu s&rsquo;am\u00e9liorer dans la matin\u00e9e et laisser place \u00e0 des \u00e9claircies. Les temp\u00e9ratures seront comprises entre 5 et 13\u00b0C. Le soleil sera dominant, la garantie d&rsquo;un magnifique apr\u00e8s-midi ! Les temp\u00e9ratures vont grimper de plusieurs degr\u00e9s. Les valeurs s&rsquo;\u00e9chelonneront entre 15 et 17\u00b0C. Demain soir, les temp\u00e9ratures afficheront entre 11 et 14\u00b0C.<\/p>\n<p>La m\u00e9t\u00e9o des journ\u00e9es suivantes va \u00e9voluer peu \u00e0 peu. Apr\u00e8s un temps similaire dimanche, la situation changera lundi.<\/p>\n<p><\/p>\n","protected":false},"excerpt":{"rendered":"La m\u00e9t\u00e9o de Strasbourg va progressivement se couvrir au cours de la journ\u00e9e du fait de l&rsquo;arriv\u00e9e de&hellip;\n","protected":false},"author":2,"featured_media":32838,"comment_status":"","ping_status":"","sticky":false,"template":"","format":"standard","meta":{"footnotes":""},"categories":[2820],"tags":[1111,11,2389,2649,1777,674,1011,27,775,12,2119,25,640],"class_list":{"0":"post-32837","1":"post","2":"type-post","3":"status-publish","4":"format-standard","5":"has-post-thumbnail","7":"category-strasbourg","8":"tag-actu","9":"tag-actualites","10":"tag-alsace","11":"tag-bas-rhin","12":"tag-eu","13":"tag-europe","14":"tag-fr","15":"tag-france","16":"tag-grand-est","17":"tag-news","18":"tag-previsions-meteo","19":"tag-republique-francaise","20":"tag-strasbourg"},"share_on_mastodon":{"url":"https:\/\/pubeurope.com\/@fr\/114356339654944137","error":""},"_links":{"self":[{"href":"https:\/\/www.europesays.com\/fr\/wp-json\/wp\/v2\/posts\/32837","targetHints":{"allow":["GET"]}}],"collection":[{"href":"https:\/\/www.europesays.com\/fr\/wp-json\/wp\/v2\/posts"}],"about":[{"href":"https:\/\/www.europesays.com\/fr\/wp-json\/wp\/v2\/types\/post"}],"author":[{"embeddable":true,"href":"https:\/\/www.europesays.com\/fr\/wp-json\/wp\/v2\/users\/2"}],"replies":[{"embeddable":true,"href":"https:\/\/www.europesays.com\/fr\/wp-json\/wp\/v2\/comments?post=32837"}],"version-history":[{"count":0,"href":"https:\/\/www.europesays.com\/fr\/wp-json\/wp\/v2\/posts\/32837\/revisions"}],"wp:featuredmedia":[{"embeddable":true,"href":"https:\/\/www.europesays.com\/fr\/wp-json\/wp\/v2\/media\/32838"}],"wp:attachment":[{"href":"https:\/\/www.europesays.com\/fr\/wp-json\/wp\/v2\/media?parent=32837"}],"wp:term":[{"taxonomy":"category","embeddable":true,"href":"https:\/\/www.europesays.com\/fr\/wp-json\/wp\/v2\/categories?post=32837"},{"taxonomy":"post_tag","embeddable":true,"href":"https:\/\/www.europesays.com\/fr\/wp-json\/wp\/v2\/tags?post=32837"}],"curies":[{"name":"wp","href":"https:\/\/api.w.org\/{rel}","templated":true}]}}