{"id":328376,"date":"2025-08-19T02:41:12","date_gmt":"2025-08-19T02:41:12","guid":{"rendered":"https:\/\/www.europesays.com\/fr\/328376\/"},"modified":"2025-08-19T02:41:12","modified_gmt":"2025-08-19T02:41:12","slug":"ce-qui-avance-et-ce-qui-bloque-apres-une-journee-marathon","status":"publish","type":"post","link":"https:\/\/www.europesays.com\/fr\/328376\/","title":{"rendered":"ce qui avance\u2026 et ce qui bloque apr\u00e8s une journ\u00e9e marathon"},"content":{"rendered":"<p class=\"mb-4 text-lg md:leading-8 break-words\">Cette fois, il n&rsquo;y a pas eu de traquenard. Cinq mois et demi apr\u00e8s <a class=\"link \" href=\"https:\/\/www.lepoint.fr\/monde\/zelensky-humilie-par-trump-l-europe-avertie-28-02-2025-2583579_24.php\" rel=\"nofollow noopener\" target=\"_blank\" data-ylk=\"slk:avoir \u00e9t\u00e9 humili\u00e9 par Donald Trump;elm:context_link;itc:0;sec:content-canvas\">avoir \u00e9t\u00e9 humili\u00e9 par Donald Trump<\/a> et J.D. Vance dans le Bureau ovale, Volodymyr Zelensky a retenu la le\u00e7on\u00a0: ce lundi 18\u00a0ao\u00fbt, il est venu \u00e0 Washington en costume et chemise, tout de noir v\u00eatu, et a commenc\u00e9 par remercier son h\u00f4te pour ses \u00ab\u00a0efforts personnels\u00a0\u00bb pour stopper la guerre, avant de rendre hommage \u00e0 Melania Trump pour sa lettre de paix adress\u00e9e \u00e0 Poutine.<\/p>\n<p class=\"mb-4 text-lg md:leading-8 break-words\">Zelensky is a genius. He started his 1v1 meeting with Trump by thanking Melania Trump for sending Putin a letter asking for Ukraine&rsquo;s children to be returned. Zelensky then gave trump a letter for his wife from the First Lady of Ukraine.<\/p>\n<p>Trump was pretty mild after that. <a href=\"https:\/\/t.co\/3qRmt2PlX1\" rel=\"nofollow noopener\" target=\"_blank\" data-ylk=\"slk:pic.twitter.com\/3qRmt2PlX1;elm:context_link;itc:0;sec:content-canvas\" class=\"link \">pic.twitter.com\/3qRmt2PlX1<\/a><\/p>\n<p class=\"mb-4 text-lg md:leading-8 break-words\">\u2014 Jake Broe (@RealJakeBroe) <a href=\"https:\/\/twitter.com\/RealJakeBroe\/status\/1957504996309889293?ref_src=twsrc%5Etfw\" rel=\"nofollow noopener\" target=\"_blank\" data-ylk=\"slk:August 18, 2025;elm:context_link;itc:0;sec:content-canvas\" class=\"link \">August 18, 2025<\/a><\/p>\n<p class=\"mb-4 text-lg md:leading-8 break-words\">Pour cette rencontre critique, trois jours apr\u00e8s <a class=\"link \" href=\"https:\/\/www.lepoint.fr\/monde\/ce-que-l-echec-du-sommet-en-alaska-revele-vraiment-des-intentions-de-poutine-17-08-2025-2596457_24.php\" rel=\"nofollow noopener\" target=\"_blank\" data-ylk=\"slk:le sommet d&#039;Anchorage;elm:context_link;itc:0;sec:content-canvas\">le sommet d&rsquo;Anchorage<\/a> entre Donald Trump et Vladimir Poutine, le pr\u00e9sident ukrainien a re\u00e7u des renforts de poids\u00a0: <a class=\"link \" href=\"https:\/\/www.lepoint.fr\/monde\/concessions-territoriales-et-garanties-securitaires-les-points-chauds-du-sommet-usa-ukraine-ue-17-08-2025-2596486_24.php\" rel=\"nofollow noopener\" target=\"_blank\" data-ylk=\"slk:sept leaders europ\u00e9ens;elm:context_link;itc:0;sec:content-canvas\">sept leaders europ\u00e9ens<\/a>, venus l&rsquo;\u00e9pauler dans les n\u00e9gociations. Mark Rutte, le secr\u00e9taire g\u00e9n\u00e9ral de l&rsquo;Otan, est arriv\u00e9 le premier \u00e0 la Maison-Blanche, devan\u00e7ant la pr\u00e9sidente de la Commission europ\u00e9enne, Ursula von der Leyen. Ont suivi\u00a0: Keir Starmer (Royaume-Uni), Giorgia Meloni (Italie), Alexander Stubb (Finlande) et Friedrich Merz (Allemagne). Emmanuel Macron est arriv\u00e9 le dernier.<\/p>\n<p class=\"mb-4 text-lg md:leading-8 break-words\">\u00c0 LIRE AUSSI <strong class=\"strong\"><a href=\"https:\/\/www.lepoint.fr\/monde\/la-prochaine-fois-a-moscou-la-russie-jubile-sans-rien-ceder-16-08-2025-2596448_24.php\" rel=\"nofollow noopener\" target=\"_blank\" data-ylk=\"slk:\u00ab\u00a0La prochaine fois \u00e0 Moscou\u00a0\u00bb\u00a0: la Russie jubile, sans rien c\u00e9der;elm:context_link;itc:0;sec:content-canvas\" class=\"link \">\u00ab\u00a0La prochaine fois \u00e0 Moscou\u00a0\u00bb\u00a0: la Russie jubile, sans rien c\u00e9der<\/a><\/strong>Apr\u00e8s son t\u00eate-\u00e0-t\u00eate\u00a0puis une grande photo de famille, Volody [&#8230;] <a href=\"https:\/\/www.lepoint.fr\/monde\/sommet-trump-zelensky-ue-ce-qui-avance-et-ce-qui-bloque-18-08-2025-2596574_24.php\" rel=\"nofollow noopener\" target=\"_blank\" data-ylk=\"slk:Lire la suite;elm:context_link;itc:0;sec:content-canvas\" class=\"link \">Lire la suite<\/a><\/p>\n<p><script async src=\"https:\/\/platform.twitter.com\/widgets.js\" charset=\"utf-8\"><\/script><\/p>\n","protected":false},"excerpt":{"rendered":"Cette fois, il n&rsquo;y a pas eu de traquenard. Cinq mois et demi apr\u00e8s avoir \u00e9t\u00e9 humili\u00e9 par&hellip;\n","protected":false},"author":2,"featured_media":328377,"comment_status":"","ping_status":"","sticky":false,"template":"","format":"standard","meta":{"footnotes":""},"categories":[1586],"tags":[11,75,1777,674,1779,1011,27,21831,12,36728,25,2289,1778,364,134],"class_list":{"0":"post-328376","1":"post","2":"type-post","3":"status-publish","4":"format-standard","5":"has-post-thumbnail","7":"category-europe","8":"tag-actualites","9":"tag-donald-trump","10":"tag-eu","11":"tag-europe","12":"tag-european-union","13":"tag-fr","14":"tag-france","15":"tag-melania-trump","16":"tag-news","17":"tag-putin","18":"tag-republique-francaise","19":"tag-secretaire-general-de-lotan","20":"tag-ue","21":"tag-union-europeenne","22":"tag-volodymyr-zelensky"},"share_on_mastodon":{"url":"https:\/\/pubeurope.com\/@fr\/115053126213823581","error":""},"_links":{"self":[{"href":"https:\/\/www.europesays.com\/fr\/wp-json\/wp\/v2\/posts\/328376","targetHints":{"allow":["GET"]}}],"collection":[{"href":"https:\/\/www.europesays.com\/fr\/wp-json\/wp\/v2\/posts"}],"about":[{"href":"https:\/\/www.europesays.com\/fr\/wp-json\/wp\/v2\/types\/post"}],"author":[{"embeddable":true,"href":"https:\/\/www.europesays.com\/fr\/wp-json\/wp\/v2\/users\/2"}],"replies":[{"embeddable":true,"href":"https:\/\/www.europesays.com\/fr\/wp-json\/wp\/v2\/comments?post=328376"}],"version-history":[{"count":0,"href":"https:\/\/www.europesays.com\/fr\/wp-json\/wp\/v2\/posts\/328376\/revisions"}],"wp:featuredmedia":[{"embeddable":true,"href":"https:\/\/www.europesays.com\/fr\/wp-json\/wp\/v2\/media\/328377"}],"wp:attachment":[{"href":"https:\/\/www.europesays.com\/fr\/wp-json\/wp\/v2\/media?parent=328376"}],"wp:term":[{"taxonomy":"category","embeddable":true,"href":"https:\/\/www.europesays.com\/fr\/wp-json\/wp\/v2\/categories?post=328376"},{"taxonomy":"post_tag","embeddable":true,"href":"https:\/\/www.europesays.com\/fr\/wp-json\/wp\/v2\/tags?post=328376"}],"curies":[{"name":"wp","href":"https:\/\/api.w.org\/{rel}","templated":true}]}}