{"id":328383,"date":"2025-08-19T02:50:30","date_gmt":"2025-08-19T02:50:30","guid":{"rendered":"https:\/\/www.europesays.com\/fr\/328383\/"},"modified":"2025-08-19T02:50:30","modified_gmt":"2025-08-19T02:50:30","slug":"les-rugbywomen-ariegeoises-des-rambailleuses-de-retour-a-lentrainement-apres-leur-saison-historique","status":"publish","type":"post","link":"https:\/\/www.europesays.com\/fr\/328383\/","title":{"rendered":"Les rugbywomen ari\u00e9geoises des Rambailleuses de retour \u00e0 l\u2019entra\u00eenement apr\u00e8s leur saison historique"},"content":{"rendered":"<p>\n                                                                    l&rsquo;essentiel<br \/>\n                                                                Apr\u00e8s une saison historique, les Rambailleuses repartent avec de nouvelles \u00e9quipes, des partenariats \u00e9largis et pr\u00e8s de 100 joueuses mobilis\u00e9es dans tout l\u2019Ari\u00e8ge pour porter haut les couleurs du rugby f\u00e9minin.\n                            <\/p>\n<p>Ce mardi 19\u00a0ao\u00fbt sonne la reprise des Rambailleuses nouvelle version. Une formation en constante \u00e9volution, apr\u00e8s une saison 2024-2025 r\u00e9ussie avec au palmar\u00e8s le premier bouclier de championnes de terroir ari\u00e9geois. Les ambitions des joueuses de l\u2019entente originelle B\u00e9lesta\/ Haut Salat sont mont\u00e9es d\u2019un cran. La zone d\u2019influence sur le d\u00e9partement fait tache d\u2019huile. Ce qui a amen\u00e9 les dirigeants \u00e0 solliciter d\u2019autres clubs pour r\u00e9pondre aux demandes du territoire et parfaire l\u2019organisation des entra\u00eenements. Le renfort de ces clubs permet de trouver les compl\u00e9ments budg\u00e9taires indispensables \u00e0 la bonne marche de la saison, sans oublier l\u2019apport de dirigeants b\u00e9n\u00e9fiques au bien-\u00eatre des \u00e9quipes. Les clubs qui viennent grossir l\u2019impact territorial en appui avec les conseils avis\u00e9s du comit\u00e9 d\u00e9partemental ari\u00e9geois sont le COC de Castillon et l\u2019AS Barguill\u00e8re bas\u00e9e \u00e0 Saint-Pierre de Rivi\u00e8re et Brassac. Au total, ce sont pratiquement 100 joueuses qui disposeront des infrastructures adapt\u00e9es \u00e0 leur d\u00e9sir de rugby.<\/p>\n<p>Un effectif renforc\u00e9<\/p>\n<p>Les Rambailleuses nouvelle mouture\u00a0: une \u00e9quipe minimettes aliment\u00e9e par le partenariat des \u00e9coles de rugby du Couserans et du Pays de Foix (F13 \u2013 F15 ans), une \u00e9quipe cadettes \u00e0 XV (F16 \u2013 F18 ans), une \u00e9quipe s\u00e9niors en F\u00e9d\u00e9rale 2 \u00e0 XV (F18 ans et plus). Pour toutes celles qui veulent rejoindre le rassemblement des Rambailleuses, les entra\u00eenements des cadettes auront lieu le mardi \u00e0 Saint-Girons ou Foix (de 19\u00a0heures \u00e0 20h30) et le vendredi \u00e0 Montgaillard (de 19\u00a0heures \u00e0 20h30). Les entra\u00eenements seniors se d\u00e9rouleront le mardi \u00e0 Saint-Girons ou Foix (de19h30 \u00e0 21\u00a0heures), le vendredi \u00e0 Saint-Pierre de Rivi\u00e8re ou Oust (de 19h30 \u00e0 21\u00a0heures).<\/p>\n<p><strong>Agenda\u00a0:<\/strong> Rencontre face au SC appam\u00e9en, \u00e0 Saint-Pierre-de-Rivi\u00e8re, en soir\u00e9e. 13\u00a0septembre\u00a0: journ\u00e9e coh\u00e9sion \u00e0 Castillon. 20\u00a0septembre\u00a0: match amical pour les seniors contre le Pays Sud Toulousain, \u00e0 Carbonne. Reprise du championnat dimanche 28\u00a0septembre.<\/p>\n","protected":false},"excerpt":{"rendered":"l&rsquo;essentiel Apr\u00e8s une saison historique, les Rambailleuses repartent avec de nouvelles \u00e9quipes, des partenariats \u00e9largis et pr\u00e8s de&hellip;\n","protected":false},"author":2,"featured_media":328384,"comment_status":"","ping_status":"","sticky":false,"template":"","format":"standard","meta":{"footnotes":""},"categories":[1416],"tags":[1011,27,479,1468,60],"class_list":{"0":"post-328383","1":"post","2":"type-post","3":"status-publish","4":"format-standard","5":"has-post-thumbnail","7":"category-rugby","8":"tag-fr","9":"tag-france","10":"tag-rugby","11":"tag-rugby-football","12":"tag-sports"},"share_on_mastodon":{"url":"https:\/\/pubeurope.com\/@fr\/115053161543008932","error":""},"_links":{"self":[{"href":"https:\/\/www.europesays.com\/fr\/wp-json\/wp\/v2\/posts\/328383","targetHints":{"allow":["GET"]}}],"collection":[{"href":"https:\/\/www.europesays.com\/fr\/wp-json\/wp\/v2\/posts"}],"about":[{"href":"https:\/\/www.europesays.com\/fr\/wp-json\/wp\/v2\/types\/post"}],"author":[{"embeddable":true,"href":"https:\/\/www.europesays.com\/fr\/wp-json\/wp\/v2\/users\/2"}],"replies":[{"embeddable":true,"href":"https:\/\/www.europesays.com\/fr\/wp-json\/wp\/v2\/comments?post=328383"}],"version-history":[{"count":0,"href":"https:\/\/www.europesays.com\/fr\/wp-json\/wp\/v2\/posts\/328383\/revisions"}],"wp:featuredmedia":[{"embeddable":true,"href":"https:\/\/www.europesays.com\/fr\/wp-json\/wp\/v2\/media\/328384"}],"wp:attachment":[{"href":"https:\/\/www.europesays.com\/fr\/wp-json\/wp\/v2\/media?parent=328383"}],"wp:term":[{"taxonomy":"category","embeddable":true,"href":"https:\/\/www.europesays.com\/fr\/wp-json\/wp\/v2\/categories?post=328383"},{"taxonomy":"post_tag","embeddable":true,"href":"https:\/\/www.europesays.com\/fr\/wp-json\/wp\/v2\/tags?post=328383"}],"curies":[{"name":"wp","href":"https:\/\/api.w.org\/{rel}","templated":true}]}}