{"id":328389,"date":"2025-08-19T02:58:02","date_gmt":"2025-08-19T02:58:02","guid":{"rendered":"https:\/\/www.europesays.com\/fr\/328389\/"},"modified":"2025-08-19T02:58:02","modified_gmt":"2025-08-19T02:58:02","slug":"sepang-admet-avoir-rate-la-f1-et-veut-garder-motogp","status":"publish","type":"post","link":"https:\/\/www.europesays.com\/fr\/328389\/","title":{"rendered":"Sepang admet avoir rat\u00e9 la F1 et veut garder MotoGP"},"content":{"rendered":"<p>\nLe circuit de Sepang, longtemps appr\u00e9ci\u00e9 des pilotes de Formule 1, n\u2019accueille plus le Grand Prix de Malaisie depuis 2017. Absent du championnat depuis sa 19e \u00e9dition, ce trac\u00e9 embl\u00e9matique a disparu bien avant la crise sanitaire, laissant planer le doute sur un \u00e9ventuel retour. Si certaines rumeurs ont laiss\u00e9 entrevoir une possible r\u00e9apparition de la F1 en Malaisie, la r\u00e9alit\u00e9 semble plus complexe. Sepang reconna\u00eet aujourd\u2019hui avoir sous-estim\u00e9 l\u2019importance de la Formule 1 et esp\u00e8re consolider sa place dans le championnat MotoGP, o\u00f9 il continue d\u2019accueillir des courses de renom.<\/p>\n","protected":false},"excerpt":{"rendered":"Le circuit de Sepang, longtemps appr\u00e9ci\u00e9 des pilotes de Formule 1, n\u2019accueille plus le Grand Prix de Malaisie&hellip;\n","protected":false},"author":2,"featured_media":328390,"comment_status":"","ping_status":"","sticky":false,"template":"","format":"standard","meta":{"footnotes":""},"categories":[1412],"tags":[1451,1452,1453,1454,1455,1011,27,60],"class_list":{"0":"post-328389","1":"post","2":"type-post","3":"status-publish","4":"format-standard","5":"has-post-thumbnail","7":"category-f1","8":"tag-f1","9":"tag-formula-1","10":"tag-formula1","11":"tag-formule-1","12":"tag-formule1","13":"tag-fr","14":"tag-france","15":"tag-sports"},"share_on_mastodon":{"url":"","error":""},"_links":{"self":[{"href":"https:\/\/www.europesays.com\/fr\/wp-json\/wp\/v2\/posts\/328389","targetHints":{"allow":["GET"]}}],"collection":[{"href":"https:\/\/www.europesays.com\/fr\/wp-json\/wp\/v2\/posts"}],"about":[{"href":"https:\/\/www.europesays.com\/fr\/wp-json\/wp\/v2\/types\/post"}],"author":[{"embeddable":true,"href":"https:\/\/www.europesays.com\/fr\/wp-json\/wp\/v2\/users\/2"}],"replies":[{"embeddable":true,"href":"https:\/\/www.europesays.com\/fr\/wp-json\/wp\/v2\/comments?post=328389"}],"version-history":[{"count":0,"href":"https:\/\/www.europesays.com\/fr\/wp-json\/wp\/v2\/posts\/328389\/revisions"}],"wp:featuredmedia":[{"embeddable":true,"href":"https:\/\/www.europesays.com\/fr\/wp-json\/wp\/v2\/media\/328390"}],"wp:attachment":[{"href":"https:\/\/www.europesays.com\/fr\/wp-json\/wp\/v2\/media?parent=328389"}],"wp:term":[{"taxonomy":"category","embeddable":true,"href":"https:\/\/www.europesays.com\/fr\/wp-json\/wp\/v2\/categories?post=328389"},{"taxonomy":"post_tag","embeddable":true,"href":"https:\/\/www.europesays.com\/fr\/wp-json\/wp\/v2\/tags?post=328389"}],"curies":[{"name":"wp","href":"https:\/\/api.w.org\/{rel}","templated":true}]}}